{"id":7931,"date":"2018-09-25T20:04:52","date_gmt":"2018-09-25T18:04:52","guid":{"rendered":"http:\/\/www.tv2000.it\/ildiariodipapafrancesco\/?p=7931"},"modified":"2019-11-19T16:24:25","modified_gmt":"2019-11-19T15:24:25","slug":"viaggio-apostolico-del-papa-nelle-repubbliche-baltiche-4-giorno-estonia-25-09-2018","status":"publish","type":"post","link":"https:\/\/www.tv2000.it\/ildiariodipapafrancesco\/2018\/09\/25\/viaggio-apostolico-del-papa-nelle-repubbliche-baltiche-4-giorno-estonia-25-09-2018\/","title":{"rendered":"VIAGGIO APOSTOLICO DEL PAPA NELLE REPUBBLICHE BALTICHE: 4\u00b0 giorno ESTONIA 25\/09\/2018"},"content":{"rendered":"<p>Quarto giorno di Papa Francesco nelle Repubbliche Baltiche e ultima tappa del viaggio apostolico in Estonia. Arrivato a Tallinn, Papa Francesco incontra il presidente estone Kersti Kaljulaid nel Palazzo Presidenziale.<\/p>\n<p>Nell\u2019<strong><a href=\"http:\/\/w2.vatican.va\/content\/francesco\/it\/speeches\/2018\/september\/documents\/papa-francesco_20180925_autorita-tallinn-estonia.html\">incontro\u00a0<\/a><\/strong>con le Autorit\u00e0 civili, la Societ\u00e0 civile e il Corpo Diplomatico nel Giardino delle Rose del Palazzo Presidenziale, Francesco ricorda la capacit\u00e0 di resilienza del popolo estone che gli ha permesso di superare momenti \u201cdi sofferenza e tribolazioni\u201d, per lottare per la libert\u00e0 e l\u2019indipendenza. Ricorda poi che da secoli questa terra \u00e8 denominata Maarjamaa, \u201cTerra di Maria\u201d, e anche \u201cTerra di memoria\u201d e \u201cTerra di fecondit\u00e0\u201d.<\/p>\n<p>A seguire nella Chiesa luterana di San Carlo, il Papa ascoltato le testimonianze dei giovani presenti all\u2019<a href=\"http:\/\/w2.vatican.va\/content\/francesco\/it\/speeches\/2018\/september\/documents\/papa-francesco_20180925_giovani-tallinn-estonia.html\"><strong>incontro ecumenico<\/strong><\/a> che hanno trovato la fede dopo esperienze di vuoto e difficolt\u00e0. A loro risponde chiedendo di identificarsi nel Vangelo come nelle narrazioni di Matteo: \u201cVenite a me, voi tutti che siete stanchi e oppressi, io vi dar\u00f2 ristoro\u201d.<\/p>\n<p>In studio Gennaro Ferrara segue gli eventi pubblici con il commento di Diter Kampen, pastore evangelico, Andrea Pipino, giornalista d\u2019Internazionale, \u00dclle Toode, Direttore Centro Studi Sull&#8217;Estonia e il Baltico e il Prof. Vincenzo Buonomo, Rettore Pontificia Universit\u00e0 Lateranense.<\/p>\n<div class=\"fluid-embed-container\"><iframe title=\"VIAGGIO APOSTOLICO DEL PAPA NELLE REPUBBLICHE BALTICHE: 4\u00b0 giorno ESTONIA 25\/09\/2018 (Mattina 1)\" width=\"640\" height=\"360\" src=\"https:\/\/www.youtube.com\/embed\/RETp1NjtYAA?feature=oembed\" frameborder=\"0\" allow=\"accelerometer; autoplay; clipboard-write; encrypted-media; gyroscope; picture-in-picture; web-share\" referrerpolicy=\"strict-origin-when-cross-origin\" allowfullscreen><\/iframe><\/div>\n<p>&nbsp;<\/p>\n<div class=\"fluid-embed-container\"><iframe title=\"VIAGGIO APOSTOLICO DEL PAPA NELLE REPUBBLICHE BALTICHE: 4\u00b0 giorno ESTONIA 25\/09\/2018 (Mattina 2)\" width=\"640\" height=\"360\" src=\"https:\/\/www.youtube.com\/embed\/eZIbdkTn0cA?feature=oembed\" frameborder=\"0\" allow=\"accelerometer; autoplay; clipboard-write; encrypted-media; gyroscope; picture-in-picture; web-share\" referrerpolicy=\"strict-origin-when-cross-origin\" allowfullscreen><\/iframe><\/div>\n<p>&nbsp;<\/p>\n<p>&nbsp;<\/p>\n<p><strong>IN EVIDENZA<\/strong><br \/>\nVisita di cortesia al Presidente<\/p>\n<div class=\"fluid-embed-container\"><iframe title=\"Il messaggio di Papa Francesco sul libro d\u2019onore nel palazzo presidenziale di Tallinn in Estonia\" width=\"640\" height=\"360\" src=\"https:\/\/www.youtube.com\/embed\/lEF8aqjKtV8?feature=oembed\" frameborder=\"0\" allow=\"accelerometer; autoplay; clipboard-write; encrypted-media; gyroscope; picture-in-picture; web-share\" referrerpolicy=\"strict-origin-when-cross-origin\" allowfullscreen><\/iframe><\/div>\n<p>&nbsp;<\/p>\n<p>Incontro con le Autorit\u00e0 Civili, la Societ\u00e0 Civile e il Corpo Diplomatico<\/p>\n<div class=\"fluid-embed-container\"><iframe title=\"Papa Francesco: \u201cEstonia terra di memoria e di fecondit\u00e0&quot;\" width=\"640\" height=\"360\" src=\"https:\/\/www.youtube.com\/embed\/CmCeN1Yphw8?feature=oembed\" frameborder=\"0\" allow=\"accelerometer; autoplay; clipboard-write; encrypted-media; gyroscope; picture-in-picture; web-share\" referrerpolicy=\"strict-origin-when-cross-origin\" allowfullscreen><\/iframe><\/div>\n<p>&nbsp;<\/p>\n<p>Il programma della giornata del Papa a Tallinn prosegue con l\u2019<a href=\"http:\/\/w2.vatican.va\/content\/francesco\/it\/speeches\/2018\/september\/documents\/papa-francesco_20180925_assistiti-tallinn-estonia.html\"><strong>Incontro\u00a0<\/strong><\/a>con gli Assistiti delle Opere di Carit\u00e0 della Chiesa nella Cattedrale dei Santi Pietro e Paolo. Dopo il saluto e la testimonianza di due assistiti del Centro, il Papa sottolinea come l\u2019amore rompe le catene dell\u2019isolamento e della separazione, come la fede missionaria aiuta a creare legami.<\/p>\n<p>A seguire, nella Piazza della Libert\u00e0, il Papa celebra la Santa Messa. Nell\u2019<a href=\"http:\/\/w2.vatican.va\/content\/francesco\/it\/homilies\/2018\/documents\/papa-francesco_20180925_omelia-estonia-tallin.html\"><strong>Omelia<\/strong><\/a>, si rivolge al popolo estone invitandolo ad identificarsi con il popolo di Dio, soffermandosi sul significato di libert\u00e0 e santit\u00e0 vissuta giorno per giorno.<br \/>\nAl termine della Messa il Papa si reca nell\u2019Aeroporto di Tallin, e dopo una cerimonia di congedo fa ritorno in Vaticano.<br \/>\nIn studio, Gennaro Ferrara guida l\u2019approfondimento insieme agli ospiti: Luis Badilla, Direttore Il Sismografo, Antonello Folco Biagini, Professore Emerito di Storia dell&#8217;Europa orientale &#8211; Sapienza Universit\u00e0 di Roma, don Stefano Caprio, Pontificio Istituto Orientale e \u00dclle Toode, Direttore Centro Studi sull&#8217;Estonia e il Baltico.<\/p>\n<div class=\"fluid-embed-container\"><iframe title=\"VIAGGIO APOSTOLICO DEL PAPA NELLE REPUBBLICHE BALTICHE: 4\u00b0 giorno ESTONIA 25\/09\/2018 (Pomeriggio)\" width=\"640\" height=\"360\" src=\"https:\/\/www.youtube.com\/embed\/F6odToWVtrU?feature=oembed\" frameborder=\"0\" allow=\"accelerometer; autoplay; clipboard-write; encrypted-media; gyroscope; picture-in-picture; web-share\" referrerpolicy=\"strict-origin-when-cross-origin\" allowfullscreen><\/iframe><\/div>\n<p>&nbsp;<\/p>\n<p><strong>IN EVIDENZA<\/strong><\/p>\n<p><strong>Incontro con gli assistiti delle Opere di carit\u00e0 della Chiesa<\/strong><\/p>\n<div class=\"fluid-embed-container\"><iframe title=\"Il discorso di Papa Francesco agli Assistiti delle Opere di Carit\u00e0 a Tallinn\" width=\"640\" height=\"360\" src=\"https:\/\/www.youtube.com\/embed\/l0UX7tUJHm0?feature=oembed\" frameborder=\"0\" allow=\"accelerometer; autoplay; clipboard-write; encrypted-media; gyroscope; picture-in-picture; web-share\" referrerpolicy=\"strict-origin-when-cross-origin\" allowfullscreen><\/iframe><\/div>\n<p>&nbsp;<\/p>\n<p>&nbsp;<\/p>\n<p><strong>Santa Messa<\/strong><\/p>\n<div class=\"fluid-embed-container\"><iframe title=\"L\u2019omelia di Papa Francesco a Tallinn nel giorno di chiusura del viaggio nei Paesi Baltici\" width=\"640\" height=\"360\" src=\"https:\/\/www.youtube.com\/embed\/GFA3fgsertA?feature=oembed\" frameborder=\"0\" allow=\"accelerometer; autoplay; clipboard-write; encrypted-media; gyroscope; picture-in-picture; web-share\" referrerpolicy=\"strict-origin-when-cross-origin\" allowfullscreen><\/iframe><\/div>\n","protected":false},"excerpt":{"rendered":"Quarto giorno di Papa Francesco nelle Repubbliche Baltiche e ultima tappa del viaggio apostolico in Estonia. Arrivato a Tallinn, Papa Francesco incontra il presidente estone Kersti Kaljulaid nel Palazzo Presidenziale. Nell\u2019incontro\u00a0con le Autorit\u00e0 civili, la Societ\u00e0 civile e il Corpo Diplomatico nel Giardino delle Rose del Palazzo Presidenziale, Francesco ricorda la capacit\u00e0 di resilienza del [&hellip;]","protected":false},"author":6,"featured_media":7932,"comment_status":"open","ping_status":"open","sticky":false,"template":"","format":"standard","meta":{"_acf_changed":false,"footnotes":""},"categories":[131,145],"tags":[41,95],"class_list":["post-7931","post","type-post","status-publish","format-standard","has-post-thumbnail","hentry","category-puntate-dal-2017-al-2020","category-viaggi","tag-papafrancesco","tag-viaggipapa"],"acf":[],"aioseo_notices":[],"featured_image_url":"https:\/\/www.tv2000.it\/ildiariodipapafrancesco\/wp-content\/uploads\/sites\/20\/2018\/09\/papa-estonia.jpg","_links":{"self":[{"href":"https:\/\/www.tv2000.it\/ildiariodipapafrancesco\/wp-json\/wp\/v2\/posts\/7931","targetHints":{"allow":["GET"]}}],"collection":[{"href":"https:\/\/www.tv2000.it\/ildiariodipapafrancesco\/wp-json\/wp\/v2\/posts"}],"about":[{"href":"https:\/\/www.tv2000.it\/ildiariodipapafrancesco\/wp-json\/wp\/v2\/types\/post"}],"author":[{"embeddable":true,"href":"https:\/\/www.tv2000.it\/ildiariodipapafrancesco\/wp-json\/wp\/v2\/users\/6"}],"replies":[{"embeddable":true,"href":"https:\/\/www.tv2000.it\/ildiariodipapafrancesco\/wp-json\/wp\/v2\/comments?post=7931"}],"version-history":[{"count":3,"href":"https:\/\/www.tv2000.it\/ildiariodipapafrancesco\/wp-json\/wp\/v2\/posts\/7931\/revisions"}],"predecessor-version":[{"id":7941,"href":"https:\/\/www.tv2000.it\/ildiariodipapafrancesco\/wp-json\/wp\/v2\/posts\/7931\/revisions\/7941"}],"wp:featuredmedia":[{"embeddable":true,"href":"https:\/\/www.tv2000.it\/ildiariodipapafrancesco\/wp-json\/wp\/v2\/media\/7932"}],"wp:attachment":[{"href":"https:\/\/www.tv2000.it\/ildiariodipapafrancesco\/wp-json\/wp\/v2\/media?parent=7931"}],"wp:term":[{"taxonomy":"category","embeddable":true,"href":"https:\/\/www.tv2000.it\/ildiariodipapafrancesco\/wp-json\/wp\/v2\/categories?post=7931"},{"taxonomy":"post_tag","embeddable":true,"href":"https:\/\/www.tv2000.it\/ildiariodipapafrancesco\/wp-json\/wp\/v2\/tags?post=7931"}],"curies":[{"name":"wp","href":"https:\/\/api.w.org\/{rel}","templated":true}]}}