{"id":9464,"date":"2019-02-27T18:43:49","date_gmt":"2019-02-27T17:43:49","guid":{"rendered":"http:\/\/www.tv2000.it\/ildiariodipapafrancesco\/?p=9464"},"modified":"2019-02-27T18:43:49","modified_gmt":"2019-02-27T17:43:49","slug":"padre-nostro-sia-santificato-il-tuo-nome","status":"publish","type":"post","link":"https:\/\/www.tv2000.it\/ildiariodipapafrancesco\/2019\/02\/27\/padre-nostro-sia-santificato-il-tuo-nome\/","title":{"rendered":"Padre nostro, \u201cSia santificato il tuo nome\u201d"},"content":{"rendered":"<p>Prosegue l\u2019approfondimento sulla catechesi di papa Francesco sulla preghiera del \u201cPadre nostro\u201d che in questo mercoled\u00ec \u00e8 incentrata sulla prima delle 7 invocazioni contenute nella preghiera del Padre nostro, cio\u00e8 \u2018sia santificato il tuo nome\u2019. &nbsp;<\/p>\n<p>Gennaro Ferrara incontra il biblista Padre Ernesto Della Corte che ci guida&nbsp; all\u2019ascolto di alcuni passaggi dell\u2019<a href=\"https:\/\/w2.vatican.va\/content\/francesco\/it\/audiences\/2019\/documents\/papa-francesco_20190227_udienza-generale.html\" target=\"_blank\" rel=\"noopener\">Udienza Generale<\/a>.<\/p>\n<div class=\"fluid-embed-container\"><iframe title=\"Il diario di Papa Francesco, 27 febbraio 2019\" width=\"640\" height=\"360\" src=\"https:\/\/www.youtube.com\/embed\/ajlTvBH_Poo?feature=oembed\" frameborder=\"0\" allow=\"accelerometer; autoplay; clipboard-write; encrypted-media; gyroscope; picture-in-picture; web-share\" referrerpolicy=\"strict-origin-when-cross-origin\" allowfullscreen><\/iframe><\/div>\n<p><strong><em>&nbsp;<\/em><\/strong><\/p>\n<p>IN EVIDENZA<\/p>\n<p>&nbsp;<\/p>\n<p>Della Corte: \u201cRendere visibile lo stile di Dio\u201d<\/p>\n<div class=\"fluid-embed-container\"><iframe title=\"Della Corte: \u201cRendere visibile lo stile di Dio\u201d\" width=\"640\" height=\"360\" src=\"https:\/\/www.youtube.com\/embed\/bmIybdWV2h4?feature=oembed\" frameborder=\"0\" allow=\"accelerometer; autoplay; clipboard-write; encrypted-media; gyroscope; picture-in-picture; web-share\" referrerpolicy=\"strict-origin-when-cross-origin\" allowfullscreen><\/iframe><\/div>\n<p>&nbsp;<\/p>\n<p>Della Corte: \u201cGes\u00f9 entra, il male esce\u201d<\/p>\n<div class=\"fluid-embed-container\"><iframe title=\"Della Corte: \u201cGes\u00f9 entra, il male esce\u201d\" width=\"640\" height=\"360\" src=\"https:\/\/www.youtube.com\/embed\/T6WeqTjTryk?feature=oembed\" frameborder=\"0\" allow=\"accelerometer; autoplay; clipboard-write; encrypted-media; gyroscope; picture-in-picture; web-share\" referrerpolicy=\"strict-origin-when-cross-origin\" allowfullscreen><\/iframe><\/div>\n<p><strong>&nbsp;<\/strong><\/p>\n<p><strong>&nbsp;<\/strong><\/p>\n<p><strong>UDIENZA GENERALE<\/strong><\/p>\n<p><strong>Quando parliamo con Dio<\/strong><\/p>\n<p><em>Papa<\/em>: Quando parliamo con Dio, non lo facciamo per rivelare a Lui quello che abbiamo nel cuore: Lui lo conosce molto meglio di noi! Se Dio \u00e8 un mistero per noi, noi invece non siamo un enigma ai suoi occhi (cfr&nbsp;<em>Sal<\/em>&nbsp;139,1-4). \u2026<\/p>\n<p>Il primo passo della preghiera cristiana \u00e8 dunque la consegna di noi stessi a Dio, alla sua provvidenza. \u00c8 come dire: \u201cSignore, Tu sai tutto, non c\u2019\u00e8 nemmeno bisogno che ti racconti il mio dolore, ti chiedo solo che tu stia qui accanto a me: sei Tu la mia speranza\u201d. \u00c8 interessante notare che Ges\u00f9, nel discorso della montagna, subito dopo aver trasmesso il testo del \u201cPadre nostro\u201d, ci esorta a non preoccuparci e non affannarci per le cose. Sembra una contraddizione: prima ci insegna a chiedere il pane quotidiano e poi ci dice: \u00abNon preoccupatevi dunque dicendo: che cosa mangeremo? Che cosa berremo? Che cosa indosseremo?\u00bb (<em>Mt<\/em>&nbsp;6,31). Ma la contraddizione \u00e8 solo apparente: le domande del cristiano esprimono la confidenza nel Padre; ed \u00e8 proprio questa fiducia che ci fa chiedere ci\u00f2 di cui abbiamo bisogno senza affanno e agitazione.<\/p>\n<div class=\"fluid-embed-container\"><iframe title=\"Udienza Generale, Papa Francesco: &quot;Quando parliamo con Dio&quot;\" width=\"640\" height=\"360\" src=\"https:\/\/www.youtube.com\/embed\/vRAOTVZSOjc?feature=oembed\" frameborder=\"0\" allow=\"accelerometer; autoplay; clipboard-write; encrypted-media; gyroscope; picture-in-picture; web-share\" referrerpolicy=\"strict-origin-when-cross-origin\" allowfullscreen><\/iframe><\/div>\n<p><strong>&nbsp;<\/strong><\/p>\n<p><strong>Sia santificato il tuo nome<\/strong><\/p>\n<p><em>Papa:<\/em> \u201c<em>Sia santificato il tuo nome!<\/em>\u201d. In questa domanda \u2013 la prima! \u201c<em>Sia santificato il tuo nome!<\/em>\u201d \u2013 si sente tutta l\u2019ammirazione di Ges\u00f9 per la bellezza e la grandezza del Padre, e il desiderio che tutti lo riconoscano e lo amino per quello che veramente \u00e8. E nello stesso tempo c\u2019\u00e8 la supplica che il suo nome sia santificato in noi, nella nostra famiglia, nella nostra comunit\u00e0, nel mondo intero. \u00c8 Dio che santifica, che ci trasforma con il suo amore, ma nello stesso tempo siamo anche noi che, con la nostra testimonianza, manifestiamo la santit\u00e0 di Dio nel mondo, rendendo presente il suo nome. Dio \u00e8 santo, ma se noi, se la nostra vita non \u00e8 santa, c\u2019\u00e8 una grande incoerenza! La santit\u00e0 di Dio deve rispecchiarsi nelle nostre azioni, nella nostra vita. \u201cIo sono cristiano, Dio \u00e8 santo, ma io faccio tante cose brutte\u201d, no, questo non serve. Questo fa anche male; questo scandalizza e non aiuta.<\/p>\n<div class=\"fluid-embed-container\"><iframe title=\"Udienza Generale, Papa Francesco: &quot;Sia santificato il tuo nome&quot;\" width=\"640\" height=\"360\" src=\"https:\/\/www.youtube.com\/embed\/be4V-bWiaRY?feature=oembed\" frameborder=\"0\" allow=\"accelerometer; autoplay; clipboard-write; encrypted-media; gyroscope; picture-in-picture; web-share\" referrerpolicy=\"strict-origin-when-cross-origin\" allowfullscreen><\/iframe><\/div>\n<p><strong>Il male ha i giorni contati<\/strong><\/p>\n<p><em>Papa:<\/em> La santit\u00e0 di Dio \u00e8 una forza in espansione, e noi supplichiamo perch\u00e9 frantumi in fretta le barriere del nostro mondo. Quando Ges\u00f9 incomincia a predicare, il primo a pagarne le conseguenze \u00e8 proprio il male che affligge il mondo. Gli spiriti maligni imprecano: \u00abChe vuoi da noi, Ges\u00f9 Nazareno? Sei venuto a rovinarci? Io so chi tu sei: il santo di Dio!\u00bb (<em>Mc<\/em>&nbsp;1,24). Non si era mai vista una santit\u00e0 cos\u00ec: non preoccupata di s\u00e9 stessa, ma protesa verso l\u2019esterno. Una santit\u00e0 \u2013 quella di Ges\u00f9 &#8211; che si allarga a cerchi concentrici, come quando si getta un sasso in uno stagno. Il male ha i giorni contati \u2013 il male non \u00e8 eterno \u2013, il male non pu\u00f2 pi\u00f9 nuocerci: \u00e8 arrivato l\u2019uomo forte che prende possesso della sua casa (cfr&nbsp;<em>Mc<\/em>&nbsp;3,23-27). E questo uomo forte \u00e8 Ges\u00f9, che d\u00e0 anche a noi la forza per prendere possesso della nostra casa interiore.<\/p>\n<p>La preghiera scaccia ogni timore. Il Padre ci ama, il Figlio alza le braccia affiancandole alle nostre, lo Spirito lavora in segreto per la redenzione del mondo. E noi? Noi non vacilliamo nell\u2019incertezza. Ma abbiamo una grande certezza: Dio mi ama; Ges\u00f9 ha dato la vita per me! Lo Spirito \u00e8 dentro di me. \u00c8 questa la grande cosa certa. E il male? Ha paura. E questo \u00e8 bello.<\/p>\n<div class=\"fluid-embed-container\"><iframe title=\"Udienza Generale, Papa Francesco: &quot;Il male ha i giorni contati&quot;\" width=\"640\" height=\"360\" src=\"https:\/\/www.youtube.com\/embed\/28HybuuLYzM?feature=oembed\" frameborder=\"0\" allow=\"accelerometer; autoplay; clipboard-write; encrypted-media; gyroscope; picture-in-picture; web-share\" referrerpolicy=\"strict-origin-when-cross-origin\" allowfullscreen><\/iframe><\/div>\n<p><strong>&nbsp;<\/strong><\/p>\n<p>ALTRI APPUNTAMENTI DEL GIORNO<\/p>\n<p><a href=\"https:\/\/w2.vatican.va\/content\/francesco\/it\/events\/event.dir.html\/content\/vaticanevents\/it\/2019\/2\/27\/congresso-contro-penadimorte.html\" target=\"_blank\" rel=\"noopener\">Videomessaggio<\/a> agli organizzatori e ai partecipanti al VII Congresso mondiale contro la pena di morte [Bruxelles, 27 febbraio &#8211; 1 marzo 2019]<\/p>\n","protected":false},"excerpt":{"rendered":"Prosegue l\u2019approfondimento sulla catechesi di papa Francesco sulla preghiera del \u201cPadre nostro\u201d che in questo mercoled\u00ec \u00e8 incentrata sulla prima delle 7 invocazioni contenute nella preghiera del Padre nostro, cio\u00e8 \u2018sia santificato il tuo nome\u2019. &nbsp; Gennaro Ferrara incontra il biblista Padre Ernesto Della Corte che ci guida&nbsp; all\u2019ascolto di alcuni passaggi dell\u2019Udienza Generale. &nbsp; [&hellip;]","protected":false},"author":9,"featured_media":9465,"comment_status":"open","ping_status":"open","sticky":false,"template":"","format":"standard","meta":{"_acf_changed":false,"footnotes":""},"categories":[131],"tags":[41],"class_list":["post-9464","post","type-post","status-publish","format-standard","has-post-thumbnail","hentry","category-puntate-dal-2017-al-2020","tag-papafrancesco"],"acf":[],"aioseo_notices":[],"featured_image_url":"https:\/\/www.tv2000.it\/ildiariodipapafrancesco\/wp-content\/uploads\/sites\/20\/2019\/02\/diario2702-1024x576.jpg","_links":{"self":[{"href":"https:\/\/www.tv2000.it\/ildiariodipapafrancesco\/wp-json\/wp\/v2\/posts\/9464","targetHints":{"allow":["GET"]}}],"collection":[{"href":"https:\/\/www.tv2000.it\/ildiariodipapafrancesco\/wp-json\/wp\/v2\/posts"}],"about":[{"href":"https:\/\/www.tv2000.it\/ildiariodipapafrancesco\/wp-json\/wp\/v2\/types\/post"}],"author":[{"embeddable":true,"href":"https:\/\/www.tv2000.it\/ildiariodipapafrancesco\/wp-json\/wp\/v2\/users\/9"}],"replies":[{"embeddable":true,"href":"https:\/\/www.tv2000.it\/ildiariodipapafrancesco\/wp-json\/wp\/v2\/comments?post=9464"}],"version-history":[{"count":1,"href":"https:\/\/www.tv2000.it\/ildiariodipapafrancesco\/wp-json\/wp\/v2\/posts\/9464\/revisions"}],"predecessor-version":[{"id":9466,"href":"https:\/\/www.tv2000.it\/ildiariodipapafrancesco\/wp-json\/wp\/v2\/posts\/9464\/revisions\/9466"}],"wp:featuredmedia":[{"embeddable":true,"href":"https:\/\/www.tv2000.it\/ildiariodipapafrancesco\/wp-json\/wp\/v2\/media\/9465"}],"wp:attachment":[{"href":"https:\/\/www.tv2000.it\/ildiariodipapafrancesco\/wp-json\/wp\/v2\/media?parent=9464"}],"wp:term":[{"taxonomy":"category","embeddable":true,"href":"https:\/\/www.tv2000.it\/ildiariodipapafrancesco\/wp-json\/wp\/v2\/categories?post=9464"},{"taxonomy":"post_tag","embeddable":true,"href":"https:\/\/www.tv2000.it\/ildiariodipapafrancesco\/wp-json\/wp\/v2\/tags?post=9464"}],"curies":[{"name":"wp","href":"https:\/\/api.w.org\/{rel}","templated":true}]}}