{"id":9864,"date":"2019-03-27T18:31:29","date_gmt":"2019-03-27T17:31:29","guid":{"rendered":"http:\/\/www.tv2000.it\/ildiariodipapafrancesco\/?p=9864"},"modified":"2019-03-30T01:16:53","modified_gmt":"2019-03-30T00:16:53","slug":"dacci-il-nostro-pane-quotidiano-padre-alex-zanotelli","status":"publish","type":"post","link":"https:\/\/www.tv2000.it\/ildiariodipapafrancesco\/2019\/03\/27\/dacci-il-nostro-pane-quotidiano-padre-alex-zanotelli\/","title":{"rendered":"\u201cDacci il nostro pane quotidiano\u201d, padre Alex Zanotelli"},"content":{"rendered":"<p>Puntata dedicata all\u2019<a href=\"https:\/\/w2.vatican.va\/content\/francesco\/it\/audiences\/2019\/documents\/papa-francesco_20190327_udienza-generale.html\" target=\"_blank\" rel=\"noopener\">Udienza Generale<\/a> del mercoled\u00ec in Piazza San Pietro.<br \/>\nProseguendo il ciclo di catechesi sulla preghiera del Padre Nostro, questa mattina Papa Francesco ha spiegato il significato della frase: \u201cDacci il nostro pane quotidiano\u201d.<br \/>\nIn studio Gennaro Ferrara ripropone l\u2019ascolto dell\u2019udienza confrontandosi con Padre Alex Zanotelli, missionario comboniano dalla lunga esperienza in Africa, che ha pubblicato da poco \u201cAcqua diritto alla vita\u201d (EMI) un bene comune che appartiene a tutti gli abitanti della Terra, troppe volte fonte di ineguaglianze fra uomini e donne.<\/p>\n<div class=\"fluid-embed-container\"><iframe title=\"Il diario di Papa Francesco, 27 marzo 2019\" width=\"640\" height=\"360\" src=\"https:\/\/www.youtube.com\/embed\/vUcRDfWfx1w?feature=oembed\" frameborder=\"0\" allow=\"accelerometer; autoplay; clipboard-write; encrypted-media; gyroscope; picture-in-picture; web-share\" referrerpolicy=\"strict-origin-when-cross-origin\" allowfullscreen><\/iframe><\/div>\n<p>UDIENZA GENERALE<\/p>\n<p>Dacci il nostro pane quotidiano<\/p>\n<p>Papa: Ges\u00f9 ci insegna a chiedere al Padre il pane quotidiano. E ci insegna a farlo uniti a tanti uomini e donne per i quali questa preghiera \u00e8 un grido \u2013 spesso tenuto dentro \u2013 che accompagna l\u2019ansia di ogni giorno. Quante madri e quanti padri, ancora oggi, vanno a dormire col tormento di non avere l\u2019indomani pane a sufficienza per i propri figli! Immaginiamo questa preghiera recitata non nella sicurezza di un comodo appartamento, ma nella precariet\u00e0 di una stanza in cui ci si adatta, dove manca il necessario per vivere. Le parole di Ges\u00f9 assumono una forza nuova. L\u2019orazione cristiana comincia da questo livello. Non \u00e8 un esercizio per asceti; parte dalla realt\u00e0, dal cuore e dalla carne di persone che vivono nel bisogno, o che condividono la condizione di chi non ha il necessario per vivere. Nemmeno i pi\u00f9 alti mistici cristiani possono prescindere dalla semplicit\u00e0 di questa domanda. \u201cPadre, fa\u2019 che per noi e per tutti, oggi ci sia il pane necessario\u201d. E \u201cpane\u201d sta anche per acqua, medicine, casa, lavoro\u2026 Chiedere il necessario per vivere.<\/p>\n<div class=\"fluid-embed-container\"><iframe title=\"Papa Francesco, Udienza Generale - Dacci il nostro pane quotidiano \/1\" width=\"640\" height=\"360\" src=\"https:\/\/www.youtube.com\/embed\/UUAeDyS00WE?feature=oembed\" frameborder=\"0\" allow=\"accelerometer; autoplay; clipboard-write; encrypted-media; gyroscope; picture-in-picture; web-share\" referrerpolicy=\"strict-origin-when-cross-origin\" allowfullscreen><\/iframe><\/div>\n<p>Papa: Il pane che il cristiano chiede nella preghiera non \u00e8 il \u201cmio\u201d ma \u00e8 il \u201cnostro\u201d pane. Cos\u00ec vuole Ges\u00f9. Ci insegna a chiederlo non solo per s\u00e9 stessi, ma per l\u2019intera fraternit\u00e0 del mondo. Se non si prega in questo modo, il \u201cPadre nostro\u201d cessa di essere una orazione cristiana. Se Dio \u00e8 nostro Padre, come possiamo presentarci a Lui senza prenderci per mano? Tutti noi. E se il pane che Lui ci d\u00e0 ce lo rubiamo tra di noi, come possiamo dirci suoi figli? \u2026.<br \/>\nE adesso ci far\u00e0 bene fermarci un po\u2019 e pensare ai bambini affamati. Pensiamo ai bambini che sono in Paesi in guerra: i bambini affamati dello Yemen, i bambini affamati nella Siria, i bambini affamati in tanti Paesi dove non c\u2019\u00e8 il pane, nel Sud Sudan. Pesiamo a questi bambini e pensando a loro diciamo insieme, a voce alta, la preghiera: \u201cPadre, dacci oggi il pane quotidiano\u201d. Tutti insieme.<\/p>\n<div class=\"fluid-embed-container\"><iframe title=\"Papa Francesco, Udienza Generale - Dacci il nostro pane quotidiano \/2\" width=\"640\" height=\"360\" src=\"https:\/\/www.youtube.com\/embed\/ku8lmYW3enM?feature=oembed\" frameborder=\"0\" allow=\"accelerometer; autoplay; clipboard-write; encrypted-media; gyroscope; picture-in-picture; web-share\" referrerpolicy=\"strict-origin-when-cross-origin\" allowfullscreen><\/iframe><\/div>\n<p>IN EVIDENZA<\/p>\n<p>Padre Alex Zanotelli: &#8220;Sei vivo solo se &#8230; &#8221;<\/p>\n<div class=\"fluid-embed-container\"><iframe title=\"Padre Alex Zanotelli: &quot;Sei vivo solo se ... &quot;\" width=\"640\" height=\"360\" src=\"https:\/\/www.youtube.com\/embed\/NPcAoxJ8xUA?feature=oembed\" frameborder=\"0\" allow=\"accelerometer; autoplay; clipboard-write; encrypted-media; gyroscope; picture-in-picture; web-share\" referrerpolicy=\"strict-origin-when-cross-origin\" allowfullscreen><\/iframe><\/div>\n<p>Padre Alex Zanotelli: &#8220;Dio \u00e8 relazione&#8221;<\/p>\n<div class=\"fluid-embed-container\"><iframe title=\"Padre Alex Zanotelli: &quot;Dio \u00e8 relazione&quot;\" width=\"640\" height=\"360\" src=\"https:\/\/www.youtube.com\/embed\/dmF1lUDKX6c?feature=oembed\" frameborder=\"0\" allow=\"accelerometer; autoplay; clipboard-write; encrypted-media; gyroscope; picture-in-picture; web-share\" referrerpolicy=\"strict-origin-when-cross-origin\" allowfullscreen><\/iframe><\/div>\n<p><img decoding=\"async\" class=\"aligncenter wp-image-9879 size-large\" src=\"https:\/\/www.tv2000.it\/ildiariodipapafrancesco\/wp-content\/uploads\/sites\/20\/2019\/03\/studio2703-1024x576.jpg\" alt=\"Il diario di Papa Francesco\" width=\"640\" height=\"360\" srcset=\"https:\/\/www.tv2000.it\/ildiariodipapafrancesco\/wp-content\/uploads\/sites\/20\/2019\/03\/studio2703-1024x576.jpg 1024w, https:\/\/www.tv2000.it\/ildiariodipapafrancesco\/wp-content\/uploads\/sites\/20\/2019\/03\/studio2703-300x169.jpg 300w, https:\/\/www.tv2000.it\/ildiariodipapafrancesco\/wp-content\/uploads\/sites\/20\/2019\/03\/studio2703-768x432.jpg 768w, https:\/\/www.tv2000.it\/ildiariodipapafrancesco\/wp-content\/uploads\/sites\/20\/2019\/03\/studio2703-48x27.jpg 48w, https:\/\/www.tv2000.it\/ildiariodipapafrancesco\/wp-content\/uploads\/sites\/20\/2019\/03\/studio2703-280x158.jpg 280w, https:\/\/www.tv2000.it\/ildiariodipapafrancesco\/wp-content\/uploads\/sites\/20\/2019\/03\/studio2703-650x366.jpg 650w, https:\/\/www.tv2000.it\/ildiariodipapafrancesco\/wp-content\/uploads\/sites\/20\/2019\/03\/studio2703.jpg 1600w\" sizes=\"(max-width: 640px) 100vw, 640px\" \/><\/p>\n","protected":false},"excerpt":{"rendered":"Puntata dedicata all\u2019Udienza Generale del mercoled\u00ec in Piazza San Pietro. Proseguendo il ciclo di catechesi sulla preghiera del Padre Nostro, questa mattina Papa Francesco ha spiegato il significato della frase: \u201cDacci il nostro pane quotidiano\u201d. In studio Gennaro Ferrara ripropone l\u2019ascolto dell\u2019udienza confrontandosi con Padre Alex Zanotelli, missionario comboniano dalla lunga esperienza in Africa, che [&hellip;]","protected":false},"author":9,"featured_media":9865,"comment_status":"open","ping_status":"open","sticky":false,"template":"","format":"standard","meta":{"_acf_changed":false,"footnotes":""},"categories":[131],"tags":[],"class_list":["post-9864","post","type-post","status-publish","format-standard","has-post-thumbnail","hentry","category-puntate-dal-2017-al-2020"],"acf":[],"aioseo_notices":[],"featured_image_url":"https:\/\/www.tv2000.it\/ildiariodipapafrancesco\/wp-content\/uploads\/sites\/20\/2019\/03\/diario2703-1024x576.jpg","_links":{"self":[{"href":"https:\/\/www.tv2000.it\/ildiariodipapafrancesco\/wp-json\/wp\/v2\/posts\/9864","targetHints":{"allow":["GET"]}}],"collection":[{"href":"https:\/\/www.tv2000.it\/ildiariodipapafrancesco\/wp-json\/wp\/v2\/posts"}],"about":[{"href":"https:\/\/www.tv2000.it\/ildiariodipapafrancesco\/wp-json\/wp\/v2\/types\/post"}],"author":[{"embeddable":true,"href":"https:\/\/www.tv2000.it\/ildiariodipapafrancesco\/wp-json\/wp\/v2\/users\/9"}],"replies":[{"embeddable":true,"href":"https:\/\/www.tv2000.it\/ildiariodipapafrancesco\/wp-json\/wp\/v2\/comments?post=9864"}],"version-history":[{"count":4,"href":"https:\/\/www.tv2000.it\/ildiariodipapafrancesco\/wp-json\/wp\/v2\/posts\/9864\/revisions"}],"predecessor-version":[{"id":9880,"href":"https:\/\/www.tv2000.it\/ildiariodipapafrancesco\/wp-json\/wp\/v2\/posts\/9864\/revisions\/9880"}],"wp:featuredmedia":[{"embeddable":true,"href":"https:\/\/www.tv2000.it\/ildiariodipapafrancesco\/wp-json\/wp\/v2\/media\/9865"}],"wp:attachment":[{"href":"https:\/\/www.tv2000.it\/ildiariodipapafrancesco\/wp-json\/wp\/v2\/media?parent=9864"}],"wp:term":[{"taxonomy":"category","embeddable":true,"href":"https:\/\/www.tv2000.it\/ildiariodipapafrancesco\/wp-json\/wp\/v2\/categories?post=9864"},{"taxonomy":"post_tag","embeddable":true,"href":"https:\/\/www.tv2000.it\/ildiariodipapafrancesco\/wp-json\/wp\/v2\/tags?post=9864"}],"curies":[{"name":"wp","href":"https:\/\/api.w.org\/{rel}","templated":true}]}}