{"id":9903,"date":"2019-03-30T20:00:56","date_gmt":"2019-03-30T19:00:56","guid":{"rendered":"http:\/\/www.tv2000.it\/ildiariodipapafrancesco\/?p=9903"},"modified":"2019-11-19T16:23:11","modified_gmt":"2019-11-19T15:23:11","slug":"speciale-viaggio-in-marocco-1-giorno","status":"publish","type":"post","link":"https:\/\/www.tv2000.it\/ildiariodipapafrancesco\/2019\/03\/30\/speciale-viaggio-in-marocco-1-giorno\/","title":{"rendered":"Speciale Viaggio in Marocco &#8211; 1\u00b0 giorno"},"content":{"rendered":"<p>Inizia oggi il 28\u00b0 Viaggio Apostolico Internazionale di Papa Francesco in Marocco, un viaggio di due giorni all\u2019insegna del dialogo interreligioso, della valorizzazione della Chiesa cattolica locale e del tema delle migrazioni in linea con quanto iniziato ad Abu Dhabi.<\/p>\n<p>E\u2019 il secondo Papa a recarsi in Marocco dopo la visita di Giovanni Paolo II avvenuta il 19 agosto del 1985. Il motto del viaggio \u00e8 \u201cServiteur d\u2019Esperance\u201d e i simboli scelti nella presentazione del logo sono la croce e la mezzaluna, proprio a sottolineare la dimensione dell\u2019incontro tra cristiani e musulmani.<\/p>\n<p>Gennaro Ferrara apre la diretta con l\u2019arrivo del Papa all\u2019aeroporto internazionale di Rabat-Sal\u00e9 alle ore 14 italiane, in compagnia degli ospiti esperti di Chiesa e mondo arabo: Chiara Zappa, giornalista di \u201cMondo e Missione\u201d, Paolo Branca, islamologo dell\u2019Universit\u00e0 Cattolica Di Milano, l\u2019Imam Yassine Lafram, presidente nazionale U.Co.I.I. e padre Gabriele Dall\u2019Acqua, francescano gi\u00e0 missionario in Marocco.<\/p>\n<p>Papa Francesco pronuncia il suo <a href=\"http:\/\/w2.vatican.va\/content\/francesco\/it\/speeches\/2019\/march\/documents\/papa-francesco_20190330_autorita-marocco.html\" target=\"_blank\" rel=\"noopener\">primo discorso<\/a> nell\u2019incontro con il popolo marocchino, le autorit\u00e0, la societ\u00e0 civile e il corpo diplomatico sulla Esplanade de la Mosqu\u00e9e Hassan soffermandosi sulla cultura del dialogo e dei valori comuni come strada da percorrere.<\/p>\n<p>Dopo la visita al Mausoleo di Mohammed V il Papa incontra il Re Mohammed V nel Palazzo Reale dove senza preavvisi ufficiali firmano un appello su Gerusalemme \/ Al Qods Citt\u00e0 Santa e luogo di incontro.<\/p>\n<p>La prima giornata prosegue poi con la <a href=\"https:\/\/w2.vatican.va\/content\/francesco\/it\/events\/event.dir.html\/content\/vaticanevents\/it\/2019\/3\/30\/imam-marocco.html\" target=\"_blank\" rel=\"noopener\">visita all\u2019Istituto Mohammed VI degli Imam, Predicatori e Predicatrici<\/a> e si conclude con l\u2019<a href=\"https:\/\/w2.vatican.va\/content\/francesco\/it\/speeches\/2019\/march\/documents\/papa-francesco_20190330_migranti-marocco.html\" target=\"_blank\" rel=\"noopener\">incontro con i migranti<\/a> nella sede della Caritas diocesana di Rabat.<\/p>\n<p>In collegamento da Rabat aggiornamenti, approfondimenti e interviste della vaticanista Cristiana Caricato.<\/p>\n<div class=\"fluid-embed-container\"><iframe title=\"Il diario di Papa Francesco, Viaggio in Marocco - 30 marzo\" width=\"640\" height=\"360\" src=\"https:\/\/www.youtube.com\/embed\/8EUC3creZvA?feature=oembed\" frameborder=\"0\" allow=\"accelerometer; autoplay; clipboard-write; encrypted-media; gyroscope; picture-in-picture; web-share\" referrerpolicy=\"strict-origin-when-cross-origin\" allowfullscreen><\/iframe><\/div>\n<p>INCONTRO CON IL POPOLO MAROCCHINO, LE AUTORIT\u00c0, LA SOCIET\u00c0 CIVILE E IL CORPO DIPLOMATICO<br \/>\nPapa: \u201cNoi crediamo che Dio ha creato gli esseri umani uguali in diritti, doveri e dignit\u00e0 e che li ha chiamati a vivere come fratelli e a diffondere i valori del bene, della carit\u00e0 e della pace. Ecco perch\u00e9 la libert\u00e0 di coscienza e la libert\u00e0 religiosa \u2013 che non si limita alla sola libert\u00e0 di culto ma deve consentire a ciascuno di vivere secondo la propria convinzione religiosa \u2013 sono inseparabilmente legate alla dignit\u00e0 umana. In questo spirito, abbiamo sempre bisogno di passare dalla semplice tolleranza al rispetto e alla stima per gli altri. Perch\u00e9 si tratta di scoprire e accogliere l\u2019altro nella peculiarit\u00e0 della sua fede e di arricchirsi a vicenda con la differenza, in una relazione segnata dalla benevolenza e dalla ricerca di ci\u00f2 che possiamo fare insieme. Cos\u00ec intesa, la costruzione di ponti tra gli uomini, dal punto di vista del dialogo interreligioso, chiede di essere vissuta sotto il segno della convivialit\u00e0, dell\u2019amicizia e, ancor pi\u00f9, della fraternit\u00e0\u201d.<\/p>\n<div class=\"fluid-embed-container\"><iframe title=\"Papa Francesco, incontro con le autorit\u00e0 del Marocco \/1\" width=\"640\" height=\"360\" src=\"https:\/\/www.youtube.com\/embed\/xP9_IL-4kuU?feature=oembed\" frameborder=\"0\" allow=\"accelerometer; autoplay; clipboard-write; encrypted-media; gyroscope; picture-in-picture; web-share\" referrerpolicy=\"strict-origin-when-cross-origin\" allowfullscreen><\/iframe><\/div>\n<p>Papa: \u201cSono tutti percorsi che fermeranno la \u00abstrumentalizzazione delle religioni per incitare all\u2019odio, alla violenza, all\u2019estremismo o al fanatismo cieco e porranno fine all\u2019uso del nome di Dio per giustificare atti di omicidio, esilio, terrorismo e oppressione\u00bb (Documento sulla fratellanza umana, Abu Dhabi, 4 febbraio 2019)\u201d.<br \/>\n\u2026<br \/>\n\u201cUgualmente, la grave crisi migratoria che oggi stiamo affrontando \u00e8 per tutti un appello urgente a cercare i mezzi concreti per sradicare le cause che costringono tante persone a lasciare il loro Paese, la loro famiglia, e a ritrovarsi spesso emarginate, rifiutate. Da questo punto di vista, sempre qui in Marocco, lo scorso dicembre, la Conferenza intergovernativa sul Patto mondiale per una migrazione sicura, ordinata e regolare ha adottato un documento che vuole essere un punto di riferimento per l&#8217;intera comunit\u00e0 internazionale\u201d.<\/p>\n<div class=\"fluid-embed-container\"><iframe title=\"Papa Francesco, incontro con le autorit\u00e0 del Marocco \/2\" width=\"640\" height=\"360\" src=\"https:\/\/www.youtube.com\/embed\/BF1F0xMPHVI?feature=oembed\" frameborder=\"0\" allow=\"accelerometer; autoplay; clipboard-write; encrypted-media; gyroscope; picture-in-picture; web-share\" referrerpolicy=\"strict-origin-when-cross-origin\" allowfullscreen><\/iframe><\/div>\n<p>&nbsp;<\/p>\n<p>APPELLO DEL RE MOHAMMED VI E PAPA FRANCESCO SU GERUSALEMME\/ AL QODS<\/p>\n<p>In occasione della visita al Regno del Marocco, Sua Santit\u00e0 Papa Francesco e Sua Maest\u00e0 il Re Mohammed VI, riconoscendo l\u2019unicit\u00e0 e la sacralit\u00e0 di Gerusalemme \/ Al Qods Acharif e avendo a cuore il suo significato spirituale e la sua peculiare vocazione di Citt\u00e0 della Pace, condividono il seguente appello:<br \/>\n\u00abNoi riteniamo importante preservare la Citt\u00e0 santa di Gerusalemme\/Al Qods Acharif come patrimonio comune dell\u2019umanit\u00e0 e soprattutto per i fedeli delle tre religioni monoteiste, come luogo di incontro e simbolo di coesistenza pacifica, in cui si coltivano il rispetto reciproco e il dialogo.<br \/>\nA tale scopo devono essere conservati e promossi il carattere specifico multi-religioso, la dimensione spirituale e la peculiare identit\u00e0 culturale di Gerusalemme\/Al Qods Acharif.<br \/>\nAuspichiamo, di conseguenza, che nella Citt\u00e0 santa siano garantiti la piena libert\u00e0 di accesso ai fedeli delle tre religioni monoteiste e il diritto di ciascuna di esercitarvi il proprio culto, cos\u00ec che a Gerusalemme\/Al Qods Acharif si elevi, da parte dei loro fedeli, la preghiera a Dio, Creatore di tutti, per un futuro di pace e di fraternit\u00e0 sulla terra\u00bb.<\/p>\n<div class=\"fluid-embed-container\"><iframe title=\"Appello di Papa Francesco e del Re Mohammed VI su Gerusalemme\" width=\"640\" height=\"360\" src=\"https:\/\/www.youtube.com\/embed\/h5zW40rRgUU?feature=oembed\" frameborder=\"0\" allow=\"accelerometer; autoplay; clipboard-write; encrypted-media; gyroscope; picture-in-picture; web-share\" referrerpolicy=\"strict-origin-when-cross-origin\" allowfullscreen><\/iframe><\/div>\n","protected":false},"excerpt":{"rendered":"Inizia oggi il 28\u00b0 Viaggio Apostolico Internazionale di Papa Francesco in Marocco, un viaggio di due giorni all\u2019insegna del dialogo interreligioso, della valorizzazione della Chiesa cattolica locale e del tema delle migrazioni in linea con quanto iniziato ad Abu Dhabi. E\u2019 il secondo Papa a recarsi in Marocco dopo la visita di Giovanni Paolo II [&hellip;]","protected":false},"author":9,"featured_media":9919,"comment_status":"open","ping_status":"open","sticky":false,"template":"","format":"standard","meta":{"_acf_changed":false,"footnotes":""},"categories":[131,145],"tags":[41,95],"class_list":["post-9903","post","type-post","status-publish","format-standard","has-post-thumbnail","hentry","category-puntate-dal-2017-al-2020","category-viaggi","tag-papafrancesco","tag-viaggipapa"],"acf":[],"aioseo_notices":[],"featured_image_url":"https:\/\/www.tv2000.it\/ildiariodipapafrancesco\/wp-content\/uploads\/sites\/20\/2019\/03\/diario30marzo-1024x579.jpg","_links":{"self":[{"href":"https:\/\/www.tv2000.it\/ildiariodipapafrancesco\/wp-json\/wp\/v2\/posts\/9903","targetHints":{"allow":["GET"]}}],"collection":[{"href":"https:\/\/www.tv2000.it\/ildiariodipapafrancesco\/wp-json\/wp\/v2\/posts"}],"about":[{"href":"https:\/\/www.tv2000.it\/ildiariodipapafrancesco\/wp-json\/wp\/v2\/types\/post"}],"author":[{"embeddable":true,"href":"https:\/\/www.tv2000.it\/ildiariodipapafrancesco\/wp-json\/wp\/v2\/users\/9"}],"replies":[{"embeddable":true,"href":"https:\/\/www.tv2000.it\/ildiariodipapafrancesco\/wp-json\/wp\/v2\/comments?post=9903"}],"version-history":[{"count":4,"href":"https:\/\/www.tv2000.it\/ildiariodipapafrancesco\/wp-json\/wp\/v2\/posts\/9903\/revisions"}],"predecessor-version":[{"id":9920,"href":"https:\/\/www.tv2000.it\/ildiariodipapafrancesco\/wp-json\/wp\/v2\/posts\/9903\/revisions\/9920"}],"wp:featuredmedia":[{"embeddable":true,"href":"https:\/\/www.tv2000.it\/ildiariodipapafrancesco\/wp-json\/wp\/v2\/media\/9919"}],"wp:attachment":[{"href":"https:\/\/www.tv2000.it\/ildiariodipapafrancesco\/wp-json\/wp\/v2\/media?parent=9903"}],"wp:term":[{"taxonomy":"category","embeddable":true,"href":"https:\/\/www.tv2000.it\/ildiariodipapafrancesco\/wp-json\/wp\/v2\/categories?post=9903"},{"taxonomy":"post_tag","embeddable":true,"href":"https:\/\/www.tv2000.it\/ildiariodipapafrancesco\/wp-json\/wp\/v2\/tags?post=9903"}],"curies":[{"name":"wp","href":"https:\/\/api.w.org\/{rel}","templated":true}]}}