{"id":9905,"date":"2019-03-31T20:00:28","date_gmt":"2019-03-31T18:00:28","guid":{"rendered":"http:\/\/www.tv2000.it\/ildiariodipapafrancesco\/?p=9905"},"modified":"2019-11-19T16:23:06","modified_gmt":"2019-11-19T15:23:06","slug":"speciale-viaggio-in-marocco-2-giorno","status":"publish","type":"post","link":"https:\/\/www.tv2000.it\/ildiariodipapafrancesco\/2019\/03\/31\/speciale-viaggio-in-marocco-2-giorno\/","title":{"rendered":"Speciale Viaggio in Marocco &#8211; 2\u00b0 giorno"},"content":{"rendered":"<p>Seconda giornata di Papa Francesco in Marocco che ha inizio con la visita privata al \u201cCentre Rural des Services Sociaux\u201d di T\u00e9mara, centro gestito dalle Figlie della Carit\u00e0, che opera nel settore sociale grazie alle suore e a numerosi volontari. A seguire il Papa arriva alla Cattedrale di Rabat dove incontra il Clero, i Religiosi, le Religiose e il Consiglio Ecumenico delle Chiese. Nel suo <a href=\"http:\/\/w2.vatican.va\/content\/francesco\/it\/speeches\/2019\/march\/documents\/papa-francesco_20190331_sacerdoti-marocco.html\" target=\"_blank\" rel=\"noopener\">discorso<\/a> parla dei cristiani in Marocco, ricordando che la loro \u00e8 una piccola comunit\u00e0: \u201cma questa realt\u00e0 non \u00e8, ai miei occhi, un problema, anche se riconosco che a volte pu\u00f2 diventare difficile da vivere per alcuni\u201d, spiega poi il significato della loro missione incentrata sul dialogo: \u201cLa Chiesa deve venire a dialogo col mondo in cui si trova a vivere. La Chiesa si fa parola; la Chiesa si fa messaggio; la Chiesa si fa colloquio\u201d.<\/p>\n<p>In studio con Gennaro Ferrara, Riccardo Burigana, direttore del Centro Studi per l\u2019Ecumenismo in Italia; Riccardo Cristiano, vaticanista di Reset; Sr. Francesca Leonardi, francescana Missionaria di Maria, e Moulay Zidane El Amrani, arabista dell\u2019Universit\u00e0 di Padova.<\/p>\n<p>In collegamento da Rabat aggiornamenti, approfondimenti e interviste dei vaticanisti Cristiana Caricato e Paolo Fucili.<\/p>\n<div class=\"fluid-embed-container\"><iframe title=\"Il diario di Papa Francesco, Viaggio in Marocco - 31 marzo mattina\" width=\"640\" height=\"360\" src=\"https:\/\/www.youtube.com\/embed\/nMNUFBa5m9s?feature=oembed\" frameborder=\"0\" allow=\"accelerometer; autoplay; clipboard-write; encrypted-media; gyroscope; picture-in-picture; web-share\" referrerpolicy=\"strict-origin-when-cross-origin\" allowfullscreen><\/iframe><\/div>\n<p>Il programma riprende nel pomeriggio con la celebrazione della Santa Messa nel Complesso Sportivo Principe Moulay Abdellah. Nell\u2019<a href=\"https:\/\/w2.vatican.va\/content\/francesco\/it\/events\/event.dir.html\/content\/vaticanevents\/it\/2019\/3\/31\/messa-marocco.html\" target=\"_blank\" rel=\"noopener\">Omelia<\/a> Papa Francesco riprendendo la parabola del figliol prodigo sottolinea: \u201cSicuramente sono tante le circostanze che possono alimentare la divisione e il conflitto; sono innegabili le situazioni che possono condurci a scontrarci e a dividerci. Non possiamo negarlo. Ci minaccia sempre la tentazione di credere nell\u2019odio e nella vendetta come forme legittime per ottenere giustizia in modo rapido ed efficace. Per\u00f2 l\u2019esperienza ci dice che l\u2019odio, la divisione e la vendetta non fanno che uccidere l\u2019anima della nostra gente, avvelenare la speranza dei nostri figli, distruggere e portare via tutto quello che amiamo\u201d. E conclude con \u201cNon cadiamo nella tentazione di ridurre la nostra appartenenza di figli a una questione di leggi e proibizioni, di doveri e di adempimenti. La nostra appartenenza e la nostra missione non nasceranno da volontarismi, legalismi, relativismi o integrismi, ma da persone credenti che imploreranno ogni giorno con umilt\u00e0 e costanza: \u201cvenga il tuo Regno\u201d.<\/p>\n<div class=\"fluid-embed-container\"><iframe title=\"Papa Francesco in Marocco, Santa Messa a Rabat\" width=\"640\" height=\"360\" src=\"https:\/\/www.youtube.com\/embed\/LZ-OtTpODD0?feature=oembed\" frameborder=\"0\" allow=\"accelerometer; autoplay; clipboard-write; encrypted-media; gyroscope; picture-in-picture; web-share\" referrerpolicy=\"strict-origin-when-cross-origin\" allowfullscreen><\/iframe><\/div>\n<p>A conclusione della Messa, prima di congedarsi dal paese per far ritorno in Vaticano, pronuncia un saluto finale: \u201cCon questi sentimenti di gratitudine, desidero incoraggiarvi di nuovo a perseverare sulla via del dialogo con i nostri fratelli e sorelle musulmani e a collaborare anche perch\u00e9 si renda visibile quella fraternit\u00e0 universale che ha la sua fonte in Dio. Possiate essere qui i servitori della speranza di cui il mondo ha tanto bisogno\u201d.<\/p>\n<p>In studio con Gennaro Ferrara, il commento degli esperti: Luis Badilla, direttore de \u201cIl Sismografo\u201d, Sr. Francesca Leonardi, francescana Missionaria di Maria e Shahrzad Houshmand teologa islamica.<\/p>\n<div class=\"fluid-embed-container\"><iframe title=\"Il diario di Papa Francesco, Viaggio in Marocco - 31 marzo pomeriggio\" width=\"640\" height=\"360\" src=\"https:\/\/www.youtube.com\/embed\/gLZVz009xkE?feature=oembed\" frameborder=\"0\" allow=\"accelerometer; autoplay; clipboard-write; encrypted-media; gyroscope; picture-in-picture; web-share\" referrerpolicy=\"strict-origin-when-cross-origin\" allowfullscreen><\/iframe><\/div>\n","protected":false},"excerpt":{"rendered":"Seconda giornata di Papa Francesco in Marocco che ha inizio con la visita privata al \u201cCentre Rural des Services Sociaux\u201d di T\u00e9mara, centro gestito dalle Figlie della Carit\u00e0, che opera nel settore sociale grazie alle suore e a numerosi volontari. A seguire il Papa arriva alla Cattedrale di Rabat dove incontra il Clero, i Religiosi, [&hellip;]","protected":false},"author":9,"featured_media":9913,"comment_status":"open","ping_status":"open","sticky":false,"template":"","format":"standard","meta":{"_acf_changed":false,"footnotes":""},"categories":[131,145],"tags":[41,95],"class_list":["post-9905","post","type-post","status-publish","format-standard","has-post-thumbnail","hentry","category-puntate-dal-2017-al-2020","category-viaggi","tag-papafrancesco","tag-viaggipapa"],"acf":[],"aioseo_notices":[],"featured_image_url":"https:\/\/www.tv2000.it\/ildiariodipapafrancesco\/wp-content\/uploads\/sites\/20\/2019\/03\/diario31mat-1024x579.jpg","_links":{"self":[{"href":"https:\/\/www.tv2000.it\/ildiariodipapafrancesco\/wp-json\/wp\/v2\/posts\/9905","targetHints":{"allow":["GET"]}}],"collection":[{"href":"https:\/\/www.tv2000.it\/ildiariodipapafrancesco\/wp-json\/wp\/v2\/posts"}],"about":[{"href":"https:\/\/www.tv2000.it\/ildiariodipapafrancesco\/wp-json\/wp\/v2\/types\/post"}],"author":[{"embeddable":true,"href":"https:\/\/www.tv2000.it\/ildiariodipapafrancesco\/wp-json\/wp\/v2\/users\/9"}],"replies":[{"embeddable":true,"href":"https:\/\/www.tv2000.it\/ildiariodipapafrancesco\/wp-json\/wp\/v2\/comments?post=9905"}],"version-history":[{"count":4,"href":"https:\/\/www.tv2000.it\/ildiariodipapafrancesco\/wp-json\/wp\/v2\/posts\/9905\/revisions"}],"predecessor-version":[{"id":9917,"href":"https:\/\/www.tv2000.it\/ildiariodipapafrancesco\/wp-json\/wp\/v2\/posts\/9905\/revisions\/9917"}],"wp:featuredmedia":[{"embeddable":true,"href":"https:\/\/www.tv2000.it\/ildiariodipapafrancesco\/wp-json\/wp\/v2\/media\/9913"}],"wp:attachment":[{"href":"https:\/\/www.tv2000.it\/ildiariodipapafrancesco\/wp-json\/wp\/v2\/media?parent=9905"}],"wp:term":[{"taxonomy":"category","embeddable":true,"href":"https:\/\/www.tv2000.it\/ildiariodipapafrancesco\/wp-json\/wp\/v2\/categories?post=9905"},{"taxonomy":"post_tag","embeddable":true,"href":"https:\/\/www.tv2000.it\/ildiariodipapafrancesco\/wp-json\/wp\/v2\/tags?post=9905"}],"curies":[{"name":"wp","href":"https:\/\/api.w.org\/{rel}","templated":true}]}}