{"id":9923,"date":"2019-04-01T19:33:32","date_gmt":"2019-04-01T17:33:32","guid":{"rendered":"http:\/\/www.tv2000.it\/ildiariodipapafrancesco\/?p=9923"},"modified":"2019-11-19T16:23:01","modified_gmt":"2019-11-19T15:23:01","slug":"in-ritorno-dal-marocco","status":"publish","type":"post","link":"https:\/\/www.tv2000.it\/ildiariodipapafrancesco\/2019\/04\/01\/in-ritorno-dal-marocco\/","title":{"rendered":"In ritorno dal Marocco"},"content":{"rendered":"<p>In studio con Gennaro Ferrara la nostra vaticanista Cristiana Caricato di ritorno dal viaggio apostolico in Marocco. Un bilancio, a partire dalle parole pronunciate da Papa Francesco, sul volo di ritorno in conferenza stampa. I temi che ripercorriamo insieme sono il dialogo interreligioso, l\u2019emergenza migranti, l\u2019azione del diavolo.<\/p>\n<div class=\"fluid-embed-container\"><iframe title=\"Il diario di Papa Francesco, 1 aprile 2019\" width=\"640\" height=\"360\" src=\"https:\/\/www.youtube.com\/embed\/NKwAOP1AwA0?feature=oembed\" frameborder=\"0\" allow=\"accelerometer; autoplay; clipboard-write; encrypted-media; gyroscope; picture-in-picture; web-share\" referrerpolicy=\"strict-origin-when-cross-origin\" allowfullscreen><\/iframe><\/div>\n<p>IN EVIDENZA<\/p>\n<p>Cristiana Caricato: \u201ce poi gli ho fatto una domanda sul diavolo\u2026\u201d<\/p>\n<div class=\"fluid-embed-container\"><iframe title=\"Cristiana Caricato: \u201ce poi gli ho fatto una domanda sul diavolo\u2026\u201d\" width=\"640\" height=\"360\" src=\"https:\/\/www.youtube.com\/embed\/VbMA_78AU9M?feature=oembed\" frameborder=\"0\" allow=\"accelerometer; autoplay; clipboard-write; encrypted-media; gyroscope; picture-in-picture; web-share\" referrerpolicy=\"strict-origin-when-cross-origin\" allowfullscreen><\/iframe><\/div>\n<p>Cristiana Caricato: \u201cChe anche il mondo si prenda le sue responsabilit\u00e0\u201d<\/p>\n<div class=\"fluid-embed-container\"><iframe title=\"Cristiana Caricato: \u201cChe anche il mondo si prenda le sue responsabilit\u00e0\u201d\" width=\"640\" height=\"360\" src=\"https:\/\/www.youtube.com\/embed\/7yqE0rdAtqU?feature=oembed\" frameborder=\"0\" allow=\"accelerometer; autoplay; clipboard-write; encrypted-media; gyroscope; picture-in-picture; web-share\" referrerpolicy=\"strict-origin-when-cross-origin\" allowfullscreen><\/iframe><\/div>\n<p>IN RITORNO DAL MAROCCO<\/p>\n<div class=\"fluid-embed-container\"><iframe title=\"Papa Francesco, In ritorno dal Marocco - Copertina\" width=\"640\" height=\"360\" src=\"https:\/\/www.youtube.com\/embed\/6GHA5ReSMGI?feature=oembed\" frameborder=\"0\" allow=\"accelerometer; autoplay; clipboard-write; encrypted-media; gyroscope; picture-in-picture; web-share\" referrerpolicy=\"strict-origin-when-cross-origin\" allowfullscreen><\/iframe><\/div>\n<p>&#8220;In ogni religione c\u2019\u00e8 sempre un gruppo integralista che non vuole andare avanti e vive dei ricordi amari, delle lotte passate e cerca piuttosto la guerra e semina la paura. Noi abbiamo visto che \u00e8 pi\u00f9 bello seminare la speranza, seminare la speranza e camminare tenendosi per mano, sempre avanti. Abbiamo visto che nel dialogo con voi qui in Marocco ci vogliono dei ponti&#8221;<\/p>\n<p>Papa Francesco in Marocco, <a href=\"http:\/\/w2.vatican.va\/content\/francesco\/it\/speeches\/2019\/march\/documents\/papa-francesco_20190331_marocco-voloritorno.html\" target=\"_blank\" rel=\"noopener\">conferenza stampa<\/a> \/1<\/p>\n<div class=\"fluid-embed-container\"><iframe title=\"Papa Francesco in Marocco, conferenza stampa \/1\" width=\"640\" height=\"360\" src=\"https:\/\/www.youtube.com\/embed\/Y0l2Hcmo5Qw?feature=oembed\" frameborder=\"0\" allow=\"accelerometer; autoplay; clipboard-write; encrypted-media; gyroscope; picture-in-picture; web-share\" referrerpolicy=\"strict-origin-when-cross-origin\" allowfullscreen><\/iframe><\/div>\n<p>I costruttori di muri, siano di filo di ferro con lame taglienti o di mattoni, diventeranno prigionieri dei muri che fanno. Primo. La storia dir\u00e0. Secondo: Jordi \u00c9vole, quando mi ha fatto l\u2019intervista, mi ha fatto vedere un pezzo di quel filo con le lame. Ti dico sinceramente, sono rimasto commosso e poi quando se ne \u00e8 andato ho pianto. Ho pianto perch\u00e9 non entra nella mia testa e nel mio cuore tanta crudelt\u00e0. Non entra nella mia testa e nel mio cuore vedere affogare nel Mediterraneo e fare un muro ai porti. Questo non \u00e8 il modo di risolvere il grave problema dell\u2019immigrazione. Ecco, io non lascio entrare, \u00e8 vero, perch\u00e9 non ho posto, ma ci sono altri Paesi, c\u2019\u00e8 l\u2019Unione Europea. Si deve parlare, l\u2019Unione Europea intera. Non li lascio entrare e li lascio annegare o li mando via sapendo che tanti di loro cadranno nelle mani di questi trafficanti che venderanno le donne e i bambini e uccideranno o tortureranno per fare schiavi gli uomini?<\/p>\n<p>Papa Francesco in Marocco, <a href=\"http:\/\/w2.vatican.va\/content\/francesco\/it\/speeches\/2019\/march\/documents\/papa-francesco_20190331_marocco-voloritorno.html\" target=\"_blank\" rel=\"noopener\">conferenza stampa<\/a> \/2<\/p>\n<div class=\"fluid-embed-container\"><iframe title=\"Papa Francesco in Marocco, conferenza stampa \/2\" width=\"640\" height=\"360\" src=\"https:\/\/www.youtube.com\/embed\/XOmHXDRoocY?feature=oembed\" frameborder=\"0\" allow=\"accelerometer; autoplay; clipboard-write; encrypted-media; gyroscope; picture-in-picture; web-share\" referrerpolicy=\"strict-origin-when-cross-origin\" allowfullscreen><\/iframe><\/div>\n<p>Un giornale, dopo il mio discorso alla fine dell\u2019Incontro sulla protezione dei minori dei Presidenti delle Conferenze episcopali, ha detto: \u201cIl Papa \u00e8 stato furbo, prima ha detto che la pedofilia \u00e8 un problema mondiale, una piaga mondiale; poi ha detto qualcosa sulla Chiesa, alla fine se ne \u00e8 lavato le mani e ha dato la colpa al diavolo\u201d. Un po\u2019 semplicistico, no? Quel discorso \u00e8 chiaro. Un filosofo francese, negli anni Settanta, aveva fatto una distinzione che a me ha dato molta luce, si chiamava Roqueplo [Philippe], e mi ha dato una luce ermeneutica. Lui diceva: per capire una situazione bisogna dare tutte le spiegazioni e poi cercare i significati, cosa significa socialmente?, cosa significa personalmente, o religiosamente? Dobbiamo risolverlo in concreto, ma dire anche che \u00e8 lo spirito del male. E per risolvere questo ci sono due pubblicazioni che raccomando: un articolo di Gianni Valente, credo su \u201cVatican Insider\u201d, dove parla dei donatisti. Il pericolo della Chiesa oggi di diventare donatista facendo prescrizioni umane, che si devono fare, ma limitandosi a queste e dimenticando le altre dimensioni spirituali, la preghiera, la penitenza, l\u2019accusa di s\u00e9 stesso, che non siamo abituati a fare. Ci vogliono ambedue! Perch\u00e9 per vincere lo spirito del male non bisogna \u201clavarsi le mani\u201d dicendo: \u201c\u00e8 opera del diavolo\u201d. No. Noi dobbiamo lottare anche contro il diavolo, come dobbiamo lottare contro le cose umane.<\/p>\n<p><strong>Photogallery<\/strong><\/p>\n<div class=\"rgg-container\" data-rgg-id=\"1\">    <div class=\"rgg-imagegrid captions-title captions-effect-none \" data-rgg-id=\"1\">\n                    <a href=\"https:\/\/www.tv2000.it\/ildiariodipapafrancesco\/wp-content\/uploads\/sites\/20\/2019\/04\/WhatsApp-Image-2019-04-01-at-17.46.11-2-1024x768.jpeg\" data-rel=\"rgg\" rel=\"rgg\" title=\"\" class=\"rgg-simplelightbox size-thumbnail rgg-img\" data-src=\"https:\/\/www.tv2000.it\/ildiariodipapafrancesco\/wp-content\/uploads\/sites\/20\/2019\/04\/WhatsApp-Image-2019-04-01-at-17.46.11-2-150x150.jpeg\" data-ratio=\"1\" data-height=\"150\" data-width=\"150\" aria-label=\"Il diario di Papa Francesco\">\n                            <\/a>\n                    <a href=\"https:\/\/www.tv2000.it\/ildiariodipapafrancesco\/wp-content\/uploads\/sites\/20\/2019\/04\/WhatsApp-Image-2019-04-01-at-17.46.11-1-1024x768.jpeg\" data-rel=\"rgg\" rel=\"rgg\" title=\"\" class=\"rgg-simplelightbox size-thumbnail rgg-img\" data-src=\"https:\/\/www.tv2000.it\/ildiariodipapafrancesco\/wp-content\/uploads\/sites\/20\/2019\/04\/WhatsApp-Image-2019-04-01-at-17.46.11-1-150x150.jpeg\" data-ratio=\"1\" data-height=\"150\" data-width=\"150\" aria-label=\"Il diario di Papa Francesco\">\n                            <\/a>\n                    <a href=\"https:\/\/www.tv2000.it\/ildiariodipapafrancesco\/wp-content\/uploads\/sites\/20\/2019\/04\/WhatsApp-Image-2019-04-01-at-17.46.11-1024x768.jpeg\" data-rel=\"rgg\" rel=\"rgg\" title=\"\" class=\"rgg-simplelightbox size-thumbnail rgg-img\" data-src=\"https:\/\/www.tv2000.it\/ildiariodipapafrancesco\/wp-content\/uploads\/sites\/20\/2019\/04\/WhatsApp-Image-2019-04-01-at-17.46.11-150x150.jpeg\" data-ratio=\"1\" data-height=\"150\" data-width=\"150\" aria-label=\"Il diario di Papa Francesco\">\n                            <\/a>\n                    <a href=\"https:\/\/www.tv2000.it\/ildiariodipapafrancesco\/wp-content\/uploads\/sites\/20\/2019\/04\/WhatsApp-Image-2019-04-01-at-17.46.10-1024x768.jpeg\" data-rel=\"rgg\" rel=\"rgg\" title=\"\" class=\"rgg-simplelightbox size-thumbnail rgg-img\" data-src=\"https:\/\/www.tv2000.it\/ildiariodipapafrancesco\/wp-content\/uploads\/sites\/20\/2019\/04\/WhatsApp-Image-2019-04-01-at-17.46.10-150x150.jpeg\" data-ratio=\"1\" data-height=\"150\" data-width=\"150\" aria-label=\"Il diario di Papa Francesco\">\n                            <\/a>\n            <\/div>\n<\/div>\n","protected":false},"excerpt":{"rendered":"In studio con Gennaro Ferrara la nostra vaticanista Cristiana Caricato di ritorno dal viaggio apostolico in Marocco. Un bilancio, a partire dalle parole pronunciate da Papa Francesco, sul volo di ritorno in conferenza stampa. I temi che ripercorriamo insieme sono il dialogo interreligioso, l\u2019emergenza migranti, l\u2019azione del diavolo. IN EVIDENZA Cristiana Caricato: \u201ce poi gli [&hellip;]","protected":false},"author":9,"featured_media":9924,"comment_status":"open","ping_status":"open","sticky":false,"template":"","format":"standard","meta":{"_acf_changed":false,"footnotes":""},"categories":[131,145],"tags":[41,95],"class_list":["post-9923","post","type-post","status-publish","format-standard","has-post-thumbnail","hentry","category-puntate-dal-2017-al-2020","category-viaggi","tag-papafrancesco","tag-viaggipapa"],"acf":[],"aioseo_notices":[],"featured_image_url":"https:\/\/www.tv2000.it\/ildiariodipapafrancesco\/wp-content\/uploads\/sites\/20\/2019\/04\/diario0104-1024x576.jpg","_links":{"self":[{"href":"https:\/\/www.tv2000.it\/ildiariodipapafrancesco\/wp-json\/wp\/v2\/posts\/9923","targetHints":{"allow":["GET"]}}],"collection":[{"href":"https:\/\/www.tv2000.it\/ildiariodipapafrancesco\/wp-json\/wp\/v2\/posts"}],"about":[{"href":"https:\/\/www.tv2000.it\/ildiariodipapafrancesco\/wp-json\/wp\/v2\/types\/post"}],"author":[{"embeddable":true,"href":"https:\/\/www.tv2000.it\/ildiariodipapafrancesco\/wp-json\/wp\/v2\/users\/9"}],"replies":[{"embeddable":true,"href":"https:\/\/www.tv2000.it\/ildiariodipapafrancesco\/wp-json\/wp\/v2\/comments?post=9923"}],"version-history":[{"count":7,"href":"https:\/\/www.tv2000.it\/ildiariodipapafrancesco\/wp-json\/wp\/v2\/posts\/9923\/revisions"}],"predecessor-version":[{"id":9944,"href":"https:\/\/www.tv2000.it\/ildiariodipapafrancesco\/wp-json\/wp\/v2\/posts\/9923\/revisions\/9944"}],"wp:featuredmedia":[{"embeddable":true,"href":"https:\/\/www.tv2000.it\/ildiariodipapafrancesco\/wp-json\/wp\/v2\/media\/9924"}],"wp:attachment":[{"href":"https:\/\/www.tv2000.it\/ildiariodipapafrancesco\/wp-json\/wp\/v2\/media?parent=9923"}],"wp:term":[{"taxonomy":"category","embeddable":true,"href":"https:\/\/www.tv2000.it\/ildiariodipapafrancesco\/wp-json\/wp\/v2\/categories?post=9923"},{"taxonomy":"post_tag","embeddable":true,"href":"https:\/\/www.tv2000.it\/ildiariodipapafrancesco\/wp-json\/wp\/v2\/tags?post=9923"}],"curies":[{"name":"wp","href":"https:\/\/api.w.org\/{rel}","templated":true}]}}