{"id":4631,"date":"2019-10-18T14:10:47","date_gmt":"2019-10-18T12:10:47","guid":{"rendered":"http:\/\/www.tv2000.it\/ilmiomedico\/?p=4631"},"modified":"2019-10-23T11:28:04","modified_gmt":"2019-10-23T09:28:04","slug":"il-mio-medico-i-temi-della-settimana-dal-21-al-25-ottobre","status":"publish","type":"post","link":"https:\/\/www.tv2000.it\/ilmiomedico\/2019\/10\/18\/il-mio-medico-i-temi-della-settimana-dal-21-al-25-ottobre\/","title":{"rendered":"Il mio Medico &#8211; I temi della settimana dal 21 al 25 ottobre"},"content":{"rendered":"<p style=\"text-align: justify;\"><img decoding=\"async\" class=\"aligncenter\" src=\"https:\/\/www.tv2000.it\/ilmiomedico\/wp-content\/uploads\/sites\/8\/2019\/10\/Il-mio-medico-Monica-di-Loreto-1.jpg\" width=\"918\" height=\"612\">21 Ottobre<br \/>\nIniziamo questa settimana con un buon proposito: eliminare il grasso addominale! Il prof. Pierluigi Rossi, specialista in scienza dell\u2019alimentazione ci spiegher\u00e0 quali sono i tre passi per ridurre efficacemente la circonferenza del proprio addome.<br \/>\nA seguire avremo l\u2019onore di ospitare uno dei maggiori ricercatori e oncologi al mondo, il PROF. Antonio Giordano, genetista, direttore dello Sbarro Institute di Philadelphia, negli Usa E nuovo presidente della Societ\u00e0 italiana tumore al polmone. Con lui parleremo dei recenti casi di morti collegate alla sigaretta elettronica e alle novit\u00e0 pi\u00f9 importanti per diagnosticare e curare pi\u00f9 efficacemente il tumore al polmone.<br \/>\nI tempi moderni comportano ritmi stressanti e a tutti possono capitare degli episodi di ansia. Come controllare l\u2019ansia e gestirla in modo corretto? Ce lo dir\u00e0 il prof. Giampaolo Perna, docente straordinario di psichiatria all\u2019\u201cHumanitas University\u201d di milano.<br \/>\nViene utilizzato dagli amanti del piccante, ma il peperoncino \u00e8 un vero scrigno di propriet\u00e0 salutari. Ne parliamo con il dott. Armando De Sanctis, biologo nutrizionista<br \/>\nSono tantissime le persone che con l\u2019avanzare dell\u2019et\u00e0 soffrono di gambe stanche e pesanti. Con il dott. Rino Greco, personal trainer e massaggiatore, fitness posturologo mostreremo in diretta dei trattamenti per alleviare questo disturbo.<\/p>\n<p style=\"text-align: justify;\">22 Ottobre<br \/>\nIn occasione della giornata mondiale dell\u2019ictus (29 ottobre) con il Prof. Danilo Toni, direttore Unit\u00e0 di trattamento neurovascolare, Policlinico Umberto I Sapienza, Universit\u00e0 di Roma, spiegheremo come riconoscere tempestivamente un ictus e quali sono le terapie pi\u00f9 all\u2019avanguardia per limitare gli effetti invalidanti.<br \/>\nE\u2019 possibile vivere la menopausa senza fastidi: la dott.ssa Roberta Rettagliati, medico di famiglia ci dar\u00e0 tutti i consigli per affrontare questo periodo della donna in serenit\u00e0.<br \/>\nChe dolore la sciatalgia! Ma non bisogna sempre ricorrere solo ai farmaci: con il dott. Gabriele Benedetti, osteopata, vedremo, in diretta, dei trattamenti veloci e risolutivi.<br \/>\nIl carciofo \u00e8 il re dell\u2019orto perch\u00e9 possiede delle propriet\u00e0 davvero straordinarie. Ce le presenter\u00e0 il dott. Luca Di Tolla, biologo nutrizionista.<br \/>\nChiudiamo la puntata con il dott. Marco Bartolucci, medico estetico \u2013 all\u2019ospedale San Raffaele di Milano che ci mostrer\u00e0, in diretta, una terapia all\u2019avanguardia per sconfiggere la cellulite.<\/p>\n<p style=\"text-align: justify;\">24 Ottobre<br \/>\nE\u2019 possibile vivere fino a 110 anni in salute? Abbiamo il piacere di ospitare il pi\u00f9 grande esperto mondiale di longevit\u00e0, il prof. Valter Longo, direttore dell&#8217;istituto sulla longevit\u00e0 all&#8217;USC (University of Southern California) e direttore del programma di oncologia e longevit\u00e0 in IFOM \u2013 Milano, che con i suoi studi ha meritato di essere inserito dal prestigioso \u201cTime\u201d tra i 50 personaggi pi\u00f9 influenti al mondo nell\u2019ambito della salute.<br \/>\nCi presenter\u00e0 il suo nuovo libro \u201cLa longevit\u00e0 inizia da bambini\u201d.<br \/>\nCon l\u2019artrosi e il dolore non si deve convivere, ma si pu\u00f2 curare con la dieta. Il prof. Marco Lanzetta, responsabile del Centro nazionale artrosi di Monza e la dott.ssa Graziella Urso, fisioterapista ci presenteranno quali sono le terapie naturali studiate scientificamente che contrastano e bloccano l\u2019invecchiamento delle articolazioni.<br \/>\nUna postura scorretta pu\u00f2 provocare, oltre al mal di schiena, una serie enorme di disturbi che peggiorano molto la qualit\u00e0 della vita. Come correggere la postura per stare in salute? Ce lo mostrer\u00e0 il dott. Ugo D\u2019Alessandro, fisioterapista.<br \/>\nInfine, il nostro medico di famiglia, dott.ssa Roberta Rettagliati, come ogni gioved\u00ec risponder\u00e0 a tre domande che ci hanno fatto i nostri telespettatori tramite email, social telefono.<\/p>\n<p style=\"text-align: justify;\">25 Ottobre<br \/>\nOttobre \u00e8 il mese della prevenzione del tumore al seno e con il prof. Riccardo Masetti, direttore del reparto di chirurgia senologica al Policlinico Gemelli di Roma illustreremo quali sono gli esami fondamentali per controllare la salute del proprio seno.<br \/>\nE\u2019 allarme ranitinida e omeoprazolo, due farmaci ritirati dall\u2019aifa e usati soprattutto da chi soffre di reflusso. Come curare l\u2019acidit\u00e0 di stomaco con medicinali alternativi? Ce lo spiegher\u00e0 il dott. Carlo Gargiulo, medico di famiglia.<br \/>\nL\u2019inverno \u00e8 alle porte e bisogna rafforzare il sistema immunitario per prevenire i malanni stagionali. Con il dott. Fabio Rodaro, esperto in fitoterapia e psicosomatica spiegheremo come farlo scegliendo dei rimedi naturali efficaci.<br \/>\nL\u2019inverno e il freddo possono danneggiare soprattutto la nostra pelle. Con la dott.ssa Manuela Carrera, dermatologa Ospedale Israelitico di Roma spiegheremo come prepararci a difenderla, con creme e prodotti naturali.<br \/>\nTerminiamo la nostra settimana all\u2019insegna dell\u2019attivit\u00e0 fisica. Massimo Faraci, personal trainer ci mostrer\u00e0 degli esercizi per rafforzare le nostre gambe.<\/p>\n","protected":false},"excerpt":{"rendered":"21 Ottobre Iniziamo questa settimana con un buon proposito: eliminare il grasso addominale! Il prof. Pierluigi Rossi, specialista in scienza dell\u2019alimentazione ci spiegher\u00e0 quali sono i tre passi per ridurre efficacemente la circonferenza del proprio addome. A seguire avremo l\u2019onore di ospitare uno dei maggiori ricercatori e oncologi al mondo, il PROF. Antonio Giordano, genetista, [&hellip;]","protected":false},"author":6,"featured_media":4632,"comment_status":"open","ping_status":"open","sticky":false,"template":"","format":"standard","meta":{"_acf_changed":false,"footnotes":""},"categories":[475],"tags":[],"class_list":["post-4631","post","type-post","status-publish","format-standard","has-post-thumbnail","hentry","category-notizie"],"acf":[],"aioseo_notices":[],"featured_image_url":"https:\/\/www.tv2000.it\/ilmiomedico\/wp-content\/uploads\/sites\/8\/2019\/10\/Il-mio-medico-Monica-di-Loreto-1-1024x683.jpg","_links":{"self":[{"href":"https:\/\/www.tv2000.it\/ilmiomedico\/wp-json\/wp\/v2\/posts\/4631","targetHints":{"allow":["GET"]}}],"collection":[{"href":"https:\/\/www.tv2000.it\/ilmiomedico\/wp-json\/wp\/v2\/posts"}],"about":[{"href":"https:\/\/www.tv2000.it\/ilmiomedico\/wp-json\/wp\/v2\/types\/post"}],"author":[{"embeddable":true,"href":"https:\/\/www.tv2000.it\/ilmiomedico\/wp-json\/wp\/v2\/users\/6"}],"replies":[{"embeddable":true,"href":"https:\/\/www.tv2000.it\/ilmiomedico\/wp-json\/wp\/v2\/comments?post=4631"}],"version-history":[{"count":2,"href":"https:\/\/www.tv2000.it\/ilmiomedico\/wp-json\/wp\/v2\/posts\/4631\/revisions"}],"predecessor-version":[{"id":4671,"href":"https:\/\/www.tv2000.it\/ilmiomedico\/wp-json\/wp\/v2\/posts\/4631\/revisions\/4671"}],"wp:featuredmedia":[{"embeddable":true,"href":"https:\/\/www.tv2000.it\/ilmiomedico\/wp-json\/wp\/v2\/media\/4632"}],"wp:attachment":[{"href":"https:\/\/www.tv2000.it\/ilmiomedico\/wp-json\/wp\/v2\/media?parent=4631"}],"wp:term":[{"taxonomy":"category","embeddable":true,"href":"https:\/\/www.tv2000.it\/ilmiomedico\/wp-json\/wp\/v2\/categories?post=4631"},{"taxonomy":"post_tag","embeddable":true,"href":"https:\/\/www.tv2000.it\/ilmiomedico\/wp-json\/wp\/v2\/tags?post=4631"}],"curies":[{"name":"wp","href":"https:\/\/api.w.org\/{rel}","templated":true}]}}