{"id":4673,"date":"2019-10-25T11:00:16","date_gmt":"2019-10-25T09:00:16","guid":{"rendered":"http:\/\/www.tv2000.it\/ilmiomedico\/?p=4673"},"modified":"2019-10-23T16:59:36","modified_gmt":"2019-10-23T14:59:36","slug":"il-mio-medico-i-temi-della-settimana-dal-28-al-31-ottobre","status":"publish","type":"post","link":"https:\/\/www.tv2000.it\/ilmiomedico\/2019\/10\/25\/il-mio-medico-i-temi-della-settimana-dal-28-al-31-ottobre\/","title":{"rendered":"Il mio Medico \u2013 I temi della settimana dal 28 al 31 ottobre"},"content":{"rendered":"<p><strong><img decoding=\"async\" class=\"aligncenter\" src=\"https:\/\/www.tv2000.it\/ilmiomedico\/wp-content\/uploads\/sites\/8\/2019\/10\/Il-mio-medico-Monica-di-Loreto-1.jpg\" width=\"750\" height=\"500\">Luned\u00ec 28<\/strong><br \/>\nApriamo la settimana con dei preziosi consigli per mantenere il nostro cuore in salute attraverso l\u2019alimentazione. Ne parleremo con il prof. Roberto Volpe, ricercatore del Cnr (Consiglio nazionale delle ricerche).<br \/>\nLa tiroide \u00e8 uno degli organi principali per regolare in buon funzionamento del nostro organismo. Perci\u00f2 controllarla \u00e8 fondamentale! Vedremo degli esami in diretta con il prof. Salvatore Maria corsello endocrinologo al policlinico Gemelli di Roma e il dott. Stefano Minelli.<br \/>\nDurante il cambio di stagione uno dei disturbi pi\u00f9 frequenti \u00e8 la difficolt\u00e0 ad addormentarsi. Il prof. Luigi Ferini Strambi, direttore del centro di medicina del sonno all\u2019ospedale san Raffaele di Milano ci consiglier\u00e0 come combattere l\u2019insonnia.<br \/>\nStare in salute e in forma in terza et\u00e0 oggi \u00e8 possibile grazie a percorsi terapeutici davvero piacevoli. Vi presenteremo quello del \u201cCentro Salute Piu\u2019\u201d di Bologna con il prof. Antonio Monti, medico e psicologo.<br \/>\nIniziamo la settimana facendo attivit\u00e0 fisica! Il dott. Andrea Roncari, fisioterapista e specialista in scienze motorie, docente all\u2019universit\u00e0 di Pavia, ci mostrer\u00e0 alcuni esercizi per contrastare il mal di schiena.<\/p>\n<p><strong>Marted\u00ec 29<\/strong><\/p>\n<p>L\u2019immunoterapia \u00e8 la nuova frontiera per sconfiggere i tumori. Con il prof. Michele Maio, uno dei pi\u00f9 importanti oncologi specializzati in immunoterapia al mondo, direttore del Centro di immunoterapia oncologica al policlinico Santa Maria alle Scotte di Siena presenteremo le nuove cure e speranze curare i tumori.<br \/>\nCome si pu\u00f2 abbassare il colesterolo cattivo? La dott.ssa Roberta Rettagliati, medico di famiglia ci consiglier\u00e0 le strategie farmacologiche ed alimentari pi\u00f9 efficaci.<br \/>\nE\u2019 tempo di vaccinarsi! Il prof. Graziano Onder, geriatra al policlinico Gemelli di Roma ci spiegher\u00e0 quali sono i tre vaccini consigliati per gli anziani in questo periodo.<br \/>\nL\u2019autunno \u00e8 tempo di noci, ma quali sono le straordinarie propriet\u00e0 salutari di questo frutto? Ce ne parler\u00e0 il dott. Luca Di Russo, biologo nutrizionista.<br \/>\nPer avere una pelle sempre splendente la dott.ssa Chantal Sciuto, dermatologa, direttrice del corso di medicina estetica per l\u2019ospedale Fatebenefratelli di Roma ci presenter\u00e0 un macchinario di ultima generazione in grado di effettuare un peeling senza ablazione.<\/p>\n<p><strong>Gioved\u00ec 31<\/strong><\/p>\n<p>Iniziamo la puntata facendo colazione, preparando con la chef Erica Liverani, delle ricette salutari. Il dott. Giuliano Ubezio, dietista al Centro nazionale artrosi di Monza ci spiegher\u00e0 quali sono i cibi giusti da scegliere.<br \/>\nL\u2019istituto ortopedico Gaetano Pini di Milano \u00e8 stato uno dei primi centri in Europa ad installare una protesi al ginocchio personalizzata e stampata in 3D. Entreremo in questa struttura d\u2019eccellenza e ci mostrer\u00e0 come si svolge questo intervento innovativo il prof. Pietro Randelli, direttore della prima clinica ortopedica all\u2019istituto ortopedico Gaetani Pini di Milano.<br \/>\nCome ogni gioved\u00ec con la dott.ssa Roberta Rettagliati, medico di famiglia, rispondiamo alle domande che i telespettatori ci lasciano ogni giorno tramite telefono, email e social. Per la nostra rubrica sulle \u201cfake news\u201d sul cibo, con il dott. Luca Avoledo, biologo nutrizionista e naturopata, sfateremo un luogo comune molto diffuso: lo zucchero di canna fa meno male di quello bianco?<\/p>\n","protected":false},"excerpt":{"rendered":"Luned\u00ec 28 Apriamo la settimana con dei preziosi consigli per mantenere il nostro cuore in salute attraverso l\u2019alimentazione. Ne parleremo con il prof. Roberto Volpe, ricercatore del Cnr (Consiglio nazionale delle ricerche). La tiroide \u00e8 uno degli organi principali per regolare in buon funzionamento del nostro organismo. Perci\u00f2 controllarla \u00e8 fondamentale! Vedremo degli esami in [&hellip;]","protected":false},"author":6,"featured_media":4632,"comment_status":"open","ping_status":"open","sticky":false,"template":"","format":"standard","meta":{"_acf_changed":false,"footnotes":""},"categories":[475],"tags":[],"class_list":["post-4673","post","type-post","status-publish","format-standard","has-post-thumbnail","hentry","category-notizie"],"acf":[],"aioseo_notices":[],"featured_image_url":"https:\/\/www.tv2000.it\/ilmiomedico\/wp-content\/uploads\/sites\/8\/2019\/10\/Il-mio-medico-Monica-di-Loreto-1-1024x683.jpg","_links":{"self":[{"href":"https:\/\/www.tv2000.it\/ilmiomedico\/wp-json\/wp\/v2\/posts\/4673","targetHints":{"allow":["GET"]}}],"collection":[{"href":"https:\/\/www.tv2000.it\/ilmiomedico\/wp-json\/wp\/v2\/posts"}],"about":[{"href":"https:\/\/www.tv2000.it\/ilmiomedico\/wp-json\/wp\/v2\/types\/post"}],"author":[{"embeddable":true,"href":"https:\/\/www.tv2000.it\/ilmiomedico\/wp-json\/wp\/v2\/users\/6"}],"replies":[{"embeddable":true,"href":"https:\/\/www.tv2000.it\/ilmiomedico\/wp-json\/wp\/v2\/comments?post=4673"}],"version-history":[{"count":1,"href":"https:\/\/www.tv2000.it\/ilmiomedico\/wp-json\/wp\/v2\/posts\/4673\/revisions"}],"predecessor-version":[{"id":4674,"href":"https:\/\/www.tv2000.it\/ilmiomedico\/wp-json\/wp\/v2\/posts\/4673\/revisions\/4674"}],"wp:featuredmedia":[{"embeddable":true,"href":"https:\/\/www.tv2000.it\/ilmiomedico\/wp-json\/wp\/v2\/media\/4632"}],"wp:attachment":[{"href":"https:\/\/www.tv2000.it\/ilmiomedico\/wp-json\/wp\/v2\/media?parent=4673"}],"wp:term":[{"taxonomy":"category","embeddable":true,"href":"https:\/\/www.tv2000.it\/ilmiomedico\/wp-json\/wp\/v2\/categories?post=4673"},{"taxonomy":"post_tag","embeddable":true,"href":"https:\/\/www.tv2000.it\/ilmiomedico\/wp-json\/wp\/v2\/tags?post=4673"}],"curies":[{"name":"wp","href":"https:\/\/api.w.org\/{rel}","templated":true}]}}