{"id":4724,"date":"2019-10-31T11:45:22","date_gmt":"2019-10-31T10:45:22","guid":{"rendered":"http:\/\/www.tv2000.it\/ilmiomedico\/?p=4724"},"modified":"2019-10-31T11:45:22","modified_gmt":"2019-10-31T10:45:22","slug":"il-mio-medico-i-temi-della-settimana-dal-4-all8-novembre","status":"publish","type":"post","link":"https:\/\/www.tv2000.it\/ilmiomedico\/2019\/10\/31\/il-mio-medico-i-temi-della-settimana-dal-4-all8-novembre\/","title":{"rendered":"Il mio Medico \u2013 I temi della settimana dal 4 all&#8217;8 novembre"},"content":{"rendered":"<p style=\"text-align: justify;\"><strong><img decoding=\"async\" class=\"aligncenter\" src=\"https:\/\/www.tv2000.it\/ilmiomedico\/wp-content\/uploads\/sites\/8\/2019\/10\/Il-mio-medico-Monica-di-Loreto-1.jpg\" width=\"750\" height=\"500\"><\/strong><\/p>\n<p style=\"text-align: justify;\"><strong><u>Luned\u00ec 4 novembre<\/u><\/strong><\/p>\n<p style=\"text-align: justify;\">Inizia una nuova settimana dedicata ai consigli sulla salute e ripartiamo da un tema molto dibattuto negli ultimi tempi: la carne fa male? Meglio preferire una dieta vegetariana? Ne parleremo con il prof. Eugenio del Toma, specialista in scienze dell\u2019alimentazione.<\/p>\n<p style=\"text-align: justify;\">Dopo i 65 anni, una delle patologie che colpisce maggiormente il cuore riguarda le valvole cardiache. Con il prof. Massimo Massetti, direttore dell\u2019area cardiovascolare e della cardiochirurgia della Fondazione Policlinico Gemelli di Roma.<\/p>\n<p style=\"text-align: justify;\">Le unghie sono lo specchio della nostra salute, ma come curarle? Ce lo spiegher\u00e0 la prof.ssa Bianca Maria Piraccini, dermatologa e <strong>responsabile dell\u2019ambulatorio di allergologia e malattie degli annessi al Policlinico S.Orsola-Malpighi di Bologna.<\/strong><\/p>\n<p style=\"text-align: justify;\">In casa ci sono degli oggetti ricettacolo di milioni di germi e batteri. Il dott. Filippo Caccavale, <em>chimico<\/em> ed esperto in qualit\u00e0 alimentare ci mostrer\u00e0, in diretta, come igienizzare in modo corretto la scopa, lo staccio e l\u2019aspirapolvere.<\/p>\n<p style=\"text-align: justify;\">Concludiamo la puntata facendo un po\u2019 di sport e il personal trainer Massimo Faraci ci suggerir\u00e0 dei semplici esercizi da fare a casa per stare in forma, con un elastico.<\/p>\n<p style=\"text-align: justify;\">&nbsp;<\/p>\n<p style=\"text-align: justify;\"><strong><u>Marted\u00ec 5 novembre<\/u><\/strong><\/p>\n<p style=\"text-align: justify;\">L\u2019influenza \u00e8 alle porte: come non farsi trovare impreparati? Il nostro medico di famiglia, Roberta Rettagliati ci suggerir\u00e0 tre passi per curare e prevenire l\u2019influenza.<\/p>\n<p style=\"text-align: justify;\">L\u2019avanzamento delle tecnologie aiuta a sviluppare delle tecniche \u201csu misura\u201d per ogni paziente.&nbsp; Con il prof. Rocco Papalia, responsabile dell\u2019unit\u00e0 di <em>ortopedia<\/em> e traumatologia al Policlinico Campus Biomedico di Roma, scopriremo un nuovo sistema per impiantare le protesi alla spalla.<\/p>\n<p style=\"text-align: justify;\">L\u2019autunno \u00e8 tempo di zuppe e minestre, ma quali sono gli ingredienti pi\u00f9 salutari da scegliere? Ce lo dir\u00e0 il dott. Luca Di Tolla, biologo nutrizionista.<\/p>\n<p style=\"text-align: justify;\">Per la nostra rubrica quindicinale sugli integratori faremo un approfondimento sulla vitamina D con il dott. Stefano Gervasi, esperto in dietologia e nutrizione clinica, che consiglier\u00e0 come e quando assumerla.<\/p>\n<p style=\"text-align: justify;\">Il tumore alla prostata \u00e8 tra i pi\u00f9 frequenti nell\u2019uomo, ma si pu\u00f2 curare in maniera risolutiva grazie alla diagnosi precoce. Con il dott. Cosimo de Nunzio, dirigente medico del reparto di urologia all\u2019ospedale Sant\u2019Andrea di Roma, vedremo quali sono gli esami innovativi per controllare la salute della prostata.<\/p>\n<p style=\"text-align: justify;\">&nbsp;<\/p>\n<p style=\"text-align: justify;\"><strong><u>Gioved\u00ec 7 novembre<\/u><\/strong><\/p>\n<p style=\"text-align: justify;\">Iniziamo la puntata con un bel piatto di pasta! Ma meglio quella integrale o bianca? E quale condimento scegliere? Ne parleremo con il dott. Luca Avoledo, biologo nutrizionista esperto in naturopatia e vedremo in diretta la preparazione di ravioli gustosi e salutari con lo chef Simone Loi, della Federazione italiana cuochi.<\/p>\n<p style=\"text-align: justify;\">L\u2019installazione di un impianto dentale \u00e8 sempre un intervento molto lungo e articolato. Oggi le nuove tecnologie rendono l\u2019operazione molto pi\u00f9 veloce e meno dolorosa per il paziente. Ci presenter\u00e0 tutte le novit\u00e0 il dott. Giuseppe Cicero, parodontologo.<\/p>\n<p style=\"text-align: justify;\">Le intolleranze alimentari sono un problema per 10 milioni di italiani. Quali sono gli esami per riconoscerle e guarirle? Ce lo dir\u00e0 uno dei massimi esperti il dott. Attilio Speciani, immunologo clinico e specialista in allergologia.<\/p>\n<p style=\"text-align: justify;\">Dolore alla cervicale, che male! Come intervenire prontamente sbloccando il collo? Ci mostrer\u00e0 dei trattamenti in diretta il dott. Gabriele Benedetti, osteopata, docente della <em>E<\/em><em>uropean<\/em> academy of osteopathy.<\/p>\n<p style=\"text-align: justify;\">Tantissime donne soffrono di cistite. Il nostro medico di famiglia, dott.ssa Roberta Rettagliati, medico di famiglia ci spiegher\u00e0 quali sono le terapie pi\u00f9 efficaci per curarla.<\/p>\n<p style=\"text-align: justify;\"><strong>&nbsp;<\/strong><\/p>\n<p style=\"text-align: justify;\"><strong><u>Venerd\u00ec 8 novembre<\/u><\/strong><\/p>\n<p style=\"text-align: justify;\">Diverticoli, un problema che interessa 6 milioni di italiani! Il dott. Carlo Gargiulo, medico di famiglia ci dir\u00e0 come prevenire l\u2019infiammazione intestinale in tre semplici passi.<\/p>\n<p style=\"text-align: justify;\">Come ogni venerd\u00ec spazio alla nostra rubrica sui rimedi naturali. Con frate Ezio Battaglia, farmacista del convento Sant\u2019Anna di Genova, presenteremo le antiche ricette dei frati carmelitani per mantenere giovane la pelle.<\/p>\n<p style=\"text-align: justify;\">Le apnee notturne sono un disturbo serio che compromette il sonno e la qualit\u00e0 della vita. Il prof. Lino Di Rienzo Businco, otorinolaringoiatra presso l\u2019istituto medicina e scienza dello sport \u2013 CONI ci presenter\u00e0 le terapie pi\u00f9 innovative per curare le apnee.<\/p>\n<p style=\"text-align: justify;\">La zucca \u00e8 l\u2019ortaggio principe dell\u2019autunno e la dott.ssa Valentina Galiazzo, biologa nutrizionista \u2013 ci spiegher\u00e0 quali sono le propriet\u00e0 salutari della zucca e come sfruttarle.<\/p>\n<p style=\"text-align: justify;\">Il dolore ai piedi tormenta milioni di italiani, soprattutto anziani. E\u2019 possibile eliminare il mal di piedi con dei semplici trattamenti che ci mostrer\u00e0 in studio il dott. Renzo Rossi, podologo.<\/p>\n<p style=\"text-align: justify;\">\n","protected":false},"excerpt":{"rendered":"Luned\u00ec 4 novembre Inizia una nuova settimana dedicata ai consigli sulla salute e ripartiamo da un tema molto dibattuto negli ultimi tempi: la carne fa male? Meglio preferire una dieta vegetariana? Ne parleremo con il prof. Eugenio del Toma, specialista in scienze dell\u2019alimentazione. Dopo i 65 anni, una delle patologie che colpisce maggiormente il cuore [&hellip;]","protected":false},"author":6,"featured_media":4632,"comment_status":"open","ping_status":"open","sticky":false,"template":"","format":"standard","meta":{"_acf_changed":false,"footnotes":""},"categories":[475],"tags":[],"class_list":["post-4724","post","type-post","status-publish","format-standard","has-post-thumbnail","hentry","category-notizie"],"acf":[],"aioseo_notices":[],"featured_image_url":"https:\/\/www.tv2000.it\/ilmiomedico\/wp-content\/uploads\/sites\/8\/2019\/10\/Il-mio-medico-Monica-di-Loreto-1-1024x683.jpg","_links":{"self":[{"href":"https:\/\/www.tv2000.it\/ilmiomedico\/wp-json\/wp\/v2\/posts\/4724","targetHints":{"allow":["GET"]}}],"collection":[{"href":"https:\/\/www.tv2000.it\/ilmiomedico\/wp-json\/wp\/v2\/posts"}],"about":[{"href":"https:\/\/www.tv2000.it\/ilmiomedico\/wp-json\/wp\/v2\/types\/post"}],"author":[{"embeddable":true,"href":"https:\/\/www.tv2000.it\/ilmiomedico\/wp-json\/wp\/v2\/users\/6"}],"replies":[{"embeddable":true,"href":"https:\/\/www.tv2000.it\/ilmiomedico\/wp-json\/wp\/v2\/comments?post=4724"}],"version-history":[{"count":1,"href":"https:\/\/www.tv2000.it\/ilmiomedico\/wp-json\/wp\/v2\/posts\/4724\/revisions"}],"predecessor-version":[{"id":4725,"href":"https:\/\/www.tv2000.it\/ilmiomedico\/wp-json\/wp\/v2\/posts\/4724\/revisions\/4725"}],"wp:featuredmedia":[{"embeddable":true,"href":"https:\/\/www.tv2000.it\/ilmiomedico\/wp-json\/wp\/v2\/media\/4632"}],"wp:attachment":[{"href":"https:\/\/www.tv2000.it\/ilmiomedico\/wp-json\/wp\/v2\/media?parent=4724"}],"wp:term":[{"taxonomy":"category","embeddable":true,"href":"https:\/\/www.tv2000.it\/ilmiomedico\/wp-json\/wp\/v2\/categories?post=4724"},{"taxonomy":"post_tag","embeddable":true,"href":"https:\/\/www.tv2000.it\/ilmiomedico\/wp-json\/wp\/v2\/tags?post=4724"}],"curies":[{"name":"wp","href":"https:\/\/api.w.org\/{rel}","templated":true}]}}