{"id":4819,"date":"2019-11-15T12:09:40","date_gmt":"2019-11-15T11:09:40","guid":{"rendered":"http:\/\/www.tv2000.it\/ilmiomedico\/?p=4819"},"modified":"2019-11-19T11:17:31","modified_gmt":"2019-11-19T10:17:31","slug":"il-mio-medico-i-temi-della-settimana-dall18-al-19-novembre","status":"publish","type":"post","link":"https:\/\/www.tv2000.it\/ilmiomedico\/2019\/11\/15\/il-mio-medico-i-temi-della-settimana-dall18-al-19-novembre\/","title":{"rendered":"Il mio Medico \u2013 I temi della settimana"},"content":{"rendered":"<p><strong><u><img decoding=\"async\" class=\"aligncenter\" src=\"https:\/\/www.tv2000.it\/ilmiomedico\/wp-content\/uploads\/sites\/8\/2019\/10\/Il-mio-medico-Monica-di-Loreto-1.jpg\" width=\"906\" height=\"604\">Luned\u00ec 18<\/u><\/strong><\/p>\n<p>Riparte una nuova settimana de \u201cIl mio medico\u201d affrontando uno dei temi di maggiore attualit\u00e0 in questo il periodo: il reflusso gastroesofageo. Con la dott.ssa Federica Furfaro, gastroenterologa all\u2019Istituto \u201cHumanitas\u201d Milano scopriremo come correggere la propria alimentazione per contrastare e prevenire bruciore e acidit\u00e0 di stomaco.<\/p>\n<p>In esclusiva, per la prima volta in televisione, presentiamo il microchip senza fili in grado di monitorare il cuore in maniera costante. Ci spiegher\u00e0 come funziona questa rivoluzionaria tecnologia il prof. Filippo Crea, direttore dell\u2019Unit\u00e0 Operativa Complessa di Cardiologia al Policlinico Gemelli di Roma che \u00e8 stato il primo a impiantarlo in Italia.<\/p>\n<p>L\u2019avocado \u00e8 uno dei frutti di tendenza e pi\u00f9 utilizzati nelle diete salutari. Con il dott. Dario Vista, biologo nutrizionista illustreremo tutte le propriet\u00e0 benefiche e come sfruttarle al meglio in cucina.<\/p>\n<p>Continua il nostro viaggio per scovare e stanare i germi in casa e in questa puntata il dott. Filippo Caccavale, chimico, ci dar\u00e0 dei consigli per igienizzare gli oggetti pi\u00f9 sporchi in bagno.<\/p>\n<p>Come di consueto, iniziamo la settimana facendo attivit\u00e0 fisica! Il personal trainer Lorenzo Palomba ci mostrer\u00e0 dei facili esercizi per sbloccare le spalle e prevenire il dolore.<\/p>\n<p>&nbsp;<\/p>\n<p><strong><u>Marted\u00ec 19<\/u><\/strong><\/p>\n<p>Arrivano i primi freddi e si accentuano le malattie da raffreddamento croniche. Il prof. Fabrizio Salvinelli, direttore del reparto di otorinolaringoiatria al Policlinico Campus Biomedico di Roma ci presenta una tecnica innovativa per curare la sinusite in modo definitivo.<\/p>\n<p>Proseguiamo con i consigli sulla prevenzione dei malanni stagionali e il prof. Francesco Broccolo, microbiologo all\u2019universit\u00e0 Bicocca di Milano ci suggerir\u00e0 come rafforzare il sistema immunitario.<\/p>\n<p>La carenza di ferro pu\u00f2 provocare stanchezza e debolezza. Come contrastare l\u2019anemia? Ci dir\u00e0 tutto la dott.ssa Roberta Rettagliati, medico di famiglia.<\/p>\n<p>Negli ultimi tempi \u00e8 boom di integratori a base di curcuma, ma sono davvero sicuri? Come e quando assumerli? Ne parleremo con il dott. Stefano Gervasi, medico ed esperto in dietologia e nutrizione.<\/p>\n<p>Con l\u2019arrivo dell\u2019inverno \u00e8 importante curare la propria pelle. La dott.ssa Manuela Carrera, dermatologa all\u2019Ospedale Israelitico di Roma ci presenter\u00e0 un trattamento innovativo, la biostimolazione, per avere una pelle sempre giovane e sana!<\/p>\n","protected":false},"excerpt":{"rendered":"Luned\u00ec 18 Riparte una nuova settimana de \u201cIl mio medico\u201d affrontando uno dei temi di maggiore attualit\u00e0 in questo il periodo: il reflusso gastroesofageo. Con la dott.ssa Federica Furfaro, gastroenterologa all\u2019Istituto \u201cHumanitas\u201d Milano scopriremo come correggere la propria alimentazione per contrastare e prevenire bruciore e acidit\u00e0 di stomaco. In esclusiva, per la prima volta in [&hellip;]","protected":false},"author":6,"featured_media":4632,"comment_status":"open","ping_status":"open","sticky":false,"template":"","format":"standard","meta":{"_acf_changed":false,"footnotes":""},"categories":[475],"tags":[],"class_list":["post-4819","post","type-post","status-publish","format-standard","has-post-thumbnail","hentry","category-notizie"],"acf":[],"aioseo_notices":[],"featured_image_url":"https:\/\/www.tv2000.it\/ilmiomedico\/wp-content\/uploads\/sites\/8\/2019\/10\/Il-mio-medico-Monica-di-Loreto-1-1024x683.jpg","_links":{"self":[{"href":"https:\/\/www.tv2000.it\/ilmiomedico\/wp-json\/wp\/v2\/posts\/4819","targetHints":{"allow":["GET"]}}],"collection":[{"href":"https:\/\/www.tv2000.it\/ilmiomedico\/wp-json\/wp\/v2\/posts"}],"about":[{"href":"https:\/\/www.tv2000.it\/ilmiomedico\/wp-json\/wp\/v2\/types\/post"}],"author":[{"embeddable":true,"href":"https:\/\/www.tv2000.it\/ilmiomedico\/wp-json\/wp\/v2\/users\/6"}],"replies":[{"embeddable":true,"href":"https:\/\/www.tv2000.it\/ilmiomedico\/wp-json\/wp\/v2\/comments?post=4819"}],"version-history":[{"count":3,"href":"https:\/\/www.tv2000.it\/ilmiomedico\/wp-json\/wp\/v2\/posts\/4819\/revisions"}],"predecessor-version":[{"id":4861,"href":"https:\/\/www.tv2000.it\/ilmiomedico\/wp-json\/wp\/v2\/posts\/4819\/revisions\/4861"}],"wp:featuredmedia":[{"embeddable":true,"href":"https:\/\/www.tv2000.it\/ilmiomedico\/wp-json\/wp\/v2\/media\/4632"}],"wp:attachment":[{"href":"https:\/\/www.tv2000.it\/ilmiomedico\/wp-json\/wp\/v2\/media?parent=4819"}],"wp:term":[{"taxonomy":"category","embeddable":true,"href":"https:\/\/www.tv2000.it\/ilmiomedico\/wp-json\/wp\/v2\/categories?post=4819"},{"taxonomy":"post_tag","embeddable":true,"href":"https:\/\/www.tv2000.it\/ilmiomedico\/wp-json\/wp\/v2\/tags?post=4819"}],"curies":[{"name":"wp","href":"https:\/\/api.w.org\/{rel}","templated":true}]}}