{"id":4872,"date":"2019-11-22T11:44:08","date_gmt":"2019-11-22T10:44:08","guid":{"rendered":"http:\/\/www.tv2000.it\/ilmiomedico\/?p=4872"},"modified":"2019-11-22T11:44:08","modified_gmt":"2019-11-22T10:44:08","slug":"il-mio-medico-i-temi-della-settimana-dal-26-al-29-novembre","status":"publish","type":"post","link":"https:\/\/www.tv2000.it\/ilmiomedico\/2019\/11\/22\/il-mio-medico-i-temi-della-settimana-dal-26-al-29-novembre\/","title":{"rendered":"Il mio Medico \u2013 I temi della settimana dal 26 al 29 novembre"},"content":{"rendered":"<p><img decoding=\"async\" class=\"aligncenter\" src=\"https:\/\/www.tv2000.it\/ilmiomedico\/wp-content\/uploads\/sites\/8\/2019\/10\/Il-mio-medico-Monica-di-Loreto-1.jpg\" width=\"750\" height=\"500\"><\/p>\n<p><strong><u>Marted\u00ec 26 novembre<\/u><\/strong><\/p>\n<p>Riprendono le dirette de \u201cIl mio medico\u201d con un argomento sul quale sono stati effettuati importanti e recenti studi scientifici: i cibi che mantengono la pelle sana e giovane. Ne parleremo con la dott.ssa Pucci Romano, dermatologa, responsabile dell\u2019<strong>ambulatorio dermatologico per pazienti in trattamento oncologico all\u2019ospedale San Camillo Forlanini di Roma.<\/strong><\/p>\n<p>La cistite \u00e8 un\u2019infiammazione fastidiosa e molto frequente, soprattutto fra le donne. Con la dott.ssa Roberta Rettagliati, medico di famiglia spiegheremo come curarla in modo definitivo per evitare recidive.<\/p>\n<p>Per vivere a lungo e in salute bastano tre semplici passi. Con il dott. Paolo Soffientini, biotecnologo agrario e ricercatore sveleremo quali sono le tre regole della longevit\u00e0.<\/p>\n<p>C\u2019\u00e8 \u201cun tempo per ogni cosa\u201d. Concentrazione, attenzione, studio, memoria, lavoro, attivit\u00e0 fisica, sportiva, sonno e cos\u00ec via dipendono dalla capacit\u00e0 di seguire il nostro orologio biologico. Come fare? Ce lo spiegher\u00e0 il prof. Roberto Manfredini, professore ordinario di medicina interna presso l&#8217;universit\u00e0 degli studi di Ferrara e direttore dell&#8217;unit\u00e0 operativa di clinica medica dell\u2019ospedale Sant&#8217;Anna di Ferrara.<\/p>\n<p>Il mal di piedi \u00e8 un problema molto frequente, soprattutto nella popolazione anziana. In moltissimi casi per risolvere questo disturbo \u00e8 importante scegliere dei plantari personalizzati \u201csu misura\u201d. Vedremo come si realizzano, in diretta, con macchinari tecnologicamente avanzati, grazie al dott. Renzo Rossi, podologo dell\u2019Associazione italiana podologi.<\/p>\n<p><strong><u>Gioved\u00ec 28 novembre<\/u><\/strong><\/p>\n<p>Chi non ha mai avuto un attacco di mal di testa? In <em>Italia<\/em> 26 <em>milioni<\/em> di persone ne soffrono in maniera periodica. Per la nostra rubrica sui \u201cTre passi per\u2026\u201d scopriremo quali sono le soluzioni pi\u00f9 efficaci per curare e prevenire il mal di testa con il prof. Bruno Colombo<strong>, <\/strong>direttore centro cefalee, dipartimento di neurologia, IRCCS ospedale San Raffaele di Milano.<\/p>\n<p>Come ogni gioved\u00ec la dott.ssa Roberta Rettagliati, medico di famiglia, risponder\u00e0 alle domande dei telespettatori. Per questa settimana parleremo dell\u2019interazione antibiotico e latticini, di quali esami fare in caso di stipsi e se i diabetici possono consumare la frutta.<\/p>\n<p>Milioni di batteri popolano il nostro intestino e formano il microbiota. Dalla salute del microbiota dipende il benessere del nostro organismo per prevenire e curare molte malattie intestinali e non solo. Con il dott. Nicola Castaldini, direttore sanitario e specialista in medicina interna al \u201cPrimus Forl\u00ec Medical Center\u201d conosceremo gli esami pi\u00f9 all\u2019avanguardia per analizzare il microbiota e come mantenerlo in salute.<\/p>\n<p>Ritorna l\u2019appuntamento con la nostra rubrica \u201cBufale sul cibo\u201d e in questa puntata metteremo sotto la lente d\u2019ingrandimento un luogo comune molto diffuso: le patate fanno ingrassare? A questa domanda risponder\u00e0 il dott. Luca Avoledo, biologo nutrizionista e naturopata che ci aiuter\u00e0 a sfatare le principali leggende metropolitane sulle patate.<\/p>\n<p>Il dolore all\u2019anca \u00e8 molto frequente e impedisce di svolgere le normali attivit\u00e0 quotidiane. Il dott. Gabriele Benedetti, osteopata dell\u2019European Academy of Osteopathy ci mostrer\u00e0 i trattamenti pi\u00f9 efficaci per risolvere questo disturbo invalidante.<\/p>\n<p><strong><u>Venerd\u00ec 29 novembre<\/u><\/strong><\/p>\n<p>L\u2019intervento per rimuovere l\u2019ernia inguinale \u00e8 uno dei pi\u00f9 eseguiti al mondo. Quali sono le tecniche chirurgiche pi\u00f9 all\u2019avanguardia per prevenire dolore post-operatorio e recidive? Ne parleremo con il prof. Stefano Arcieri, chirurgo al Policlinico Umberto I di Roma.<\/p>\n<p>Con l\u2019avvento dei primi freddi arriva anche uno dei sintomi pi\u00f9 fastidiosi dei malanni stagionali, la tosse. Attenzione perch\u00e9 la tosse pu\u00f2 essere il campanello d\u2019allarme di una patologia pi\u00f9 seria come la polmonite. Con il prof. Francesco Blasi, <em>direttore<\/em> dell\u2019unit\u00e0 di pneumologia al \u201cPoliclinico Ca\u2019 Granda\u201d di Milano spiegheremo come riconoscere la polmonite, come curarla e prevenirla.<\/p>\n<p>Una mela al giorno toglie il medico di torno, dice il proverbio. Come? Quali mele scegliere e come sfruttare tutte le propriet\u00e0 in cucina? Lo scopriremo con il dott. Armando Desanctis, biologo nutrizionista e lo chef Matteo Chiappini.<\/p>\n<p>Con il passare degli anni la pelle, in particolare quella del viso e del collo, tendono a perdere di tonicit\u00e0 e freschezza. Con il dott. Marco Bartolucci, medico estetico presso il reparto di dermatologia e cosmetologia all\u2019ospedale San Raffaele di Milano vedremo in diretta un trattamento innovativo per il ringiovanimento per il collo e il viso.<\/p>\n<p>Per chiudere la settimana all\u2019insegna della salute proponiamo dei semplici esercizi da poter fare anche a casa. Il personal trainer Francesco Nugnez, ci proporr\u00e0 degli esercizi per rafforzare l\u2019addome e prevenire il mal di schiena.<\/p>\n","protected":false},"excerpt":{"rendered":"Marted\u00ec 26 novembre Riprendono le dirette de \u201cIl mio medico\u201d con un argomento sul quale sono stati effettuati importanti e recenti studi scientifici: i cibi che mantengono la pelle sana e giovane. Ne parleremo con la dott.ssa Pucci Romano, dermatologa, responsabile dell\u2019ambulatorio dermatologico per pazienti in trattamento oncologico all\u2019ospedale San Camillo Forlanini di Roma. La [&hellip;]","protected":false},"author":6,"featured_media":4632,"comment_status":"open","ping_status":"open","sticky":false,"template":"","format":"standard","meta":{"_acf_changed":false,"footnotes":""},"categories":[475],"tags":[],"class_list":["post-4872","post","type-post","status-publish","format-standard","has-post-thumbnail","hentry","category-notizie"],"acf":[],"aioseo_notices":[],"featured_image_url":"https:\/\/www.tv2000.it\/ilmiomedico\/wp-content\/uploads\/sites\/8\/2019\/10\/Il-mio-medico-Monica-di-Loreto-1-1024x683.jpg","_links":{"self":[{"href":"https:\/\/www.tv2000.it\/ilmiomedico\/wp-json\/wp\/v2\/posts\/4872","targetHints":{"allow":["GET"]}}],"collection":[{"href":"https:\/\/www.tv2000.it\/ilmiomedico\/wp-json\/wp\/v2\/posts"}],"about":[{"href":"https:\/\/www.tv2000.it\/ilmiomedico\/wp-json\/wp\/v2\/types\/post"}],"author":[{"embeddable":true,"href":"https:\/\/www.tv2000.it\/ilmiomedico\/wp-json\/wp\/v2\/users\/6"}],"replies":[{"embeddable":true,"href":"https:\/\/www.tv2000.it\/ilmiomedico\/wp-json\/wp\/v2\/comments?post=4872"}],"version-history":[{"count":1,"href":"https:\/\/www.tv2000.it\/ilmiomedico\/wp-json\/wp\/v2\/posts\/4872\/revisions"}],"predecessor-version":[{"id":4873,"href":"https:\/\/www.tv2000.it\/ilmiomedico\/wp-json\/wp\/v2\/posts\/4872\/revisions\/4873"}],"wp:featuredmedia":[{"embeddable":true,"href":"https:\/\/www.tv2000.it\/ilmiomedico\/wp-json\/wp\/v2\/media\/4632"}],"wp:attachment":[{"href":"https:\/\/www.tv2000.it\/ilmiomedico\/wp-json\/wp\/v2\/media?parent=4872"}],"wp:term":[{"taxonomy":"category","embeddable":true,"href":"https:\/\/www.tv2000.it\/ilmiomedico\/wp-json\/wp\/v2\/categories?post=4872"},{"taxonomy":"post_tag","embeddable":true,"href":"https:\/\/www.tv2000.it\/ilmiomedico\/wp-json\/wp\/v2\/tags?post=4872"}],"curies":[{"name":"wp","href":"https:\/\/api.w.org\/{rel}","templated":true}]}}