{"id":4899,"date":"2019-11-28T15:56:38","date_gmt":"2019-11-28T14:56:38","guid":{"rendered":"http:\/\/www.tv2000.it\/ilmiomedico\/?p=4899"},"modified":"2019-11-28T15:56:38","modified_gmt":"2019-11-28T14:56:38","slug":"il-mio-medico-i-temi-della-settimana-dal-2-al-6-dicembre","status":"publish","type":"post","link":"https:\/\/www.tv2000.it\/ilmiomedico\/2019\/11\/28\/il-mio-medico-i-temi-della-settimana-dal-2-al-6-dicembre\/","title":{"rendered":"Il mio Medico \u2013 I temi della settimana dal 2 al 6 dicembre"},"content":{"rendered":"<p style=\"text-align: justify;\"><img decoding=\"async\" class=\"aligncenter\" src=\"https:\/\/www.tv2000.it\/ilmiomedico\/wp-content\/uploads\/sites\/8\/2019\/10\/Il-mio-medico-Monica-di-Loreto-1.jpg\" width=\"803\" height=\"535\"><\/p>\n<p style=\"text-align: justify;\"><strong><u>Luned\u00ec 2 dicembre<\/u><\/strong><\/p>\n<p style=\"text-align: justify;\">Inizia una nuova settimana ripartendo dalla tavola della salute. Con il prof. Eugenio Del Toma, specialista in scienza dell\u2019alimentazione parleremo di zuccheri: sono davvero tutti nocivi per il nostro organismo? Come consumarli nella nostra dieta quotidiana? Lo spiegheremo con il nostro esperto.<\/p>\n<p style=\"text-align: justify;\">Arriva l\u2019inverno ed \u00e8 tempo di raffreddori, influenze e sinusiti. Come prevenire e curare in modo efficace la sinusite? Ce lo dir\u00e0 il prof. Gaetano Paludetti, direttore dell\u2019area otorinolaringoiatria al Policlinico Gemelli di Roma.<\/p>\n<p style=\"text-align: justify;\">Continua il nostro viaggio per ispezionare gli ambienti domestici e stanare germi e batteri che li popolano. Con il dott. Filippo Caccavale<strong>, <\/strong>chimico ed esperto di qualit\u00e0 alimentare mostreremo come igienizzare gli oggetti pi\u00f9 sporchi in camera da letto.<\/p>\n<p style=\"text-align: justify;\">Per avere una pelle giovane e luminosa non sono sufficienti solo le creme. La dott.ssa Manuela Carrera, dermatologa all\u2019Ospedale Israelitico di Roma ci presenter\u00e0 dei trattamenti mini-invasivi per restituire tono ed elasticit\u00e0 al viso.<\/p>\n<p style=\"text-align: justify;\">Concludiamo il nostro appuntamento facendo degli esercizi con Lorenzo Palomba, personal trainer, per avere gambe forti e resistenti.<\/p>\n<p style=\"text-align: justify;\">&nbsp;<\/p>\n<p style=\"text-align: justify;\"><strong><u>Marted\u00ec 3 dicembre<\/u><\/strong><\/p>\n<p style=\"text-align: justify;\">L\u2019autunno \u00e8 la stagione delle verdure amare: radicchio, indivia, cicoria gremiscono i banchi del mercato. Perch\u00e9 sono alleate della nostra salute e come consumarle? Ne parleremo con il dott. Luca Pacciolla<strong>, <\/strong>medico specialista in dietologia e nutrizione clinica e prepareremo una pizza, in diretta, con queste verdure con il pizzaiolo campione del mondo Davide Civitiello.<\/p>\n<p style=\"text-align: justify;\">I tipici sbalzi di temperatura in questo periodo mettono ko milioni di italiani. Il mal di gola \u00e8 uno dei disturbi pi\u00f9 comuni e con la dott.ssa Roberta Rettagliati, medico di famiglia, spiegheremo come curarlo in modo efficace e veloce.<\/p>\n<p style=\"text-align: justify;\">Stanchezza, variabilit\u00e0 dell\u2019umore, crampi potrebbero essere i sintomi di una carenza di magnesio. Come e quando assumere questo integratore minerale? Ce lo dir\u00e0 il dott. Stefano Gervasi<strong>,<\/strong> medico chirurgo, specialista in medicina nucleare, esperto in dietologia e nutrizione clinica.<\/p>\n<p style=\"text-align: justify;\">Nel periodo di avvicinamento al Natale \u201cIl mio medico\u201d dedica uno spazio anche ai meno fortunati e alla solidariet\u00e0. Ospiteremo in studio Barbara Antonelli e Maria Paola Leporale, dell\u2019organizzazione \u201cActionAid\u201d per raccontare l\u2019emergenza sanitaria in Mozambico e come sostenere i loro progetti per la lotta alle cause della povert\u00e0.<\/p>\n<p style=\"text-align: justify;\">&nbsp;<\/p>\n<p style=\"text-align: justify;\"><strong><u>Gioved\u00ec 5&nbsp;dicembre<\/u><\/strong><\/p>\n<p style=\"text-align: justify;\">Si apre una nuova diretta presentando una vera eccellenza della medicina italiana. Con il prof. Vincenzo Di Lazzaro, direttore dell\u2019Unit\u00e0 di Neurologia al Policlinico Campus Biomedico di Roma entreremo nel \u201cNEXTLAB\u201d per scoprire nuovissime tecnologie in grado di trattare pazienti che soffrono di depressione.<\/p>\n<p style=\"text-align: justify;\">Uno dei frutti tipici dell\u2019autunno sono le pere. Perch\u00e9 mangiarle e quali sono le propriet\u00e0 salutari? Ce lo dir\u00e0 il dott. Luca Di Russo, biologo nutrizionista.<\/p>\n<p style=\"text-align: justify;\">Le vertigini sono un disturbo molto frequente tra le persone anziane. Il dott. Gabriele Benedetti, osteopata dell\u2019\u201cEuropean academy of ostheopaty\u201d ci mostrer\u00e0, in diretta, dei trattamenti per risolvere questo problema in modo definitivo.<\/p>\n<p style=\"text-align: justify;\">Come ogni gioved\u00ec, spazio all\u2019interattivit\u00e0 con il nostro medico di famiglia, la dott.ssa Roberta Rettagliati, che risponder\u00e0 ad alcune delle numerose domande che ci arrivano tramite i nostri canali social, email e telefono.<\/p>\n<p style=\"text-align: justify;\">Il mal di schiena cronico, a volte, pu\u00f2 dipendere anche da un non corretto allineamento dei denti, la cosiddetta malocclusione. Presenteremo, in studio, un esame all\u2019avanguardia per valutare questo disturbo con il dott. Daniele Puzzilli, odontoiatra.<\/p>\n<p style=\"text-align: justify;\">&nbsp;<\/p>\n<p style=\"text-align: justify;\"><strong><u>Venerd\u00ec 6 dicembre<\/u><\/strong><\/p>\n<p style=\"text-align: justify;\">La resistenza agli antibiotici sta diventando una vera e propria emergenza. L<em>\u2019<\/em><em>Italia detiene insieme alla Grecia il primato per diffusione di germi resistenti. Con il <\/em>dott. Carlo Gargiulo<strong>, <\/strong>medico di famiglia spiegheremo in quali casi assumere gli antibiotici e come utilizzarli in modo corretto.<\/p>\n<p style=\"text-align: justify;\">Circa 12 milioni sono gli italiani che soffrono di intestino pigro. Come contrastare questo disturbo con l\u2019alimentazione? Ce lo dir\u00e0 il prof. Stefano Erzegovesi<strong>, <\/strong>medico, nutrizionista e psichiatra, responsabile del \u201cCentro per i disturbi alimentari\u201d dell&#8217;Ospedale San Raffaele di Milano.<\/p>\n<p style=\"text-align: justify;\">Per il nostro spazio sulla fitoterapia, il nostro frate erborista Ezio Battaglia, della farmacia Sant\u2019Anna di Genova, ci proporr\u00e0 alcuni antichi rimedi della tradizione dei frati carmelitani con lo zenzero.<\/p>\n<p style=\"text-align: justify;\">L\u2019artrosi al ginocchio con l\u2019avanzare dell\u2019et\u00e0 pu\u00f2 portare alla necessit\u00e0 di installare una protesi. Quali sono le terapie pi\u00f9 all\u2019avanguardia per ritardare o evitare questo intervento? E quali sono le tecniche chirurgiche pi\u00f9 avanzate? Ne parleremo con il dott. Mario Tartarone, direttore Dipartimento di ortopedia e traumatologia, Ospedale San Carlo di Nancy, Roma.<\/p>\n<p style=\"text-align: justify;\">Chiudiamo la settimana all\u2019insegna dell\u2019attivit\u00e0 fisica. Con il personal trainer Massimo Faraci daremo dei consigli su come fare alcuni semplici esercizi a casa adatti per rimettere in movimento anche i pi\u00f9 pigri!<\/p>\n","protected":false},"excerpt":{"rendered":"Luned\u00ec 2 dicembre Inizia una nuova settimana ripartendo dalla tavola della salute. Con il prof. Eugenio Del Toma, specialista in scienza dell\u2019alimentazione parleremo di zuccheri: sono davvero tutti nocivi per il nostro organismo? Come consumarli nella nostra dieta quotidiana? Lo spiegheremo con il nostro esperto. Arriva l\u2019inverno ed \u00e8 tempo di raffreddori, influenze e sinusiti. [&hellip;]","protected":false},"author":6,"featured_media":4632,"comment_status":"open","ping_status":"open","sticky":false,"template":"","format":"standard","meta":{"_acf_changed":false,"footnotes":""},"categories":[475],"tags":[],"class_list":["post-4899","post","type-post","status-publish","format-standard","has-post-thumbnail","hentry","category-notizie"],"acf":[],"aioseo_notices":[],"featured_image_url":"https:\/\/www.tv2000.it\/ilmiomedico\/wp-content\/uploads\/sites\/8\/2019\/10\/Il-mio-medico-Monica-di-Loreto-1-1024x683.jpg","_links":{"self":[{"href":"https:\/\/www.tv2000.it\/ilmiomedico\/wp-json\/wp\/v2\/posts\/4899","targetHints":{"allow":["GET"]}}],"collection":[{"href":"https:\/\/www.tv2000.it\/ilmiomedico\/wp-json\/wp\/v2\/posts"}],"about":[{"href":"https:\/\/www.tv2000.it\/ilmiomedico\/wp-json\/wp\/v2\/types\/post"}],"author":[{"embeddable":true,"href":"https:\/\/www.tv2000.it\/ilmiomedico\/wp-json\/wp\/v2\/users\/6"}],"replies":[{"embeddable":true,"href":"https:\/\/www.tv2000.it\/ilmiomedico\/wp-json\/wp\/v2\/comments?post=4899"}],"version-history":[{"count":1,"href":"https:\/\/www.tv2000.it\/ilmiomedico\/wp-json\/wp\/v2\/posts\/4899\/revisions"}],"predecessor-version":[{"id":4900,"href":"https:\/\/www.tv2000.it\/ilmiomedico\/wp-json\/wp\/v2\/posts\/4899\/revisions\/4900"}],"wp:featuredmedia":[{"embeddable":true,"href":"https:\/\/www.tv2000.it\/ilmiomedico\/wp-json\/wp\/v2\/media\/4632"}],"wp:attachment":[{"href":"https:\/\/www.tv2000.it\/ilmiomedico\/wp-json\/wp\/v2\/media?parent=4899"}],"wp:term":[{"taxonomy":"category","embeddable":true,"href":"https:\/\/www.tv2000.it\/ilmiomedico\/wp-json\/wp\/v2\/categories?post=4899"},{"taxonomy":"post_tag","embeddable":true,"href":"https:\/\/www.tv2000.it\/ilmiomedico\/wp-json\/wp\/v2\/tags?post=4899"}],"curies":[{"name":"wp","href":"https:\/\/api.w.org\/{rel}","templated":true}]}}