{"id":74,"date":"2016-07-07T13:03:01","date_gmt":"2016-07-07T11:03:01","guid":{"rendered":"http:\/\/www.tv2000.it\/ilmondodimonica\/?p=74"},"modified":"2016-07-07T13:04:28","modified_gmt":"2016-07-07T11:04:28","slug":"domenico-quirico-il-giornalismo-lobbligatorieta-del-racconto-e-una-sola-paura-avere-paura-foto","status":"publish","type":"post","link":"https:\/\/www.tv2000.it\/ilmondodimonica\/2016\/07\/07\/domenico-quirico-il-giornalismo-lobbligatorieta-del-racconto-e-una-sola-paura-avere-paura-foto\/","title":{"rendered":"Domenico Quirico, il giornalismo, l&#8217;obbligatoriet\u00e0 del racconto e una sola paura: avere paura (foto)"},"content":{"rendered":"<figure id=\"attachment_76\" aria-describedby=\"caption-attachment-76\" style=\"width: 300px\" class=\"wp-caption alignleft\"><a href=\"http:\/\/www.tv2000.it\/ilmondodimonica\/wp-content\/uploads\/sites\/35\/2016\/07\/Il-giornalista-Domenico-Quirico-e-Monica-Mondo-prima-di-discutere-di-terrorismo-e-fondamentalismo.jpg\"><img decoding=\"async\" class=\"size-medium wp-image-76\" src=\"http:\/\/www.tv2000.it\/ilmondodimonica\/wp-content\/uploads\/sites\/35\/2016\/07\/Il-giornalista-Domenico-Quirico-e-Monica-Mondo-prima-di-discutere-di-terrorismo-e-fondamentalismo-300x225.jpg\" alt=\"Domenico Quirico durante l'intervista per Soul\" width=\"300\" height=\"225\" srcset=\"https:\/\/www.tv2000.it\/ilmondodimonica\/wp-content\/uploads\/sites\/35\/2016\/07\/Il-giornalista-Domenico-Quirico-e-Monica-Mondo-prima-di-discutere-di-terrorismo-e-fondamentalismo-300x225.jpg 300w, https:\/\/www.tv2000.it\/ilmondodimonica\/wp-content\/uploads\/sites\/35\/2016\/07\/Il-giornalista-Domenico-Quirico-e-Monica-Mondo-prima-di-discutere-di-terrorismo-e-fondamentalismo-768x576.jpg 768w, https:\/\/www.tv2000.it\/ilmondodimonica\/wp-content\/uploads\/sites\/35\/2016\/07\/Il-giornalista-Domenico-Quirico-e-Monica-Mondo-prima-di-discutere-di-terrorismo-e-fondamentalismo-1024x768.jpg 1024w, https:\/\/www.tv2000.it\/ilmondodimonica\/wp-content\/uploads\/sites\/35\/2016\/07\/Il-giornalista-Domenico-Quirico-e-Monica-Mondo-prima-di-discutere-di-terrorismo-e-fondamentalismo-36x27.jpg 36w, https:\/\/www.tv2000.it\/ilmondodimonica\/wp-content\/uploads\/sites\/35\/2016\/07\/Il-giornalista-Domenico-Quirico-e-Monica-Mondo-prima-di-discutere-di-terrorismo-e-fondamentalismo-280x210.jpg 280w, https:\/\/www.tv2000.it\/ilmondodimonica\/wp-content\/uploads\/sites\/35\/2016\/07\/Il-giornalista-Domenico-Quirico-e-Monica-Mondo-prima-di-discutere-di-terrorismo-e-fondamentalismo-650x488.jpg 650w, https:\/\/www.tv2000.it\/ilmondodimonica\/wp-content\/uploads\/sites\/35\/2016\/07\/Il-giornalista-Domenico-Quirico-e-Monica-Mondo-prima-di-discutere-di-terrorismo-e-fondamentalismo-600x450.jpg 600w\" sizes=\"(max-width: 300px) 100vw, 300px\" \/><\/a><figcaption id=\"caption-attachment-76\" class=\"wp-caption-text\">Domenico Quirico durante l&#8217;intervista per Soul<\/figcaption><\/figure>\n<p>Giornalista, inviato del quotidiano La Stampa, scrittore.<\/p>\n<p><strong>Domenico Quirico, ospite di Soul, domenica 10 luglio alle 12.15 e 20.30,<\/strong> \u00e8 uno che i guai sembra andarseli a cercare, ma non per l\u2019avventura in s\u00e9: \u201cper un giornalista non essere in un luogo in cui accade qualcosa \u00e8 la pi\u00f9 grande iattura\u201d, Rapito dalle brigate fondamentaliste Al Nusra appena varcato il confine verso la Siria, il 6 aprile del 2013, viene liberato dopo un silenzio di cinque mesi.\u00a0 E\u2019 stato testimone di un orrore che l\u2019Occidente si rifiutava di vedere, per piombarvi all\u2019improvviso, con poche difese. Dopo due anni \u00e8 tornato nell\u2019inferno siriano, per testimoniare ancora.<\/p>\n<p>\u201cSono <strong>tornato in Siria <\/strong>per scoprire se ero ancora capace di raccontare quel posto, se avevo ancora l\u2019alfabeto giusto. Non per fare <strong>terapie psicanalitiche a spese del mio giornale.<\/strong> Ho sperimentato che tutto era radicalmente cambiato in peggio, nel senso che la violenza e la ferocia erano immutati\u201d.<\/p>\n<p>\u201cLa cosa che mi interessa di pi\u00f9 \u00e8 l\u2019espandersi del male nel mondo, l\u2019esperienza pi\u00f9 terribile in cui l\u2019uomo si forgia. Raccontarlo \u00e8 pi\u00f9 importante della paura. Io poi <strong>ho solo\u00a0 paura di aver paura<\/strong>. In Sierra Leone avevo pi\u00f9 paura dell\u2019ebola che delle milizie armate: \u00e8 per questo che ho deciso di andarci. Non \u00e8 una sfida ma <strong>l\u2019obbligatoriet\u00e0 del racconto<\/strong>. Credo che il giornalismo sia questo, come ha fatto Solzenicyn, che era un raccoglitore di testimonianze. Mia figlia \u00e8 archeologa: di fronte ai fanatismi gli archeologi hanno il compito di conservare la storia, i giornalisti la cronaca, sono due mestieri simili.\u201d<\/p>\n<p>\u201cQuando ci si trova in certe situazioni si ha l\u2019impressione che Dio non risponda pi\u00f9. Invece Dio \u00e8 l\u00ec, non \u00e8 mai fuggito e ti d\u00e0 la lezione straordinaria dell\u2019umilt\u00e0, dell\u2019accettare il tempo che devi vivere. La fede non \u00e8 un discount dove passi e scegli quel che vuoi quando vuoi. <strong>La mia risposta al Male \u00e8 che la sofferenza \u00e8 il tesoro dell\u2019uomo.<\/strong> <strong>Ho riscoperto in modo brutale lo straordinario valore delle cose normali<\/strong>, un bicchier d\u2019acqua, essere libero, che non significa avere, ma non essere privato di alcune cose.\u201d<\/p>\n<p>\u201c<strong>Il carattere terribile del Califfato \u00e8 che cancella l\u2019esperienza del rimorso<\/strong>. L\u2019elemento fondamentale di ogni esperienza religiosa \u00e8 invece la consapevolezza del male che compi, altrimenti ogni azione, anche la pi\u00f9 efferata diventa legittima, anzi diventa l\u2019esercizio della tua fede.<\/p>\n<p>In Siria tutti sono costretti a uniformarsi alle regole del Male per sopravvivere, spesso i carnefici lo sono per obbligo, per non essere a loro volta vittime.\u201d<\/p>\n<p>\u201cA volte ci vuole <strong>assenza di memoria per continuare a vivere<\/strong>. Penso a esperienze storiche che si sono costruite sull\u2019assenza della memoria, come in Sudafrica, con l\u2019accordo delle due parti un tempo nemiche. La levigazione della memoria forse \u00e8 l\u2019unica speranza anche per la Siria.<\/p>\n<p>L\u2019Occidente pensa di poter decidere sempre come distribuire le carte, ma non \u00e8 pi\u00f9 cos\u00ec. Le primavere arabe le abbiamo subite, non create, le abbiamo usate e fino all\u2019ultimo abbiamo difeso i dittatori.\u201d<\/p>\n<p>\u201cA proposito di tutte le polemiche su <strong>Banca Etruria<\/strong> non vorrei che ci sfuggisse la dimensione del tema gigantesco che ci sovrasta e progressivamente ci avvolge. Ci sta bruciando la casa e noi ci occupiamo delle macchie sul tappeto.\u201d<\/p>\n<p>\u201cSenza l\u2019Islam il Califfato non esisterebbe, ha trovato nell\u2019Islam l\u2019ossatura del suo progetto. Cos\u00ec secoli fa in Europa quelli che purificavano il mondo in nome di Dio coi roghi, le torture e le guerre lo facevano pensando di svolgere un\u2019opera sacra. Oggi gli jihadisti sono disposti a morire per questo. Non sono i soldi la motivazione, la percentuale di morte di chi aderisce al califfato \u00e8 del 99 per cento. Ci deve essere qualcosa di pi\u00f9 forte della morte che spinge questi uomini a sceglierla.\u201d<\/p>\n<figure id=\"attachment_75\" aria-describedby=\"caption-attachment-75\" style=\"width: 300px\" class=\"wp-caption alignright\"><a href=\"http:\/\/www.tv2000.it\/ilmondodimonica\/wp-content\/uploads\/sites\/35\/2016\/07\/Domenico-Quirico-e-Monica-Mondo.jpg\"><img decoding=\"async\" class=\"size-medium wp-image-75\" src=\"http:\/\/www.tv2000.it\/ilmondodimonica\/wp-content\/uploads\/sites\/35\/2016\/07\/Domenico-Quirico-e-Monica-Mondo-300x180.jpg\" alt=\"Domenico Quirico  durante l'intervista\" width=\"300\" height=\"180\" srcset=\"https:\/\/www.tv2000.it\/ilmondodimonica\/wp-content\/uploads\/sites\/35\/2016\/07\/Domenico-Quirico-e-Monica-Mondo-300x180.jpg 300w, https:\/\/www.tv2000.it\/ilmondodimonica\/wp-content\/uploads\/sites\/35\/2016\/07\/Domenico-Quirico-e-Monica-Mondo-768x461.jpg 768w, https:\/\/www.tv2000.it\/ilmondodimonica\/wp-content\/uploads\/sites\/35\/2016\/07\/Domenico-Quirico-e-Monica-Mondo-1024x614.jpg 1024w, https:\/\/www.tv2000.it\/ilmondodimonica\/wp-content\/uploads\/sites\/35\/2016\/07\/Domenico-Quirico-e-Monica-Mondo-45x27.jpg 45w, https:\/\/www.tv2000.it\/ilmondodimonica\/wp-content\/uploads\/sites\/35\/2016\/07\/Domenico-Quirico-e-Monica-Mondo-280x168.jpg 280w, https:\/\/www.tv2000.it\/ilmondodimonica\/wp-content\/uploads\/sites\/35\/2016\/07\/Domenico-Quirico-e-Monica-Mondo-650x390.jpg 650w\" sizes=\"(max-width: 300px) 100vw, 300px\" \/><\/a><figcaption id=\"caption-attachment-75\" class=\"wp-caption-text\">Domenico Quirico durante l&#8217;intervista<\/figcaption><\/figure>\n<p>\u201c<strong>Noi occidentali siamo odiati in quanto impuri, cos\u00ec come i musulmani sciiti in quanto eretici.<\/strong> Al califfato non interessa l\u2019Europa se non ostacola il suo progetto, <strong>\u00e8 la Umma che vogliono,<\/strong> la loro \u00e8 una guerra eterna, non hanno tempi da rispettare.<\/p>\n<p>I miei carcerieri discutevano di teologia, erano dei combattenti islamici. L\u2019unica realt\u00e0 del mondo per cui mostravano un\u2019ossessiva attenzione \u00e8 la presenza di Dio nella storia.\u201d<\/p>\n<p><strong>\u201cNon si muore per uno stile di vita.<\/strong>\u00a0 <strong>Renzi<\/strong> per indicare la sua volont\u00e0 ferrea di combattere questo orribile Leviatano ha detto che non riusciranno a privarci di ci\u00f2 che siamo, indicando tre luoghi fisico, lo stadio, il caff\u00e8, il teatro. Ma se ci\u00f2 che siamo sono questi tre luoghi siamo gi\u00e0 finiti. Io avrei pensato piuttosto a una biblioteca, a una cattedrale, al Colosseo. Qualcosa intorno a cui si aggruma ci\u00f2 che l\u2019Occidente ha dato alla storia.\u201d<\/p>\n<p>\u201cMagari prima o poi verr\u00e0 in menta agli jihadisti l\u2019idea che i migranti sono una massa gigantesca di disperati a disposizione per operare una trasformazione delle coscienze. Ma<strong> i jihadisti odiano i migranti<\/strong> come traditori della causa, perch\u00e9 sono musulmani in marcia per elemosinare dagli infedeli, per andare a vivere come loro.\u201d<\/p>\n<p>&nbsp;<\/p>\n<p>&nbsp;<\/p>\n<p><strong>\u00a0<\/strong><\/p>\n<p>&nbsp;<\/p>\n","protected":false},"excerpt":{"rendered":"Giornalista, inviato del quotidiano La Stampa, scrittore. Domenico Quirico, ospite di Soul, domenica 10 luglio alle 12.15 e 20.30, \u00e8 uno che i guai sembra andarseli a cercare, ma non per l\u2019avventura in s\u00e9: \u201cper un giornalista non essere in un luogo in cui accade qualcosa \u00e8 la pi\u00f9 grande iattura\u201d, Rapito dalle brigate fondamentaliste [&hellip;]","protected":false},"author":21,"featured_media":75,"comment_status":"open","ping_status":"open","sticky":false,"template":"","format":"standard","meta":{"_acf_changed":false,"footnotes":""},"categories":[3],"tags":[13,4,16,14,12],"class_list":["post-74","post","type-post","status-publish","format-standard","has-post-thumbnail","hentry","category-post","tag-blog","tag-ilmondodimonica","tag-domenico-quirico","tag-soul","tag-tv2000"],"acf":[],"aioseo_notices":[],"featured_image_url":"https:\/\/www.tv2000.it\/ilmondodimonica\/wp-content\/uploads\/sites\/35\/2016\/07\/Domenico-Quirico-e-Monica-Mondo-1024x614.jpg","_links":{"self":[{"href":"https:\/\/www.tv2000.it\/ilmondodimonica\/wp-json\/wp\/v2\/posts\/74","targetHints":{"allow":["GET"]}}],"collection":[{"href":"https:\/\/www.tv2000.it\/ilmondodimonica\/wp-json\/wp\/v2\/posts"}],"about":[{"href":"https:\/\/www.tv2000.it\/ilmondodimonica\/wp-json\/wp\/v2\/types\/post"}],"author":[{"embeddable":true,"href":"https:\/\/www.tv2000.it\/ilmondodimonica\/wp-json\/wp\/v2\/users\/21"}],"replies":[{"embeddable":true,"href":"https:\/\/www.tv2000.it\/ilmondodimonica\/wp-json\/wp\/v2\/comments?post=74"}],"version-history":[{"count":3,"href":"https:\/\/www.tv2000.it\/ilmondodimonica\/wp-json\/wp\/v2\/posts\/74\/revisions"}],"predecessor-version":[{"id":79,"href":"https:\/\/www.tv2000.it\/ilmondodimonica\/wp-json\/wp\/v2\/posts\/74\/revisions\/79"}],"wp:featuredmedia":[{"embeddable":true,"href":"https:\/\/www.tv2000.it\/ilmondodimonica\/wp-json\/wp\/v2\/media\/75"}],"wp:attachment":[{"href":"https:\/\/www.tv2000.it\/ilmondodimonica\/wp-json\/wp\/v2\/media?parent=74"}],"wp:term":[{"taxonomy":"category","embeddable":true,"href":"https:\/\/www.tv2000.it\/ilmondodimonica\/wp-json\/wp\/v2\/categories?post=74"},{"taxonomy":"post_tag","embeddable":true,"href":"https:\/\/www.tv2000.it\/ilmondodimonica\/wp-json\/wp\/v2\/tags?post=74"}],"curies":[{"name":"wp","href":"https:\/\/api.w.org\/{rel}","templated":true}]}}