{"id":4517,"date":"2025-02-27T21:37:00","date_gmt":"2025-02-27T20:37:00","guid":{"rendered":"https:\/\/www.tv2000.it\/incammino\/?p=4517"},"modified":"2025-03-03T16:47:20","modified_gmt":"2025-03-03T15:47:20","slug":"casa-nazareth-un-laboratorio-di-fraternita-per-i-giovani-di-ancona","status":"publish","type":"post","link":"https:\/\/www.tv2000.it\/incammino\/2025\/02\/27\/casa-nazareth-un-laboratorio-di-fraternita-per-i-giovani-di-ancona\/","title":{"rendered":"\u201cCasa Nazareth\u201d: un laboratorio di fraternit\u00e0 per i giovani di Ancona"},"content":{"rendered":"<p>&#8220;Casa Nazareth&#8221; \u00e8 un progetto in corso ad Ancona, un edificio che, nel cuore del centro storico, \u00e8 diventato un centro di accoglienza e formazione per giovani. Una struttura riconvertita in cui i giovani della diocesi possono trovare una nuova casa. Ne parliamo in studio con i giovani di Casa Nazareth, Elisa Cesaretti e Pietro Casi.<\/p>\n<div class=\"rwd-video\"><iframe title=\"Play 2000\" src=\"https:\/\/www.play2000.it\/play\/episode\/14349?startAt=0&amp;backToUrl=%2Fdetail%2F18%3Fepisode_id%3D14349%26season_id%3D610\" width=\"640\" height=\"360\" frameborder=\"0\" allowfullscreen=\"allowfullscreen\"><span data-mce-type=\"bookmark\" style=\"display: inline-block; width: 0px; overflow: hidden; line-height: 0;\" class=\"mce_SELRES_start\">\ufeff<\/span><span data-mce-type=\"bookmark\" style=\"display: inline-block; width: 0px; overflow: hidden; line-height: 0;\" class=\"mce_SELRES_start\">\ufeff<\/span><span data-mce-type=\"bookmark\" style=\"display: inline-block; width: 0px; overflow: hidden; line-height: 0;\" class=\"mce_SELRES_start\">\ufeff<\/span><span data-mce-type=\"bookmark\" style=\"display: inline-block; width: 0px; overflow: hidden; line-height: 0;\" class=\"mce_SELRES_start\">\ufeff<\/span><span data-mce-type=\"bookmark\" style=\"display: inline-block; width: 0px; overflow: hidden; line-height: 0;\" class=\"mce_SELRES_start\">\ufeff<\/span><\/iframe><\/div>\n","protected":false},"excerpt":{"rendered":"&#8220;Casa Nazareth&#8221; \u00e8 un progetto in corso ad Ancona, un edificio che, nel cuore del centro storico, \u00e8 diventato un centro di accoglienza e formazione per giovani. Una struttura riconvertita in cui i giovani della diocesi possono trovare una nuova casa. Ne parliamo in studio con i giovani di Casa Nazareth, Elisa Cesaretti e Pietro [&hellip;]","protected":false},"author":6,"featured_media":4529,"comment_status":"open","ping_status":"open","sticky":false,"template":"","format":"standard","meta":{"_acf_changed":false,"footnotes":""},"categories":[7],"tags":[],"class_list":["post-4517","post","type-post","status-publish","format-standard","has-post-thumbnail","hentry","category-puntate-2024-2025"],"acf":[],"aioseo_notices":[],"featured_image_url":"https:\/\/www.tv2000.it\/incammino\/wp-content\/uploads\/sites\/66\/2025\/02\/cammino27-1024x576.jpg","_links":{"self":[{"href":"https:\/\/www.tv2000.it\/incammino\/wp-json\/wp\/v2\/posts\/4517","targetHints":{"allow":["GET"]}}],"collection":[{"href":"https:\/\/www.tv2000.it\/incammino\/wp-json\/wp\/v2\/posts"}],"about":[{"href":"https:\/\/www.tv2000.it\/incammino\/wp-json\/wp\/v2\/types\/post"}],"author":[{"embeddable":true,"href":"https:\/\/www.tv2000.it\/incammino\/wp-json\/wp\/v2\/users\/6"}],"replies":[{"embeddable":true,"href":"https:\/\/www.tv2000.it\/incammino\/wp-json\/wp\/v2\/comments?post=4517"}],"version-history":[{"count":2,"href":"https:\/\/www.tv2000.it\/incammino\/wp-json\/wp\/v2\/posts\/4517\/revisions"}],"predecessor-version":[{"id":4769,"href":"https:\/\/www.tv2000.it\/incammino\/wp-json\/wp\/v2\/posts\/4517\/revisions\/4769"}],"wp:featuredmedia":[{"embeddable":true,"href":"https:\/\/www.tv2000.it\/incammino\/wp-json\/wp\/v2\/media\/4529"}],"wp:attachment":[{"href":"https:\/\/www.tv2000.it\/incammino\/wp-json\/wp\/v2\/media?parent=4517"}],"wp:term":[{"taxonomy":"category","embeddable":true,"href":"https:\/\/www.tv2000.it\/incammino\/wp-json\/wp\/v2\/categories?post=4517"},{"taxonomy":"post_tag","embeddable":true,"href":"https:\/\/www.tv2000.it\/incammino\/wp-json\/wp\/v2\/tags?post=4517"}],"curies":[{"name":"wp","href":"https:\/\/api.w.org\/{rel}","templated":true}]}}