{"id":251,"date":"2015-03-25T14:51:36","date_gmt":"2015-03-25T13:51:36","guid":{"rendered":"http:\/\/www.tv2000.it\/lacompagniadellibro\/?p=251"},"modified":"2015-03-25T15:06:32","modified_gmt":"2015-03-25T14:06:32","slug":"libri-per-ragazzi-e-ancora-boom","status":"publish","type":"post","link":"https:\/\/www.tv2000.it\/lacompagniadellibro\/2015\/03\/25\/libri-per-ragazzi-e-ancora-boom\/","title":{"rendered":"LIbri per ragazzi. \u00c8 ancora boom"},"content":{"rendered":"<p><strong><a href=\"http:\/\/www.tv2000.it\/lacompagniadellibro\/wp-content\/uploads\/sites\/19\/2015\/03\/BCBF_logo.jpg\"><img decoding=\"async\" class=\"alignnone size-medium wp-image-252\" src=\"http:\/\/www.tv2000.it\/lacompagniadellibro\/wp-content\/uploads\/sites\/19\/2015\/03\/BCBF_logo-300x109.jpg\" alt=\"?????????\" width=\"300\" height=\"109\" srcset=\"https:\/\/www.tv2000.it\/lacompagniadellibro\/wp-content\/uploads\/sites\/19\/2015\/03\/BCBF_logo-300x109.jpg 300w, https:\/\/www.tv2000.it\/lacompagniadellibro\/wp-content\/uploads\/sites\/19\/2015\/03\/BCBF_logo-768x280.jpg 768w, https:\/\/www.tv2000.it\/lacompagniadellibro\/wp-content\/uploads\/sites\/19\/2015\/03\/BCBF_logo-74x27.jpg 74w, https:\/\/www.tv2000.it\/lacompagniadellibro\/wp-content\/uploads\/sites\/19\/2015\/03\/BCBF_logo-280x102.jpg 280w, https:\/\/www.tv2000.it\/lacompagniadellibro\/wp-content\/uploads\/sites\/19\/2015\/03\/BCBF_logo-650x237.jpg 650w, https:\/\/www.tv2000.it\/lacompagniadellibro\/wp-content\/uploads\/sites\/19\/2015\/03\/BCBF_logo.jpg 971w\" sizes=\"(max-width: 300px) 100vw, 300px\" \/><\/a>\u00c8<\/strong> <strong>ancora boom dell\u2019editoria per ragazzi nel 2014<\/strong>: l\u2019anno si \u00e8 chiuso infatti per il segmento, secondo i dati Nielsen, con un segno positivo\u00a0sia per il\u00a0fatturato (+5,7%), sia per le\u00a0copie vendute (+2,7%). Un risultato, peraltro, in forte controtendeza con i dati generali del settore del libro che ha registrato nel 2014 ancora un segno meno (-3,8% a valore, -6,5% a copie, dati Nielsen).<\/p>\n<p>Il meglio dell\u2019editoria per bambini e ragazzi, forte di questi risultati, torna alla Fiera internazionale del Libro per Ragazzi di Bologna (30 marzo\u20132 aprile) con <strong>Facce da Libri<\/strong>: per il quinto anno consecutivo cresce la serie di incontri tra studenti e autori\/illustratori, organizzata dall\u2019Associazione Italiana Editori (AIE) in collaborazione con la Fiera del libro per Ragazzi di Bologna, Bologna Fiere, il Comune di Bologna e l\u2019Istituzione Biblioteche di Bologna.<\/p>\n<p>Tre giorni \u2013il <strong>30 e 31 marzo e l\u20191 aprile<\/strong>\u2013 per far scoprire ai ragazzi delle scuole primarie e secondarie di Bologna le facce di chi li i libri li fa e li scrive. Saranno 1800 i\u00a0 bambini coinvolti di oltre 30 diverse scuole<strong> che avranno modo di incontrare<\/strong> grandi scrittori e illustratori per ragazzi del calibro di <strong>Andrea Vitali<\/strong>, <strong>Guido Sgardoli<\/strong>, <strong>Beatrice Masini, Antonio Ferrara<\/strong>, <strong>Ermanno Detti<\/strong> e <strong>Roberto Piumini<\/strong>. \u201cRiteniamo importante sostenere ancora una volta questa iniziativa per continuare un lavoro di promozione del libro e della lettura \u2013 ha sottolineato la responsabile del Gruppo Editori per Ragazzi di AIE, <strong>Francesca Archinto<\/strong> -. Scuola e biblioteca costituiscono la migliore sinergia per formare lettori: se si semina bene, lo si fa per sempre. Queste sono le nostre priorit\u00e0\u201d.<\/p>\n<p>Si rinsalda inoltre -anche per l\u2019edizione 2015- la collaborazione tra AIE e il magazine internazionale <em>The Bookseller<\/em>, che diffonder\u00e0 in un numero speciale distribuito in fiera e dedicato all\u2019editoria per ragazzi i dati AIE sul settore.<\/p>\n<p>Ma ci sar\u00e0 spoazio anche per il digitale presso il Digital Caf\u00e8 della Fiera soprattutto con il convegno <strong>Finding the reader: come raggiungere i lettori in un mondo sempre pi\u00f9 cross-mediale.<\/strong><\/p>\n","protected":false},"excerpt":{"rendered":"\u00c8 ancora boom dell\u2019editoria per ragazzi nel 2014: l\u2019anno si \u00e8 chiuso infatti per il segmento, secondo i dati Nielsen, con un segno positivo\u00a0sia per il\u00a0fatturato (+5,7%), sia per le\u00a0copie vendute (+2,7%). Un risultato, peraltro, in forte controtendeza con i dati generali del settore del libro che ha registrato nel 2014 ancora un segno meno [&hellip;]","protected":false},"author":13,"featured_media":252,"comment_status":"open","ping_status":"open","sticky":false,"template":"","format":"standard","meta":{"_acf_changed":false,"footnotes":""},"categories":[55],"tags":[50,52,51,54,53],"class_list":["post-251","post","type-post","status-publish","format-standard","has-post-thumbnail","hentry","category-news","tag-bologna-bookfair","tag-editoria","tag-fiera-del-libro-per-ragazzi","tag-letteratura-per-ragazzi","tag-libri-per-ragazzi"],"acf":[],"aioseo_notices":[],"featured_image_url":"https:\/\/www.tv2000.it\/lacompagniadellibro\/wp-content\/uploads\/sites\/19\/2015\/03\/BCBF_logo.jpg","_links":{"self":[{"href":"https:\/\/www.tv2000.it\/lacompagniadellibro\/wp-json\/wp\/v2\/posts\/251","targetHints":{"allow":["GET"]}}],"collection":[{"href":"https:\/\/www.tv2000.it\/lacompagniadellibro\/wp-json\/wp\/v2\/posts"}],"about":[{"href":"https:\/\/www.tv2000.it\/lacompagniadellibro\/wp-json\/wp\/v2\/types\/post"}],"author":[{"embeddable":true,"href":"https:\/\/www.tv2000.it\/lacompagniadellibro\/wp-json\/wp\/v2\/users\/13"}],"replies":[{"embeddable":true,"href":"https:\/\/www.tv2000.it\/lacompagniadellibro\/wp-json\/wp\/v2\/comments?post=251"}],"version-history":[{"count":1,"href":"https:\/\/www.tv2000.it\/lacompagniadellibro\/wp-json\/wp\/v2\/posts\/251\/revisions"}],"predecessor-version":[{"id":254,"href":"https:\/\/www.tv2000.it\/lacompagniadellibro\/wp-json\/wp\/v2\/posts\/251\/revisions\/254"}],"wp:featuredmedia":[{"embeddable":true,"href":"https:\/\/www.tv2000.it\/lacompagniadellibro\/wp-json\/wp\/v2\/media\/252"}],"wp:attachment":[{"href":"https:\/\/www.tv2000.it\/lacompagniadellibro\/wp-json\/wp\/v2\/media?parent=251"}],"wp:term":[{"taxonomy":"category","embeddable":true,"href":"https:\/\/www.tv2000.it\/lacompagniadellibro\/wp-json\/wp\/v2\/categories?post=251"},{"taxonomy":"post_tag","embeddable":true,"href":"https:\/\/www.tv2000.it\/lacompagniadellibro\/wp-json\/wp\/v2\/tags?post=251"}],"curies":[{"name":"wp","href":"https:\/\/api.w.org\/{rel}","templated":true}]}}