{"id":269,"date":"2015-04-14T14:15:45","date_gmt":"2015-04-14T12:15:45","guid":{"rendered":"http:\/\/www.tv2000.it\/lacompagniadellibro\/?p=269"},"modified":"2015-04-14T15:59:56","modified_gmt":"2015-04-14T13:59:56","slug":"subiaco-2015-capitale-del-libro","status":"publish","type":"post","link":"https:\/\/www.tv2000.it\/lacompagniadellibro\/2015\/04\/14\/subiaco-2015-capitale-del-libro\/","title":{"rendered":"Subiaco 2015: capitale del libro"},"content":{"rendered":"<p><a href=\"http:\/\/www.tv2000.it\/lacompagniadellibro\/wp-content\/uploads\/sites\/19\/2015\/04\/PARTIC2.jpg\"><img decoding=\"async\" class=\"alignnone size-medium wp-image-270\" src=\"http:\/\/www.tv2000.it\/lacompagniadellibro\/wp-content\/uploads\/sites\/19\/2015\/04\/PARTIC2-300x200.jpg\" alt=\"PARTIC~2\" width=\"300\" height=\"200\" srcset=\"https:\/\/www.tv2000.it\/lacompagniadellibro\/wp-content\/uploads\/sites\/19\/2015\/04\/PARTIC2-300x200.jpg 300w, https:\/\/www.tv2000.it\/lacompagniadellibro\/wp-content\/uploads\/sites\/19\/2015\/04\/PARTIC2-768x512.jpg 768w, https:\/\/www.tv2000.it\/lacompagniadellibro\/wp-content\/uploads\/sites\/19\/2015\/04\/PARTIC2-1024x683.jpg 1024w, https:\/\/www.tv2000.it\/lacompagniadellibro\/wp-content\/uploads\/sites\/19\/2015\/04\/PARTIC2-41x27.jpg 41w, https:\/\/www.tv2000.it\/lacompagniadellibro\/wp-content\/uploads\/sites\/19\/2015\/04\/PARTIC2-280x187.jpg 280w, https:\/\/www.tv2000.it\/lacompagniadellibro\/wp-content\/uploads\/sites\/19\/2015\/04\/PARTIC2-650x433.jpg 650w, https:\/\/www.tv2000.it\/lacompagniadellibro\/wp-content\/uploads\/sites\/19\/2015\/04\/PARTIC2.jpg 1200w\" sizes=\"(max-width: 300px) 100vw, 300px\" \/><\/a>Subiaco 2015 si fa bella con i suoi tesori. Per il 550 anniversario del primo libro stampato in Italia, la cittadina nella valle dell\u2019Aniene sposa le meraviglie dei suoi monasteri alla riscoperta della tradizione artigianale della produzione della carta.<\/p>\n<p>Segno tangibile di questa primazia \u00e8 l\u2019incunabolo del De Oratore di Cicerone, uno dei primissimi gioielli della biblioteca del monastero, nonch\u00e9 testo di riferimento per gran parte dell\u2019occidente medievale e umanistico.<\/p>\n<p>Ma a fianco a questa grande e aulica tradizione, incarnazione perfetta dell\u2019ora et labora\u2019 c\u2019\u00e8 un prezioso cot\u00e8 artigianale che sta provando in questi ultimi anni a rispolverare una manualit\u00e0 e una tecnica sopraffina ancorch\u00e9 trascurata dalla modernit\u00e0. Parliamo del Borgo dei Cartai, un museo a ridosso del centro della cittadina laziale, dove si pu\u00f2 rivivere e ripercorrere l\u2019intero ciclo di lavorazione. E si pu\u00f2 seguire veramente tutto: da una pila a magli che tritura in acqua gli stracci, e poi un tino dove la poltiglia viene lavorata \u2026 infine pressatura, collatura e altre operazioni fino alla realizzazione del foglio.<\/p>\n<p>In questo nostro ampio reportage documentiamo l\u2019intera iniziativa: dalla levigatissima e classica lingua Cicerone alla maestria dei cartai<\/p>\n<div class=\"fluid-embed-container\"><iframe title=\"Subiaco 2015 Capitale del Libro\" width=\"640\" height=\"360\" src=\"https:\/\/www.youtube.com\/embed\/6PQ-iiGMpbs?feature=oembed\" frameborder=\"0\" allow=\"accelerometer; autoplay; clipboard-write; encrypted-media; gyroscope; picture-in-picture; web-share\" referrerpolicy=\"strict-origin-when-cross-origin\" allowfullscreen><\/iframe><\/div>\n<p>&nbsp;<\/p>\n","protected":false},"excerpt":{"rendered":"Subiaco 2015 si fa bella con i suoi tesori. Per il 550 anniversario del primo libro stampato in Italia, la cittadina nella valle dell\u2019Aniene sposa le meraviglie dei suoi monasteri alla riscoperta della tradizione artigianale della produzione della carta. Segno tangibile di questa primazia \u00e8 l\u2019incunabolo del De Oratore di Cicerone, uno dei primissimi gioielli [&hellip;]","protected":false},"author":13,"featured_media":270,"comment_status":"open","ping_status":"open","sticky":false,"template":"","format":"standard","meta":{"_acf_changed":false,"footnotes":""},"categories":[11],"tags":[60,64,61,62,65,63,66],"class_list":["post-269","post","type-post","status-publish","format-standard","has-post-thumbnail","hentry","category-interviste","tag-cicerone","tag-de-oratore","tag-incunabolo","tag-libro-a-stampa","tag-museo-borgo-dei-cartai","tag-subiaco","tag-subiaco-2015"],"acf":[],"aioseo_notices":[],"featured_image_url":"https:\/\/www.tv2000.it\/lacompagniadellibro\/wp-content\/uploads\/sites\/19\/2015\/04\/PARTIC2-1024x683.jpg","_links":{"self":[{"href":"https:\/\/www.tv2000.it\/lacompagniadellibro\/wp-json\/wp\/v2\/posts\/269","targetHints":{"allow":["GET"]}}],"collection":[{"href":"https:\/\/www.tv2000.it\/lacompagniadellibro\/wp-json\/wp\/v2\/posts"}],"about":[{"href":"https:\/\/www.tv2000.it\/lacompagniadellibro\/wp-json\/wp\/v2\/types\/post"}],"author":[{"embeddable":true,"href":"https:\/\/www.tv2000.it\/lacompagniadellibro\/wp-json\/wp\/v2\/users\/13"}],"replies":[{"embeddable":true,"href":"https:\/\/www.tv2000.it\/lacompagniadellibro\/wp-json\/wp\/v2\/comments?post=269"}],"version-history":[{"count":1,"href":"https:\/\/www.tv2000.it\/lacompagniadellibro\/wp-json\/wp\/v2\/posts\/269\/revisions"}],"predecessor-version":[{"id":271,"href":"https:\/\/www.tv2000.it\/lacompagniadellibro\/wp-json\/wp\/v2\/posts\/269\/revisions\/271"}],"wp:featuredmedia":[{"embeddable":true,"href":"https:\/\/www.tv2000.it\/lacompagniadellibro\/wp-json\/wp\/v2\/media\/270"}],"wp:attachment":[{"href":"https:\/\/www.tv2000.it\/lacompagniadellibro\/wp-json\/wp\/v2\/media?parent=269"}],"wp:term":[{"taxonomy":"category","embeddable":true,"href":"https:\/\/www.tv2000.it\/lacompagniadellibro\/wp-json\/wp\/v2\/categories?post=269"},{"taxonomy":"post_tag","embeddable":true,"href":"https:\/\/www.tv2000.it\/lacompagniadellibro\/wp-json\/wp\/v2\/tags?post=269"}],"curies":[{"name":"wp","href":"https:\/\/api.w.org\/{rel}","templated":true}]}}