{"id":277,"date":"2015-04-21T15:50:25","date_gmt":"2015-04-21T13:50:25","guid":{"rendered":"http:\/\/www.tv2000.it\/lacompagniadellibro\/?p=277"},"modified":"2015-04-21T15:58:36","modified_gmt":"2015-04-21T13:58:36","slug":"un-poeta-e-il-monte-soratte","status":"publish","type":"post","link":"https:\/\/www.tv2000.it\/lacompagniadellibro\/2015\/04\/21\/un-poeta-e-il-monte-soratte\/","title":{"rendered":"Un poeta e il Monte Soratte"},"content":{"rendered":"<p><a href=\"http:\/\/www.tv2000.it\/lacompagniadellibro\/wp-content\/uploads\/sites\/19\/2015\/04\/copertina-libro-damiani.jpg\"><img decoding=\"async\" class=\"alignnone size-medium wp-image-280\" src=\"http:\/\/www.tv2000.it\/lacompagniadellibro\/wp-content\/uploads\/sites\/19\/2015\/04\/copertina-libro-damiani-180x300.jpg\" alt=\"copertina libro damiani\" width=\"180\" height=\"300\" srcset=\"https:\/\/www.tv2000.it\/lacompagniadellibro\/wp-content\/uploads\/sites\/19\/2015\/04\/copertina-libro-damiani-180x300.jpg 180w, https:\/\/www.tv2000.it\/lacompagniadellibro\/wp-content\/uploads\/sites\/19\/2015\/04\/copertina-libro-damiani-768x1277.jpg 768w, https:\/\/www.tv2000.it\/lacompagniadellibro\/wp-content\/uploads\/sites\/19\/2015\/04\/copertina-libro-damiani-616x1024.jpg 616w, https:\/\/www.tv2000.it\/lacompagniadellibro\/wp-content\/uploads\/sites\/19\/2015\/04\/copertina-libro-damiani-16x27.jpg 16w, https:\/\/www.tv2000.it\/lacompagniadellibro\/wp-content\/uploads\/sites\/19\/2015\/04\/copertina-libro-damiani-280x466.jpg 280w, https:\/\/www.tv2000.it\/lacompagniadellibro\/wp-content\/uploads\/sites\/19\/2015\/04\/copertina-libro-damiani-650x1081.jpg 650w, https:\/\/www.tv2000.it\/lacompagniadellibro\/wp-content\/uploads\/sites\/19\/2015\/04\/copertina-libro-damiani.jpg 1234w\" sizes=\"(max-width: 180px) 100vw, 180px\" \/><\/a>Si pu\u00f2 dare del tu a una montagna ? Si pu\u00f2 conversare con lei come si fosse vecchi amici ? La risposta non \u00e8 nel vento, che pure da quelle parti spira gagliardo, ma nelle parole di un poeta vero come Claudio Damiani che le ha raccolte quelle parole nel recentissimo Ode al monte Soratte, pubblicato da Fuori linea in una raccolta magnificamente eccentrica di poesia contemporanea.<\/p>\n<p>Damiani ha dalla sua una lingua fresca colloquiale ma che si concentra sulle cose grazie a parole mirate, giuste che isolano un\u2019immagine, una riflessione, uno stato d\u2019animo senza perdere il filo con la realt\u00e0 che appunto risulta chiara, primaverile, nitida davanti agli occhi del lettore. La raccolta che nella prefazione cita doverosamente il capolavoro di Orazio che al monte Soratte dedic\u00f2 uno dei suoi carmi pi\u00f9 belli, \u00e8 come un lungo discorso in versi sciolti, un colloquio libero, cos\u00ec libero che a volte \u00e8 la montagna stessa a prendere la parola, a confidarsi a raccontare la sua storia di una lunga evoluzione che pare destinata all\u2019eterno.<\/p>\n<p>Impregnata di classicit\u00e0 la lingua di Damiani \u00e8 quella che si pu\u00f2 parlare tra amici perch\u00e9 riesce a ottenere la suggestione poetica grazie proprio a un\u2019esattezza che si raggiunge senza quasi darlo a vedere, come se fosse la cosa pi\u00f9 naturale e immediata, come quando appunto si parla guardandosi negli occhi e ci si accorge del miracolo di aver detto realmente quello che si aveva a cuore di dire. E se a guardarsi negli occhi ci sono un poeta e una montagna allora l\u2019effetto \u00e8 di un pezzo di mondo, di mondo vero al quale per qualche momento abbiamo infuso la vita dei nostri sentimenti.<\/p>\n<p>Ecco qui di seguito il video<\/p>\n<div class=\"fluid-embed-container\"><iframe title=\"Claudio Damiani canta il Monte Soratte\" width=\"640\" height=\"360\" src=\"https:\/\/www.youtube.com\/embed\/N-62k3zJ7kg?feature=oembed\" frameborder=\"0\" allow=\"accelerometer; autoplay; clipboard-write; encrypted-media; gyroscope; picture-in-picture; web-share\" referrerpolicy=\"strict-origin-when-cross-origin\" allowfullscreen><\/iframe><\/div>\n","protected":false},"excerpt":{"rendered":"Si pu\u00f2 dare del tu a una montagna ? Si pu\u00f2 conversare con lei come si fosse vecchi amici ? La risposta non \u00e8 nel vento, che pure da quelle parti spira gagliardo, ma nelle parole di un poeta vero come Claudio Damiani che le ha raccolte quelle parole nel recentissimo Ode al monte Soratte, [&hellip;]","protected":false},"author":13,"featured_media":282,"comment_status":"open","ping_status":"open","sticky":false,"template":"","format":"standard","meta":{"_acf_changed":false,"footnotes":""},"categories":[55],"tags":[78,80,79,83,81,82],"class_list":["post-277","post","type-post","status-publish","format-standard","has-post-thumbnail","hentry","category-news","tag-claudio-damiani","tag-fuorilinea","tag-monte-soratte","tag-orazio","tag-poesia","tag-poesia-contemporanea"],"acf":[],"aioseo_notices":[],"featured_image_url":"https:\/\/www.tv2000.it\/lacompagniadellibro\/wp-content\/uploads\/sites\/19\/2015\/04\/sorattenews.jpg","_links":{"self":[{"href":"https:\/\/www.tv2000.it\/lacompagniadellibro\/wp-json\/wp\/v2\/posts\/277","targetHints":{"allow":["GET"]}}],"collection":[{"href":"https:\/\/www.tv2000.it\/lacompagniadellibro\/wp-json\/wp\/v2\/posts"}],"about":[{"href":"https:\/\/www.tv2000.it\/lacompagniadellibro\/wp-json\/wp\/v2\/types\/post"}],"author":[{"embeddable":true,"href":"https:\/\/www.tv2000.it\/lacompagniadellibro\/wp-json\/wp\/v2\/users\/13"}],"replies":[{"embeddable":true,"href":"https:\/\/www.tv2000.it\/lacompagniadellibro\/wp-json\/wp\/v2\/comments?post=277"}],"version-history":[{"count":2,"href":"https:\/\/www.tv2000.it\/lacompagniadellibro\/wp-json\/wp\/v2\/posts\/277\/revisions"}],"predecessor-version":[{"id":281,"href":"https:\/\/www.tv2000.it\/lacompagniadellibro\/wp-json\/wp\/v2\/posts\/277\/revisions\/281"}],"wp:featuredmedia":[{"embeddable":true,"href":"https:\/\/www.tv2000.it\/lacompagniadellibro\/wp-json\/wp\/v2\/media\/282"}],"wp:attachment":[{"href":"https:\/\/www.tv2000.it\/lacompagniadellibro\/wp-json\/wp\/v2\/media?parent=277"}],"wp:term":[{"taxonomy":"category","embeddable":true,"href":"https:\/\/www.tv2000.it\/lacompagniadellibro\/wp-json\/wp\/v2\/categories?post=277"},{"taxonomy":"post_tag","embeddable":true,"href":"https:\/\/www.tv2000.it\/lacompagniadellibro\/wp-json\/wp\/v2\/tags?post=277"}],"curies":[{"name":"wp","href":"https:\/\/api.w.org\/{rel}","templated":true}]}}