{"id":1015,"date":"2019-03-07T10:11:02","date_gmt":"2019-03-07T09:11:02","guid":{"rendered":"http:\/\/www.tv2000.it\/orasolare\/?p=1015"},"modified":"2019-03-07T10:11:02","modified_gmt":"2019-03-07T09:11:02","slug":"non-solo-odio-sui-social-network-ninetta-franco-e-la-loro-storia-damore-in-rete","status":"publish","type":"post","link":"https:\/\/www.tv2000.it\/orasolare\/2019\/03\/07\/non-solo-odio-sui-social-network-ninetta-franco-e-la-loro-storia-damore-in-rete\/","title":{"rendered":"Non solo odio sui social network <\/br> Ninetta, Franco e la loro storia d&#8217;amore in rete"},"content":{"rendered":"<p>Si possono usare i social network per diffondere messaggi di gioia e serenit\u00e0? Per raccontare una vita normale fatta di preoccupazioni ma anche di tanta voglia di risolverli insieme? La risposta \u00e8 s\u00ec. E l&#8217;esempio \u00e8 quello di <strong>Ninetta Orlando<\/strong>, siciliana trapiantata in Piemonte che su twitter racconta ogni giorno la sua vita con <strong>Franco Occelli<\/strong>, il marito.<\/p>\n<p>Sono loro i protagonisti dell&#8217;intervista che apre L&#8217;Ora Solare di Paola Saluzzi. A seguire <strong>Enrico Ianniello<\/strong>, attore di teatro e televisione. Per tanti \u00e8 stato il commissario Vincenzo Nappi della&nbsp; serie Un Passo dal Cielo, ma \u00e8 anche scrittore: da poco \u00e8 uscito il suo secondo romanzo, &#8220;La compagnia delle illusioni&#8221; per Giangiacomo Feltrinelli Editore.<\/p>\n<p>Infine, la biblista<strong> Rosanna Virgili<\/strong> \u00e8 ospite nello spazio dedicato alle storie d\u2019amore nella Bibbia.<\/p>\n<p>L&#8217;Ora Solare dalle 14 su Tv2000, canale 28 del digitale terrestre, 157 di Sky.&nbsp;<\/p>\n<p>&nbsp;<\/p>\n<p>&nbsp;<\/p>\n","protected":false},"excerpt":{"rendered":"Si possono usare i social network per diffondere messaggi di gioia e serenit\u00e0? Per raccontare una vita normale fatta di preoccupazioni ma anche di tanta voglia di risolverli insieme? La risposta \u00e8 s\u00ec. E l&#8217;esempio \u00e8 quello di Ninetta Orlando, siciliana trapiantata in Piemonte che su twitter racconta ogni giorno la sua vita con Franco [&hellip;]","protected":false},"author":24,"featured_media":0,"comment_status":"open","ping_status":"open","sticky":false,"template":"","format":"standard","meta":{"_acf_changed":false,"footnotes":""},"categories":[1],"tags":[239,235,234,237,68,233,14,238,236],"class_list":["post-1015","post","type-post","status-publish","format-standard","hentry","category-senza-categoria","tag-bibbia","tag-enrico-iannelli","tag-franco-occelli","tag-giangiacomo-feltrinelli-editore","tag-lora-solare","tag-ninetta-orlando","tag-paola-saluzzi","tag-rosanna-virgili","tag-un-passo-dal-cielo"],"acf":[],"aioseo_notices":[],"_links":{"self":[{"href":"https:\/\/www.tv2000.it\/orasolare\/wp-json\/wp\/v2\/posts\/1015","targetHints":{"allow":["GET"]}}],"collection":[{"href":"https:\/\/www.tv2000.it\/orasolare\/wp-json\/wp\/v2\/posts"}],"about":[{"href":"https:\/\/www.tv2000.it\/orasolare\/wp-json\/wp\/v2\/types\/post"}],"author":[{"embeddable":true,"href":"https:\/\/www.tv2000.it\/orasolare\/wp-json\/wp\/v2\/users\/24"}],"replies":[{"embeddable":true,"href":"https:\/\/www.tv2000.it\/orasolare\/wp-json\/wp\/v2\/comments?post=1015"}],"version-history":[{"count":1,"href":"https:\/\/www.tv2000.it\/orasolare\/wp-json\/wp\/v2\/posts\/1015\/revisions"}],"predecessor-version":[{"id":1016,"href":"https:\/\/www.tv2000.it\/orasolare\/wp-json\/wp\/v2\/posts\/1015\/revisions\/1016"}],"wp:attachment":[{"href":"https:\/\/www.tv2000.it\/orasolare\/wp-json\/wp\/v2\/media?parent=1015"}],"wp:term":[{"taxonomy":"category","embeddable":true,"href":"https:\/\/www.tv2000.it\/orasolare\/wp-json\/wp\/v2\/categories?post=1015"},{"taxonomy":"post_tag","embeddable":true,"href":"https:\/\/www.tv2000.it\/orasolare\/wp-json\/wp\/v2\/tags?post=1015"}],"curies":[{"name":"wp","href":"https:\/\/api.w.org\/{rel}","templated":true}]}}