{"id":1240,"date":"2019-04-01T10:17:08","date_gmt":"2019-04-01T08:17:08","guid":{"rendered":"http:\/\/www.tv2000.it\/orasolare\/?p=1240"},"modified":"2019-04-01T10:17:17","modified_gmt":"2019-04-01T08:17:17","slug":"loredana-e-francesca-colleghe-alluniversita-mamma-e-figlia-una-laurea-contro-i-pregiudizi","status":"publish","type":"post","link":"https:\/\/www.tv2000.it\/orasolare\/2019\/04\/01\/loredana-e-francesca-colleghe-alluniversita-mamma-e-figlia-una-laurea-contro-i-pregiudizi\/","title":{"rendered":"Loredana e Francesca, colleghe all&#8217;Universit\u00e0 <\/br> mamma e figlia: &#8220;Una laurea contro i pregiudizi&#8221;"},"content":{"rendered":"<p>Oggi in studio all&#8217;Ora solare con Paola Saluzzi due neolaureate: sono le dottoresse <strong>Maria Loredana Ambrosio<\/strong> e <strong>Francesca Pecora<\/strong>, mamma e figlia, che dopo un percorso di studi insieme, hanno conseguito la laurea in Scienze della Comunicazione e Dams all\u2019Universit\u00e0 della Calabria, nello stesso giorno. Francesca ha la sindrome di Down e la sua scelta di studiare insieme alla mamma \u00e8 una risposta tangibile ai tanti che durante la sua vita non avevano fiducia nelle sue capacit\u00e0.&nbsp;<\/p>\n<p>Subito dopo l\u2019attore siciliano <strong>Paolo Briguglia<\/strong> racconta la sua vita, tra famiglia e carriera.<\/p>\n<p>Per raccontare la sua storia di vocazione <strong>Suor Chiara Cherubini,<\/strong> religiosa della Congregazione delle Suore Francescane Alcantarine, che presta servizio nella sacrestia della Basilica di Santa Maria degli Angeli di Assisi.<\/p>\n<p>Dalle 14 su Tv2000, canale 28 del digitale terrestre, 157 di Sky.&nbsp;<\/p>\n","protected":false},"excerpt":{"rendered":"Oggi in studio all&#8217;Ora solare con Paola Saluzzi due neolaureate: sono le dottoresse Maria Loredana Ambrosio e Francesca Pecora, mamma e figlia, che dopo un percorso di studi insieme, hanno conseguito la laurea in Scienze della Comunicazione e Dams all\u2019Universit\u00e0 della Calabria, nello stesso giorno. Francesca ha la sindrome di Down e la sua scelta [&hellip;]","protected":false},"author":24,"featured_media":0,"comment_status":"open","ping_status":"open","sticky":false,"template":"","format":"standard","meta":{"_acf_changed":false,"footnotes":""},"categories":[1],"tags":[326,68,325,14,328,327,329],"class_list":["post-1240","post","type-post","status-publish","format-standard","hentry","category-senza-categoria","tag-francesca-pecora","tag-lora-solare","tag-maria-loredana-ambrosio","tag-paola-saluzzi","tag-paolo-briguglia","tag-sindrome-di-down","tag-suor-chiara-cherubini"],"acf":[],"aioseo_notices":[],"_links":{"self":[{"href":"https:\/\/www.tv2000.it\/orasolare\/wp-json\/wp\/v2\/posts\/1240","targetHints":{"allow":["GET"]}}],"collection":[{"href":"https:\/\/www.tv2000.it\/orasolare\/wp-json\/wp\/v2\/posts"}],"about":[{"href":"https:\/\/www.tv2000.it\/orasolare\/wp-json\/wp\/v2\/types\/post"}],"author":[{"embeddable":true,"href":"https:\/\/www.tv2000.it\/orasolare\/wp-json\/wp\/v2\/users\/24"}],"replies":[{"embeddable":true,"href":"https:\/\/www.tv2000.it\/orasolare\/wp-json\/wp\/v2\/comments?post=1240"}],"version-history":[{"count":2,"href":"https:\/\/www.tv2000.it\/orasolare\/wp-json\/wp\/v2\/posts\/1240\/revisions"}],"predecessor-version":[{"id":1242,"href":"https:\/\/www.tv2000.it\/orasolare\/wp-json\/wp\/v2\/posts\/1240\/revisions\/1242"}],"wp:attachment":[{"href":"https:\/\/www.tv2000.it\/orasolare\/wp-json\/wp\/v2\/media?parent=1240"}],"wp:term":[{"taxonomy":"category","embeddable":true,"href":"https:\/\/www.tv2000.it\/orasolare\/wp-json\/wp\/v2\/categories?post=1240"},{"taxonomy":"post_tag","embeddable":true,"href":"https:\/\/www.tv2000.it\/orasolare\/wp-json\/wp\/v2\/tags?post=1240"}],"curies":[{"name":"wp","href":"https:\/\/api.w.org\/{rel}","templated":true}]}}