{"id":57156,"date":"2024-01-18T14:11:35","date_gmt":"2024-01-18T13:11:35","guid":{"rendered":"https:\/\/www.tv2000.it\/orasolare\/?p=57156"},"modified":"2024-01-24T15:24:44","modified_gmt":"2024-01-24T14:24:44","slug":"gli-argomenti-della-settimana-dal-22-al-26-gennaio","status":"publish","type":"post","link":"https:\/\/www.tv2000.it\/orasolare\/2024\/01\/18\/gli-argomenti-della-settimana-dal-22-al-26-gennaio\/","title":{"rendered":"Gli argomenti della settimana dal 22 al 26 gennaio"},"content":{"rendered":"<p><img decoding=\"async\" class=\"size-large wp-image-56594 aligncenter\" src=\"https:\/\/www.tv2000.it\/orasolare\/wp-content\/uploads\/sites\/57\/2024\/01\/Paola-Saluzzi-LOra-solare-15-1024x768.jpg\" alt=\"\" width=\"640\" height=\"480\" srcset=\"https:\/\/www.tv2000.it\/orasolare\/wp-content\/uploads\/sites\/57\/2024\/01\/Paola-Saluzzi-LOra-solare-15-1024x768.jpg 1024w, https:\/\/www.tv2000.it\/orasolare\/wp-content\/uploads\/sites\/57\/2024\/01\/Paola-Saluzzi-LOra-solare-15-300x225.jpg 300w, https:\/\/www.tv2000.it\/orasolare\/wp-content\/uploads\/sites\/57\/2024\/01\/Paola-Saluzzi-LOra-solare-15-768x576.jpg 768w, https:\/\/www.tv2000.it\/orasolare\/wp-content\/uploads\/sites\/57\/2024\/01\/Paola-Saluzzi-LOra-solare-15-1536x1152.jpg 1536w, https:\/\/www.tv2000.it\/orasolare\/wp-content\/uploads\/sites\/57\/2024\/01\/Paola-Saluzzi-LOra-solare-15-2048x1536.jpg 2048w, https:\/\/www.tv2000.it\/orasolare\/wp-content\/uploads\/sites\/57\/2024\/01\/Paola-Saluzzi-LOra-solare-15-36x27.jpg 36w, https:\/\/www.tv2000.it\/orasolare\/wp-content\/uploads\/sites\/57\/2024\/01\/Paola-Saluzzi-LOra-solare-15-280x210.jpg 280w, https:\/\/www.tv2000.it\/orasolare\/wp-content\/uploads\/sites\/57\/2024\/01\/Paola-Saluzzi-LOra-solare-15-650x488.jpg 650w, https:\/\/www.tv2000.it\/orasolare\/wp-content\/uploads\/sites\/57\/2024\/01\/Paola-Saluzzi-LOra-solare-15-600x450.jpg 600w\" sizes=\"(max-width: 640px) 100vw, 640px\" \/><\/p>\n<p><strong>LUNED\u00cc 22 GENNAIO<\/strong><\/p>\n<p>Una puntata dedicata alla Vespa, il mezzo a due ruote diventato icona italiana, con <strong>Paola Scarsi<\/strong>, giornalista, autrice del libro \u201cLa prima Vespa non si scorda mai \u2013 Emozioni e avventure con la mitica due ruote dalla viva voce dei protagonisti\u201d (Erga Edizioni); con <strong>Giancarlo Fiorucci<\/strong>, presidente del Vespa Club di Santa Marinella, la sua collezione di Vespe \u00e8 diventata un punto di riferimento per il cinema che le utilizza per film e fiction; con <strong>Andrea Delsoldato<\/strong>, che ha percorso 25 mila chilometri, da Parma al Bangladesh, a bordo della sua Vespa per incontrare una bambina adottata a distanza.<\/p>\n<p><u> Roma &#8211; Museo della Vespa<\/u><\/p>\n<p>Lo Spazio Museo Vespa di Roma custodisce una collezione di Vespe d\u2019epoca.<\/p>\n<p><strong>&nbsp;<\/strong><\/p>\n<p><strong>MARTED\u00cc 23 GENNAIO<\/strong><\/p>\n<p><strong>Giorgio Borghetti<\/strong>, attore, doppiatore, direttore di doppiaggio, ha cominciato da giovanissimo prestando la voce al bambino dell\u2019iconico film ET. Il suo racconto spazia tra vita professionale e privata.<\/p>\n<p><strong>Giulia Catena <\/strong>ha solo 14 anni ed \u00e8 gi\u00e0 una bravissima cantante e ventriloqua. Si esibisce con il suo pupazzo Ella.<\/p>\n<p><u> Roma &#8211; Accademia del Doppiaggio <\/u><\/p>\n<p>Una giornata all\u2019Accademia del Doppiaggio di Roma, per conoscere gli allievi che imparano la tecnica del doppiaggio.<\/p>\n<p><strong>&nbsp;<\/strong><\/p>\n<p><strong>MERCOLED\u00cc 24 GENNAIO&nbsp;<\/strong>&nbsp;<\/p>\n<p>Puntata all\u2019insegna della musica e del liscio con l\u2019<strong>Orchestra<\/strong> <strong>Elena Cammarone <\/strong>che guida la sua formazione insieme a <strong>Marco Andreucci <\/strong>e<strong> Nazzareno Belmonte<\/strong>.<\/p>\n<p><strong>Bruno Malpassi<\/strong> e <strong>Anna Patuelli<\/strong>, marito e moglie, dopo aver ballato per anni e ottenuto premi in diverse competizioni, hanno fondato il&nbsp;&#8220;Gruppo Folk Italiano alla Casadei&#8221;, che ha accompagnato gli spettacoli dell\u2019Orchestra Casadei per oltre un ventennio. Lui insegna nella loro scuola di ballo, lei ha disegnato i&nbsp;costumi tradizionali del Gruppo,&nbsp;ispirandosi agli abiti contadini romagnoli.<\/p>\n<p><u>Ravenna &#8211; Ballo liscio per tutti<\/u><\/p>\n<p>A Ravenna, nella &#8220;Scuola di Ballo Malpassi&#8221;,<strong> Monia Malpassi<\/strong> insegna liscio anche ai ragazzi disabili, affinch\u00e9 tutti abbiano la possibilit\u00e0 di ballare e divertirsi in modo sano.<\/p>\n<p><strong>Cristina Nulchis <\/strong>e<strong> Andrea Pelizza<\/strong> sono due volontari che hanno prestato soccorso durante l\u2019alluvione in Emilia Romagna di maggio 2023. Venuti dal nord, si sono innamorati spalando fango a Forl\u00ec e in quella citt\u00e0 si sono trasferiti per non separarsi mai pi\u00f9. Ricordano ancora un valzer ballato in mezzo al fango.<\/p>\n<p>&nbsp;<\/p>\n<p>&nbsp;<\/p>\n<p><strong>GIOVED\u00cc 25 GENNAIO&nbsp;<\/strong>&nbsp;<\/p>\n<p>Un\u2019Ora Solare gelata! <strong>Amelio Mazzella<\/strong> \u00e8 uno scultore che crea composizioni nel ghiaccio ed \u00e8 il Presidente della Associazione Italiana Scultori di Ghiaccio; originario di Napoli realizza da anni anche il presepe di ghiaccio.<\/p>\n<p><strong>Lisa Bonato <\/strong>racconta la sua vita sulla neve in compagnia dei suoi 13 cani husky e le sue vittorie sulla slitta trainata dai cani: \u00e8 infatti campionessa di Sleddog. &nbsp;<\/p>\n<p><strong>Katia Tomatis<\/strong>, mamma e sportiva, ha lasciato il su lavoro in banca per trasferirsi in montagna, gestire un rifugio ad alta quota e specializzarsi nello scialpinismo.<\/p>\n<p><u>Passo del Tonale &#8211; Concerto di ghiacco Paradice Arena<\/u><\/p>\n<p>Il Paradice Arena \u00e8 un grande teatro-igloo a 2.600 metri di quota tra le distese di neve del Ghiacciaio Presena nella provincia di Trento. Nel teatro, che ha una temperatura sotto zero, si svolgono concerti speciali in cui si suonano strumenti di ghiaccio, che oltre al loro aspetto fiabesco, hanno una particolare sonorit\u00e0.<\/p>\n<p>&nbsp;<\/p>\n<p><strong>VENERD\u00cc 26 GENNAIO<\/strong><\/p>\n<p>Una puntata dedicata al Giorno della Memoria con <strong>Gioia Bartali<\/strong>, nipote del grande campione di ciclismo <strong>Gino Bartali<\/strong> che salv\u00f2 centinaia di ebrei trasportando nella canna della bicicletta documenti falsi; con <strong>Micol Anticoli<\/strong>, che ripercorre la storia del nonno Alberto Sed, ha avuto la fortuna di conoscerlo nonostante nel 1944 sia stato deportato, a soli 15 anni, nel campo di concentramento di <em>Auschwitz<\/em>; con <strong>Luisa Steiner<\/strong> che racconta la storia del nonno Mario Abramo Covo, catturato dai tedeschi nel 1943 e mai pi\u00f9 ritrovato.<\/p>\n","protected":false},"excerpt":{"rendered":"LUNED\u00cc 22 GENNAIO Una puntata dedicata alla Vespa, il mezzo a due ruote diventato icona italiana, con Paola Scarsi, giornalista, autrice del libro \u201cLa prima Vespa non si scorda mai \u2013 Emozioni e avventure con la mitica due ruote dalla viva voce dei protagonisti\u201d (Erga Edizioni); con Giancarlo Fiorucci, presidente del Vespa Club di Santa [&hellip;]","protected":false},"author":6,"featured_media":3825,"comment_status":"open","ping_status":"open","sticky":false,"template":"","format":"standard","meta":{"_acf_changed":false,"footnotes":""},"categories":[129],"tags":[],"class_list":["post-57156","post","type-post","status-publish","format-standard","has-post-thumbnail","hentry","category-news"],"acf":[],"aioseo_notices":[],"featured_image_url":"https:\/\/www.tv2000.it\/orasolare\/wp-content\/uploads\/sites\/57\/2021\/11\/Paola-Saluzzi-LOra-solare-web4.jpg","_links":{"self":[{"href":"https:\/\/www.tv2000.it\/orasolare\/wp-json\/wp\/v2\/posts\/57156","targetHints":{"allow":["GET"]}}],"collection":[{"href":"https:\/\/www.tv2000.it\/orasolare\/wp-json\/wp\/v2\/posts"}],"about":[{"href":"https:\/\/www.tv2000.it\/orasolare\/wp-json\/wp\/v2\/types\/post"}],"author":[{"embeddable":true,"href":"https:\/\/www.tv2000.it\/orasolare\/wp-json\/wp\/v2\/users\/6"}],"replies":[{"embeddable":true,"href":"https:\/\/www.tv2000.it\/orasolare\/wp-json\/wp\/v2\/comments?post=57156"}],"version-history":[{"count":4,"href":"https:\/\/www.tv2000.it\/orasolare\/wp-json\/wp\/v2\/posts\/57156\/revisions"}],"predecessor-version":[{"id":57641,"href":"https:\/\/www.tv2000.it\/orasolare\/wp-json\/wp\/v2\/posts\/57156\/revisions\/57641"}],"wp:featuredmedia":[{"embeddable":true,"href":"https:\/\/www.tv2000.it\/orasolare\/wp-json\/wp\/v2\/media\/3825"}],"wp:attachment":[{"href":"https:\/\/www.tv2000.it\/orasolare\/wp-json\/wp\/v2\/media?parent=57156"}],"wp:term":[{"taxonomy":"category","embeddable":true,"href":"https:\/\/www.tv2000.it\/orasolare\/wp-json\/wp\/v2\/categories?post=57156"},{"taxonomy":"post_tag","embeddable":true,"href":"https:\/\/www.tv2000.it\/orasolare\/wp-json\/wp\/v2\/tags?post=57156"}],"curies":[{"name":"wp","href":"https:\/\/api.w.org\/{rel}","templated":true}]}}