{"id":13283,"date":"2018-04-03T15:46:34","date_gmt":"2018-04-03T13:46:34","guid":{"rendered":"http:\/\/www.tv2000.it\/prega-con-noi\/?p=13283"},"modified":"2018-04-03T15:46:34","modified_gmt":"2018-04-03T13:46:34","slug":"sullastrada-padre-michelini-commenta-il-vangelo-della-domenica-di-pasqua","status":"publish","type":"post","link":"https:\/\/www.tv2000.it\/prega-con-noi\/2018\/04\/03\/sullastrada-padre-michelini-commenta-il-vangelo-della-domenica-di-pasqua\/","title":{"rendered":"#SullaStrada &#8211; Padre Michelini commenta il Vangelo della domenica di Pasqua"},"content":{"rendered":"<p>Pasqua \u00e8 la festa pi\u00f9 importante per i cristiani; \u00e8 il giorno in cui Maria di Magdala vede il primo segno della resurrezione, il sepolcro vuoto. La Chiesa invita a riflettere sul mistero della pietra scartata. Da qui parte il commento di Padre Giulio Michelini, che ogni sabato pomeriggio e domenica mattina conduce Sulla Strada, il commento al Vangelo della domenica su Tv2000. Preside dell\u2019Istituto Teologico di Assisi, padre Giulio ha vissuto in Terra Santa respirandone la cultura biblica; \u00e8 un teologo sapiente ma giovane, abituato all\u2019 ascolto dei giovani come del Papa, a cui ha predicato gli esercizi spirituali nella Quaresima dello scorso anno. Insieme a padre Giulio, sul testo evangelico, il punto di vista di Marco Impagliazzo, storico, presidente della Comunit\u00e0 di Sant\u2019Egidio: il racconto della Pasqua che la Comunit\u00e0 vuole portare al mondo, come annuncio di cambiamento e di salvezza, per tutti gli uomini. I disegni sono di Stefania Pedna.<\/p>\n<div class=\"fluid-embed-container\"><iframe title=\"#SullaStrada - Padre Michelini commenta il Vangelo della domenica di Pasqua\" width=\"640\" height=\"360\" src=\"https:\/\/www.youtube.com\/embed\/ESSGRWjlRsQ?feature=oembed\" frameborder=\"0\" allow=\"accelerometer; autoplay; clipboard-write; encrypted-media; gyroscope; picture-in-picture; web-share\" referrerpolicy=\"strict-origin-when-cross-origin\" allowfullscreen><\/iframe><\/div>\n","protected":false},"excerpt":{"rendered":"Pasqua \u00e8 la festa pi\u00f9 importante per i cristiani; \u00e8 il giorno in cui Maria di Magdala vede il primo segno della resurrezione, il sepolcro vuoto. La Chiesa invita a riflettere sul mistero della pietra scartata. Da qui parte il commento di Padre Giulio Michelini, che ogni sabato pomeriggio e domenica mattina conduce Sulla Strada, [&hellip;]","protected":false},"author":6,"featured_media":13284,"comment_status":"closed","ping_status":"closed","sticky":false,"template":"","format":"standard","meta":{"_acf_changed":false,"footnotes":""},"categories":[8],"tags":[],"class_list":["post-13283","post","type-post","status-publish","format-standard","has-post-thumbnail","hentry","category-sulla-strada"],"acf":[],"aioseo_notices":[],"featured_image_url":"https:\/\/www.tv2000.it\/prega-con-noi\/wp-content\/uploads\/sites\/23\/2018\/04\/Sulla-strada-Pasqua_tv2000.png","_links":{"self":[{"href":"https:\/\/www.tv2000.it\/prega-con-noi\/wp-json\/wp\/v2\/posts\/13283","targetHints":{"allow":["GET"]}}],"collection":[{"href":"https:\/\/www.tv2000.it\/prega-con-noi\/wp-json\/wp\/v2\/posts"}],"about":[{"href":"https:\/\/www.tv2000.it\/prega-con-noi\/wp-json\/wp\/v2\/types\/post"}],"author":[{"embeddable":true,"href":"https:\/\/www.tv2000.it\/prega-con-noi\/wp-json\/wp\/v2\/users\/6"}],"replies":[{"embeddable":true,"href":"https:\/\/www.tv2000.it\/prega-con-noi\/wp-json\/wp\/v2\/comments?post=13283"}],"version-history":[{"count":1,"href":"https:\/\/www.tv2000.it\/prega-con-noi\/wp-json\/wp\/v2\/posts\/13283\/revisions"}],"predecessor-version":[{"id":13285,"href":"https:\/\/www.tv2000.it\/prega-con-noi\/wp-json\/wp\/v2\/posts\/13283\/revisions\/13285"}],"wp:featuredmedia":[{"embeddable":true,"href":"https:\/\/www.tv2000.it\/prega-con-noi\/wp-json\/wp\/v2\/media\/13284"}],"wp:attachment":[{"href":"https:\/\/www.tv2000.it\/prega-con-noi\/wp-json\/wp\/v2\/media?parent=13283"}],"wp:term":[{"taxonomy":"category","embeddable":true,"href":"https:\/\/www.tv2000.it\/prega-con-noi\/wp-json\/wp\/v2\/categories?post=13283"},{"taxonomy":"post_tag","embeddable":true,"href":"https:\/\/www.tv2000.it\/prega-con-noi\/wp-json\/wp\/v2\/tags?post=13283"}],"curies":[{"name":"wp","href":"https:\/\/api.w.org\/{rel}","templated":true}]}}