{"id":20692,"date":"2019-06-30T16:00:39","date_gmt":"2019-06-30T14:00:39","guid":{"rendered":"http:\/\/www.tv2000.it\/prega-con-noi\/?p=20692"},"modified":"2019-07-01T11:27:36","modified_gmt":"2019-07-01T09:27:36","slug":"sullastrada-xiii-domenica-del-tempo-ordinario-2","status":"publish","type":"post","link":"https:\/\/www.tv2000.it\/prega-con-noi\/2019\/06\/30\/sullastrada-xiii-domenica-del-tempo-ordinario-2\/","title":{"rendered":"#SullaStrada &#8211; XIII Domenica del Tempo Ordinario"},"content":{"rendered":"<p>Padre Giulio Michelini, biblista e teologo, nell\u2019appuntamento di Sulla Strada, il commento al Vangelo di TV2000, spiega il Vangelo di Luca: \u201cMentre camminavano per la strada, un tale gli disse: \u00abTi seguir\u00f2 dovunque tu vada\u00bb. E Ges\u00f9 gli rispose: \u00abLe volpi hanno le loro tane e gli uccelli del cielo i loro nidi, ma il Figlio dell\u2019uomo non ha dove posare il capo\u00bb\u201d. Dalla Chiesa di Santa Maria in Cappella nel rione Trastevere di Roma. Questa antichissima chiesa fu fondata il 25 marzo 1090 durante il pontificato di Urbano II (1088-1090) con il nome di &#8220;S.Maria ad pineam&#8221;. Nel 1391 la chiesa fu restaurata da Andreozzo Ponziani, suocero di Santa Francesca Romana, che vi costru\u00ec accanto un ospedale denominato &#8220;del Ss.Salvatore&#8221;, del quale la stessa Santa si occupava. Dopo la morte di Francesca Romana, il complesso pass\u00f2 in eredit\u00e0 alle monache di Tor de&#8217; Specchi, le quali nel 1540 lo cedettero alla Confraternita dei Barilari, i fabbricanti di barili e mezzi barili, finch\u00e8 decadde lentamente fino a quando Innocenzo X, nel 1653, ne affid\u00f2 le cure ad Olimpia Maidalchini della famiglia Pamphilj, cognata del pontefice, nota anche come la &#8220;Pimpaccia&#8221;. Nel 1857 un parente della famiglia Pamphilj, Filippo Andrea Doria, fece restaurare la chiesetta dall&#8217;architetto di famiglia, Andrea Busiri Vici, il quale riport\u00f2 la facciata all&#8217;aspetto medioevale, conferendole l&#8217;aspetto attuale. Il restauro ripristin\u00f2 anche l&#8217;ospedale che venne destinato alle malattie croniche. Sulla destra della chiesetta \u00e8 situato un piccolo campanile del primo periodo romanico, fra la fine dell&#8217;XI e gli inizi del XII secolo, che si erge per due lati sui muri della chiesa stessa, mentre gli altri lati sono sostenuti dai pilastri di fondazione. I disegni sono di Stefania Pedna.<\/p>\n<div class=\"fluid-embed-container\"><iframe title=\"#SullaStrada - XIII Domenica del Tempo Ordinario\" width=\"640\" height=\"360\" src=\"https:\/\/www.youtube.com\/embed\/ooxd_CidL3E?feature=oembed\" frameborder=\"0\" allow=\"accelerometer; autoplay; clipboard-write; encrypted-media; gyroscope; picture-in-picture; web-share\" referrerpolicy=\"strict-origin-when-cross-origin\" allowfullscreen><\/iframe><\/div>\n","protected":false},"excerpt":{"rendered":"Padre Giulio Michelini, biblista e teologo, nell\u2019appuntamento di Sulla Strada, il commento al Vangelo di TV2000, spiega il Vangelo di Luca: \u201cMentre camminavano per la strada, un tale gli disse: \u00abTi seguir\u00f2 dovunque tu vada\u00bb. E Ges\u00f9 gli rispose: \u00abLe volpi hanno le loro tane e gli uccelli del cielo i loro nidi, ma il [&hellip;]","protected":false},"author":9,"featured_media":20695,"comment_status":"closed","ping_status":"closed","sticky":false,"template":"","format":"standard","meta":{"_acf_changed":false,"footnotes":""},"categories":[8],"tags":[],"class_list":["post-20692","post","type-post","status-publish","format-standard","has-post-thumbnail","hentry","category-sulla-strada"],"acf":[],"aioseo_notices":[],"featured_image_url":"https:\/\/www.tv2000.it\/prega-con-noi\/wp-content\/uploads\/sites\/23\/2019\/07\/sullastrada-1024x535.jpg","_links":{"self":[{"href":"https:\/\/www.tv2000.it\/prega-con-noi\/wp-json\/wp\/v2\/posts\/20692","targetHints":{"allow":["GET"]}}],"collection":[{"href":"https:\/\/www.tv2000.it\/prega-con-noi\/wp-json\/wp\/v2\/posts"}],"about":[{"href":"https:\/\/www.tv2000.it\/prega-con-noi\/wp-json\/wp\/v2\/types\/post"}],"author":[{"embeddable":true,"href":"https:\/\/www.tv2000.it\/prega-con-noi\/wp-json\/wp\/v2\/users\/9"}],"replies":[{"embeddable":true,"href":"https:\/\/www.tv2000.it\/prega-con-noi\/wp-json\/wp\/v2\/comments?post=20692"}],"version-history":[{"count":1,"href":"https:\/\/www.tv2000.it\/prega-con-noi\/wp-json\/wp\/v2\/posts\/20692\/revisions"}],"predecessor-version":[{"id":20696,"href":"https:\/\/www.tv2000.it\/prega-con-noi\/wp-json\/wp\/v2\/posts\/20692\/revisions\/20696"}],"wp:featuredmedia":[{"embeddable":true,"href":"https:\/\/www.tv2000.it\/prega-con-noi\/wp-json\/wp\/v2\/media\/20695"}],"wp:attachment":[{"href":"https:\/\/www.tv2000.it\/prega-con-noi\/wp-json\/wp\/v2\/media?parent=20692"}],"wp:term":[{"taxonomy":"category","embeddable":true,"href":"https:\/\/www.tv2000.it\/prega-con-noi\/wp-json\/wp\/v2\/categories?post=20692"},{"taxonomy":"post_tag","embeddable":true,"href":"https:\/\/www.tv2000.it\/prega-con-noi\/wp-json\/wp\/v2\/tags?post=20692"}],"curies":[{"name":"wp","href":"https:\/\/api.w.org\/{rel}","templated":true}]}}