{"id":22519,"date":"2019-10-19T16:30:12","date_gmt":"2019-10-19T14:30:12","guid":{"rendered":"http:\/\/www.tv2000.it\/prega-con-noi\/?p=22519"},"modified":"2019-10-21T12:55:44","modified_gmt":"2019-10-21T10:55:44","slug":"sullastrada-xxix-domenica-del-tempo-ordinario-3","status":"publish","type":"post","link":"https:\/\/www.tv2000.it\/prega-con-noi\/2019\/10\/19\/sullastrada-xxix-domenica-del-tempo-ordinario-3\/","title":{"rendered":"#SullaStrada &#8211; XXIX domenica del Tempo Ordinario"},"content":{"rendered":"<p>Padre Giulio Michelini, biblista e teologo, nell\u2019appuntamento di Sulla Strada, il commento al Vangelo di TV2000, spiega il passo del Vangelo di Luca incentrato sulla preghiera:<br \/>\nLc 18,1-8<br \/>\nIn quel tempo, Ges\u00f9 diceva ai suoi discepoli una parabola sulla necessit\u00e0 di pregare sempre, senza stancarsi mai:<br \/>\n\u00abIn una citt\u00e0 viveva un giudice, che non temeva Dio n\u00e9 aveva riguardo per alcuno. In quella citt\u00e0 c\u2019era anche una vedova, che andava da lui e gli diceva: \u201cFammi giustizia contro il mio avversario\u201d.<br \/>\nPer un po\u2019 di tempo egli non volle; ma poi disse tra s\u00e9: \u201cAnche se non temo Dio e non ho riguardo per alcuno, dato che questa vedova mi d\u00e0 tanto fastidio, le far\u00f2 giustizia perch\u00e9 non venga continuamente a importunarmi\u201d\u00bb.<br \/>\nE il Signore soggiunse: \u00abAscoltate ci\u00f2 che dice il giudice disonesto. E Dio non far\u00e0 forse giustizia ai suoi eletti, che gridano giorno e notte verso di lui? Li far\u00e0 forse aspettare a lungo? Io vi dico che far\u00e0 loro giustizia prontamente. Ma il Figlio dell\u2019uomo, quando verr\u00e0, trover\u00e0 la fede sulla terra?\u00bb.<\/p>\n<p>Siamo sempre all\u2019interno della Basilica di Santa Croce in Gerusalemme in Roma, uno dei luoghi pi\u00f9 cari alla cristianit\u00e0. La Basilica fa parte del cammino delle sette Chiese e conserva le reliquie della Santa Croce.<\/p>\n<div class=\"fluid-embed-container\"><iframe title=\"#SullaStrada - XXIX domenica del Tempo Ordinario\" width=\"640\" height=\"360\" src=\"https:\/\/www.youtube.com\/embed\/pHZNghhFBZk?feature=oembed\" frameborder=\"0\" allow=\"accelerometer; autoplay; clipboard-write; encrypted-media; gyroscope; picture-in-picture; web-share\" referrerpolicy=\"strict-origin-when-cross-origin\" allowfullscreen><\/iframe><\/div>\n","protected":false},"excerpt":{"rendered":"Padre Giulio Michelini, biblista e teologo, nell\u2019appuntamento di Sulla Strada, il commento al Vangelo di TV2000, spiega il passo del Vangelo di Luca incentrato sulla preghiera: Lc 18,1-8 In quel tempo, Ges\u00f9 diceva ai suoi discepoli una parabola sulla necessit\u00e0 di pregare sempre, senza stancarsi mai: \u00abIn una citt\u00e0 viveva un giudice, che non temeva [&hellip;]","protected":false},"author":9,"featured_media":22520,"comment_status":"closed","ping_status":"closed","sticky":false,"template":"","format":"standard","meta":{"_acf_changed":false,"footnotes":""},"categories":[8],"tags":[],"class_list":["post-22519","post","type-post","status-publish","format-standard","has-post-thumbnail","hentry","category-sulla-strada"],"acf":[],"aioseo_notices":[],"featured_image_url":"https:\/\/www.tv2000.it\/prega-con-noi\/wp-content\/uploads\/sites\/23\/2019\/10\/sullastrada19-1024x566.jpg","_links":{"self":[{"href":"https:\/\/www.tv2000.it\/prega-con-noi\/wp-json\/wp\/v2\/posts\/22519","targetHints":{"allow":["GET"]}}],"collection":[{"href":"https:\/\/www.tv2000.it\/prega-con-noi\/wp-json\/wp\/v2\/posts"}],"about":[{"href":"https:\/\/www.tv2000.it\/prega-con-noi\/wp-json\/wp\/v2\/types\/post"}],"author":[{"embeddable":true,"href":"https:\/\/www.tv2000.it\/prega-con-noi\/wp-json\/wp\/v2\/users\/9"}],"replies":[{"embeddable":true,"href":"https:\/\/www.tv2000.it\/prega-con-noi\/wp-json\/wp\/v2\/comments?post=22519"}],"version-history":[{"count":1,"href":"https:\/\/www.tv2000.it\/prega-con-noi\/wp-json\/wp\/v2\/posts\/22519\/revisions"}],"predecessor-version":[{"id":22521,"href":"https:\/\/www.tv2000.it\/prega-con-noi\/wp-json\/wp\/v2\/posts\/22519\/revisions\/22521"}],"wp:featuredmedia":[{"embeddable":true,"href":"https:\/\/www.tv2000.it\/prega-con-noi\/wp-json\/wp\/v2\/media\/22520"}],"wp:attachment":[{"href":"https:\/\/www.tv2000.it\/prega-con-noi\/wp-json\/wp\/v2\/media?parent=22519"}],"wp:term":[{"taxonomy":"category","embeddable":true,"href":"https:\/\/www.tv2000.it\/prega-con-noi\/wp-json\/wp\/v2\/categories?post=22519"},{"taxonomy":"post_tag","embeddable":true,"href":"https:\/\/www.tv2000.it\/prega-con-noi\/wp-json\/wp\/v2\/tags?post=22519"}],"curies":[{"name":"wp","href":"https:\/\/api.w.org\/{rel}","templated":true}]}}