{"id":22651,"date":"2019-10-27T09:00:07","date_gmt":"2019-10-27T08:00:07","guid":{"rendered":"http:\/\/www.tv2000.it\/prega-con-noi\/?p=22651"},"modified":"2019-10-28T10:49:07","modified_gmt":"2019-10-28T09:49:07","slug":"sullastrada-xxx-domenica-del-tempo-ordinario-3","status":"publish","type":"post","link":"https:\/\/www.tv2000.it\/prega-con-noi\/2019\/10\/27\/sullastrada-xxx-domenica-del-tempo-ordinario-3\/","title":{"rendered":"#SullaStrada &#8211; XXX domenica del Tempo Ordinario"},"content":{"rendered":"<p>Lc 18,9-14.<\/p>\n<p>In quel tempo, Ges\u00f9 disse ancora questa parabola per alcuni che avevano l\u2019intima presunzione di essere giusti e disprezzavano gli altri:<br \/>\n\u00abDue uomini salirono al tempio a pregare: uno era fariseo e l\u2019altro pubblicano.<br \/>\nIl fariseo, stando in piedi, pregava cos\u00ec tra s\u00e9: \u201cO Dio, ti ringrazio perch\u00e9 non sono come gli altri uomini, ladri, ingiusti, ad\u00f9lteri, e neppure come questo pubblicano. Digiuno due volte alla settimana e pago le decime di tutto quello che possiedo\u201d.<br \/>\nIl pubblicano invece, fermatosi a distanza, non osava nemmeno alzare gli occhi al cielo, ma si batteva il petto dicendo: \u201cO Dio, abbi piet\u00e0 di me peccatore\u201d.<br \/>\nIo vi dico: questi, a differenza dell\u2019altro, torn\u00f2 a casa sua giustificato, perch\u00e9 chiunque si esalta sar\u00e0 umiliato, chi invece si umilia sar\u00e0 esaltato\u00bb<\/p>\n<p>Ultima puntata all\u2019interno della Basilica di Santa Croce in Gerusalemme in Roma, uno dei luoghi pi\u00f9 cari alla cristianit\u00e0. La Basilica fa parte del cammino delle sette Chiese e conserva le reliquie della Santa Croce. In questa puntata Padre Giulio far\u00e0 un accenno anche ad Antonietta Meo, detta Nennolina (Roma, 15 dicembre 1930 \u2013 Roma, 3 luglio 1937), bambina italiana dichiarata venerabile dalla Chiesa cattolica nel 2007. \u00c8 sepolta proprio nella basilica di Santa Croce in Gerusalemme.<\/p>\n<div class=\"fluid-embed-container\"><iframe title=\"#SullaStrada - XXX domenica del Tempo Ordinario\" width=\"640\" height=\"360\" src=\"https:\/\/www.youtube.com\/embed\/hcg4qXT9U_U?feature=oembed\" frameborder=\"0\" allow=\"accelerometer; autoplay; clipboard-write; encrypted-media; gyroscope; picture-in-picture; web-share\" referrerpolicy=\"strict-origin-when-cross-origin\" allowfullscreen><\/iframe><\/div>\n","protected":false},"excerpt":{"rendered":"Lc 18,9-14. In quel tempo, Ges\u00f9 disse ancora questa parabola per alcuni che avevano l\u2019intima presunzione di essere giusti e disprezzavano gli altri: \u00abDue uomini salirono al tempio a pregare: uno era fariseo e l\u2019altro pubblicano. Il fariseo, stando in piedi, pregava cos\u00ec tra s\u00e9: \u201cO Dio, ti ringrazio perch\u00e9 non sono come gli altri [&hellip;]","protected":false},"author":9,"featured_media":22654,"comment_status":"closed","ping_status":"closed","sticky":false,"template":"","format":"standard","meta":{"_acf_changed":false,"footnotes":""},"categories":[8],"tags":[],"class_list":["post-22651","post","type-post","status-publish","format-standard","has-post-thumbnail","hentry","category-sulla-strada"],"acf":[],"aioseo_notices":[],"featured_image_url":"https:\/\/www.tv2000.it\/prega-con-noi\/wp-content\/uploads\/sites\/23\/2019\/10\/sullastrada27-1024x571.jpg","_links":{"self":[{"href":"https:\/\/www.tv2000.it\/prega-con-noi\/wp-json\/wp\/v2\/posts\/22651","targetHints":{"allow":["GET"]}}],"collection":[{"href":"https:\/\/www.tv2000.it\/prega-con-noi\/wp-json\/wp\/v2\/posts"}],"about":[{"href":"https:\/\/www.tv2000.it\/prega-con-noi\/wp-json\/wp\/v2\/types\/post"}],"author":[{"embeddable":true,"href":"https:\/\/www.tv2000.it\/prega-con-noi\/wp-json\/wp\/v2\/users\/9"}],"replies":[{"embeddable":true,"href":"https:\/\/www.tv2000.it\/prega-con-noi\/wp-json\/wp\/v2\/comments?post=22651"}],"version-history":[{"count":1,"href":"https:\/\/www.tv2000.it\/prega-con-noi\/wp-json\/wp\/v2\/posts\/22651\/revisions"}],"predecessor-version":[{"id":22655,"href":"https:\/\/www.tv2000.it\/prega-con-noi\/wp-json\/wp\/v2\/posts\/22651\/revisions\/22655"}],"wp:featuredmedia":[{"embeddable":true,"href":"https:\/\/www.tv2000.it\/prega-con-noi\/wp-json\/wp\/v2\/media\/22654"}],"wp:attachment":[{"href":"https:\/\/www.tv2000.it\/prega-con-noi\/wp-json\/wp\/v2\/media?parent=22651"}],"wp:term":[{"taxonomy":"category","embeddable":true,"href":"https:\/\/www.tv2000.it\/prega-con-noi\/wp-json\/wp\/v2\/categories?post=22651"},{"taxonomy":"post_tag","embeddable":true,"href":"https:\/\/www.tv2000.it\/prega-con-noi\/wp-json\/wp\/v2\/tags?post=22651"}],"curies":[{"name":"wp","href":"https:\/\/api.w.org\/{rel}","templated":true}]}}