{"id":23359,"date":"2019-12-08T16:30:30","date_gmt":"2019-12-08T15:30:30","guid":{"rendered":"http:\/\/www.tv2000.it\/prega-con-noi\/?p=23359"},"modified":"2019-12-09T09:49:41","modified_gmt":"2019-12-09T08:49:41","slug":"sullastrada-ii-domenica-di-avvento","status":"publish","type":"post","link":"https:\/\/www.tv2000.it\/prega-con-noi\/2019\/12\/08\/sullastrada-ii-domenica-di-avvento\/","title":{"rendered":"#SullaStrada &#8211; II Domenica di Avvento"},"content":{"rendered":"<p>Questa seconda domenica d\u2019Avvento coincide con l\u20198 dicembre, Festa dell\u2019Immacolata Concezione, che \u00e8 dominante anche sul tempo di preparazione al Natale. Perch\u00e8 senza il s\u00ec di Maria non ci sarebbe Natale, ed \u00e8 lei il modello dell\u2019attesa ardente della salvezza. Per questo leggiamo il testo di Luca che narra l\u2019annuncio dell\u2019Angelo. Cos\u2019ha a che fare questo testo, che parla della Concezione di Ges\u00f9, con l\u2019Immacolata Concezione di Maria? Padre Giulio Michelini spiega che tutto consiste in quel \u201cpiena di grazia\u201d, con cui viene salutata la Vergine. Il verbo \u00e8 un passivo, e indica continuit\u00e0: da sempre dunque Maria \u00e8 stata riempita di grazia, salvata. Anche questa domenica il commento al Vangelo ha la cornice di un luogo venerato per la storia della Chiesa. Siamo nell\u2019Oratorio di Santa Barbara, attiguo alla basilica di san Gregorio. \u00c8 qui che il grande Papa, che ferm\u00f3 gli Unni, che diede il nome al canto liturgico e al calendario, era solito ospitare a pranzo 12 poveri. E un quest\u2019oratorio, alla grande tavola di marmo che qui si conserva, un angelo ad ogni pasto si sedeva con loro, a benedire il cibo della carit\u00e0&#8230;<\/p>\n<div class=\"fluid-embed-container\"><iframe title=\"#SullaStrada - II Domenica di Avvento\" width=\"640\" height=\"360\" src=\"https:\/\/www.youtube.com\/embed\/BoZbxDmSIIA?feature=oembed\" frameborder=\"0\" allow=\"accelerometer; autoplay; clipboard-write; encrypted-media; gyroscope; picture-in-picture; web-share\" referrerpolicy=\"strict-origin-when-cross-origin\" allowfullscreen><\/iframe><\/div>\n","protected":false},"excerpt":{"rendered":"Questa seconda domenica d\u2019Avvento coincide con l\u20198 dicembre, Festa dell\u2019Immacolata Concezione, che \u00e8 dominante anche sul tempo di preparazione al Natale. Perch\u00e8 senza il s\u00ec di Maria non ci sarebbe Natale, ed \u00e8 lei il modello dell\u2019attesa ardente della salvezza. Per questo leggiamo il testo di Luca che narra l\u2019annuncio dell\u2019Angelo. Cos\u2019ha a che fare [&hellip;]","protected":false},"author":9,"featured_media":23360,"comment_status":"closed","ping_status":"closed","sticky":false,"template":"","format":"standard","meta":{"_acf_changed":false,"footnotes":""},"categories":[8],"tags":[],"class_list":["post-23359","post","type-post","status-publish","format-standard","has-post-thumbnail","hentry","category-sulla-strada"],"acf":[],"aioseo_notices":[],"featured_image_url":"https:\/\/www.tv2000.it\/prega-con-noi\/wp-content\/uploads\/sites\/23\/2019\/12\/strada0812-1024x573.jpg","_links":{"self":[{"href":"https:\/\/www.tv2000.it\/prega-con-noi\/wp-json\/wp\/v2\/posts\/23359","targetHints":{"allow":["GET"]}}],"collection":[{"href":"https:\/\/www.tv2000.it\/prega-con-noi\/wp-json\/wp\/v2\/posts"}],"about":[{"href":"https:\/\/www.tv2000.it\/prega-con-noi\/wp-json\/wp\/v2\/types\/post"}],"author":[{"embeddable":true,"href":"https:\/\/www.tv2000.it\/prega-con-noi\/wp-json\/wp\/v2\/users\/9"}],"replies":[{"embeddable":true,"href":"https:\/\/www.tv2000.it\/prega-con-noi\/wp-json\/wp\/v2\/comments?post=23359"}],"version-history":[{"count":1,"href":"https:\/\/www.tv2000.it\/prega-con-noi\/wp-json\/wp\/v2\/posts\/23359\/revisions"}],"predecessor-version":[{"id":23361,"href":"https:\/\/www.tv2000.it\/prega-con-noi\/wp-json\/wp\/v2\/posts\/23359\/revisions\/23361"}],"wp:featuredmedia":[{"embeddable":true,"href":"https:\/\/www.tv2000.it\/prega-con-noi\/wp-json\/wp\/v2\/media\/23360"}],"wp:attachment":[{"href":"https:\/\/www.tv2000.it\/prega-con-noi\/wp-json\/wp\/v2\/media?parent=23359"}],"wp:term":[{"taxonomy":"category","embeddable":true,"href":"https:\/\/www.tv2000.it\/prega-con-noi\/wp-json\/wp\/v2\/categories?post=23359"},{"taxonomy":"post_tag","embeddable":true,"href":"https:\/\/www.tv2000.it\/prega-con-noi\/wp-json\/wp\/v2\/tags?post=23359"}],"curies":[{"name":"wp","href":"https:\/\/api.w.org\/{rel}","templated":true}]}}