{"id":33788,"date":"2022-02-26T17:35:01","date_gmt":"2022-02-26T16:35:01","guid":{"rendered":"http:\/\/www.tv2000.it\/prega-con-noi\/?p=33788"},"modified":"2022-02-26T17:35:16","modified_gmt":"2022-02-26T16:35:16","slug":"viii-domenica-del-tempo-ordinario-anno-c","status":"publish","type":"post","link":"https:\/\/www.tv2000.it\/prega-con-noi\/2022\/02\/26\/viii-domenica-del-tempo-ordinario-anno-c\/","title":{"rendered":"VIII Domenica del Tempo Ordinario (Anno C)"},"content":{"rendered":"<p>Lc 6, 39-45<\/p>\n<p>Padre Jean-Paul Hernandez commenta il Vangelo della domenica e e ne le illustra le trasposizioni in immagini.<br \/>\nIn quel tempo, Ges\u00f9 disse ai suoi discepoli una parabola: \u201cPu\u00f2 forse un cieco guidare un altro cieco?\u201d. Vedere \u00e8 una grande metafora della fede, perch\u00e9 credere \u00e8 vedere le cose con occhi nuovi. Ma cos\u2019\u00e8 che rende ciechi?<br \/>\nLa fede \u00e8 un cammino, ma se ti lasci guidare da un cieco, da un cattivo maestro, sarai anche tu cieco.<\/p>\n<div class=\"fluid-embed-container\"><iframe title=\"VIII Domenica del Tempo Ordinario (Anno C) \u2013 Vangelo domenica 27 febbraio 2022\" width=\"640\" height=\"360\" src=\"https:\/\/www.youtube.com\/embed\/Db1FIT7DWzc?feature=oembed\" frameborder=\"0\" allow=\"accelerometer; autoplay; clipboard-write; encrypted-media; gyroscope; picture-in-picture; web-share\" referrerpolicy=\"strict-origin-when-cross-origin\" allowfullscreen><\/iframe><\/div>\n","protected":false},"excerpt":{"rendered":"Lc 6, 39-45 Padre Jean-Paul Hernandez commenta il Vangelo della domenica e e ne le illustra le trasposizioni in immagini. In quel tempo, Ges\u00f9 disse ai suoi discepoli una parabola: \u201cPu\u00f2 forse un cieco guidare un altro cieco?\u201d. Vedere \u00e8 una grande metafora della fede, perch\u00e9 credere \u00e8 vedere le cose con occhi nuovi. Ma [&hellip;]","protected":false},"author":9,"featured_media":33789,"comment_status":"closed","ping_status":"closed","sticky":false,"template":"","format":"standard","meta":{"_acf_changed":false,"footnotes":""},"categories":[8],"tags":[],"class_list":["post-33788","post","type-post","status-publish","format-standard","has-post-thumbnail","hentry","category-sulla-strada"],"acf":[],"aioseo_notices":[],"featured_image_url":"https:\/\/www.tv2000.it\/prega-con-noi\/wp-content\/uploads\/sites\/23\/2022\/02\/strada2602-1024x576.jpg","_links":{"self":[{"href":"https:\/\/www.tv2000.it\/prega-con-noi\/wp-json\/wp\/v2\/posts\/33788","targetHints":{"allow":["GET"]}}],"collection":[{"href":"https:\/\/www.tv2000.it\/prega-con-noi\/wp-json\/wp\/v2\/posts"}],"about":[{"href":"https:\/\/www.tv2000.it\/prega-con-noi\/wp-json\/wp\/v2\/types\/post"}],"author":[{"embeddable":true,"href":"https:\/\/www.tv2000.it\/prega-con-noi\/wp-json\/wp\/v2\/users\/9"}],"replies":[{"embeddable":true,"href":"https:\/\/www.tv2000.it\/prega-con-noi\/wp-json\/wp\/v2\/comments?post=33788"}],"version-history":[{"count":1,"href":"https:\/\/www.tv2000.it\/prega-con-noi\/wp-json\/wp\/v2\/posts\/33788\/revisions"}],"predecessor-version":[{"id":33790,"href":"https:\/\/www.tv2000.it\/prega-con-noi\/wp-json\/wp\/v2\/posts\/33788\/revisions\/33790"}],"wp:featuredmedia":[{"embeddable":true,"href":"https:\/\/www.tv2000.it\/prega-con-noi\/wp-json\/wp\/v2\/media\/33789"}],"wp:attachment":[{"href":"https:\/\/www.tv2000.it\/prega-con-noi\/wp-json\/wp\/v2\/media?parent=33788"}],"wp:term":[{"taxonomy":"category","embeddable":true,"href":"https:\/\/www.tv2000.it\/prega-con-noi\/wp-json\/wp\/v2\/categories?post=33788"},{"taxonomy":"post_tag","embeddable":true,"href":"https:\/\/www.tv2000.it\/prega-con-noi\/wp-json\/wp\/v2\/tags?post=33788"}],"curies":[{"name":"wp","href":"https:\/\/api.w.org\/{rel}","templated":true}]}}