{"id":34301,"date":"2022-04-09T19:17:52","date_gmt":"2022-04-09T17:17:52","guid":{"rendered":"http:\/\/www.tv2000.it\/prega-con-noi\/?p=34301"},"modified":"2022-04-09T19:18:10","modified_gmt":"2022-04-09T17:18:10","slug":"domenica-delle-palme-anno-c","status":"publish","type":"post","link":"https:\/\/www.tv2000.it\/prega-con-noi\/2022\/04\/09\/domenica-delle-palme-anno-c\/","title":{"rendered":"Domenica delle Palme (Anno C)"},"content":{"rendered":"<p>Lc 23, 33-46<\/p>\n<p>Padre Jean-Paul Hernandez commenta il Vangelo della Domenica delle Palme e le opere d\u2019arte che ha ispirato. Ges\u00f9 viene crocifisso coi ladroni sul Golgota, il monte Cranio cos\u00ec detto in ebraico perch\u00e9 vi era stato seppellito Adamo. I due malfattori crocifissi con Ges\u00f9 rappresentano tutta l\u2019umanit\u00e0. Chi di noi non si \u00e8 mai comportato male. Apparentemente Ges\u00f9 \u00e8 un messia fallito. Assume su di s\u00e9 i nostri fallimenti e cos\u00ec facendo accetta la morte.<\/p>\n<div class=\"fluid-embed-container\"><iframe title=\"Domenica delle Palme (Anno C) \u2013 Vangelo domenica 10 aprile 2022\" width=\"640\" height=\"360\" src=\"https:\/\/www.youtube.com\/embed\/xx-zmEKKVms?feature=oembed\" frameborder=\"0\" allow=\"accelerometer; autoplay; clipboard-write; encrypted-media; gyroscope; picture-in-picture; web-share\" referrerpolicy=\"strict-origin-when-cross-origin\" allowfullscreen><\/iframe><\/div>\n","protected":false},"excerpt":{"rendered":"Lc 23, 33-46 Padre Jean-Paul Hernandez commenta il Vangelo della Domenica delle Palme e le opere d\u2019arte che ha ispirato. Ges\u00f9 viene crocifisso coi ladroni sul Golgota, il monte Cranio cos\u00ec detto in ebraico perch\u00e9 vi era stato seppellito Adamo. I due malfattori crocifissi con Ges\u00f9 rappresentano tutta l\u2019umanit\u00e0. Chi di noi non si \u00e8 [&hellip;]","protected":false},"author":9,"featured_media":34297,"comment_status":"closed","ping_status":"closed","sticky":false,"template":"","format":"standard","meta":{"_acf_changed":false,"footnotes":""},"categories":[8],"tags":[],"class_list":["post-34301","post","type-post","status-publish","format-standard","has-post-thumbnail","hentry","category-sulla-strada"],"acf":[],"aioseo_notices":[],"featured_image_url":"https:\/\/www.tv2000.it\/prega-con-noi\/wp-content\/uploads\/sites\/23\/2022\/04\/strada0904-1024x574.jpg","_links":{"self":[{"href":"https:\/\/www.tv2000.it\/prega-con-noi\/wp-json\/wp\/v2\/posts\/34301","targetHints":{"allow":["GET"]}}],"collection":[{"href":"https:\/\/www.tv2000.it\/prega-con-noi\/wp-json\/wp\/v2\/posts"}],"about":[{"href":"https:\/\/www.tv2000.it\/prega-con-noi\/wp-json\/wp\/v2\/types\/post"}],"author":[{"embeddable":true,"href":"https:\/\/www.tv2000.it\/prega-con-noi\/wp-json\/wp\/v2\/users\/9"}],"replies":[{"embeddable":true,"href":"https:\/\/www.tv2000.it\/prega-con-noi\/wp-json\/wp\/v2\/comments?post=34301"}],"version-history":[{"count":1,"href":"https:\/\/www.tv2000.it\/prega-con-noi\/wp-json\/wp\/v2\/posts\/34301\/revisions"}],"predecessor-version":[{"id":34302,"href":"https:\/\/www.tv2000.it\/prega-con-noi\/wp-json\/wp\/v2\/posts\/34301\/revisions\/34302"}],"wp:featuredmedia":[{"embeddable":true,"href":"https:\/\/www.tv2000.it\/prega-con-noi\/wp-json\/wp\/v2\/media\/34297"}],"wp:attachment":[{"href":"https:\/\/www.tv2000.it\/prega-con-noi\/wp-json\/wp\/v2\/media?parent=34301"}],"wp:term":[{"taxonomy":"category","embeddable":true,"href":"https:\/\/www.tv2000.it\/prega-con-noi\/wp-json\/wp\/v2\/categories?post=34301"},{"taxonomy":"post_tag","embeddable":true,"href":"https:\/\/www.tv2000.it\/prega-con-noi\/wp-json\/wp\/v2\/tags?post=34301"}],"curies":[{"name":"wp","href":"https:\/\/api.w.org\/{rel}","templated":true}]}}