{"id":34719,"date":"2022-05-21T17:30:12","date_gmt":"2022-05-21T15:30:12","guid":{"rendered":"http:\/\/www.tv2000.it\/prega-con-noi\/?p=34719"},"modified":"2022-05-23T14:31:24","modified_gmt":"2022-05-23T12:31:24","slug":"vi-domenica-di-pasqua-anno-c","status":"publish","type":"post","link":"https:\/\/www.tv2000.it\/prega-con-noi\/2022\/05\/21\/vi-domenica-di-pasqua-anno-c\/","title":{"rendered":"VI Domenica di Pasqua (Anno C)"},"content":{"rendered":"<div class=\"fluid-embed-container\"><iframe title=\"VI Domenica di Pasqua (Anno C) \u2013 Vangelo domenica 22 Maggio 2022\" width=\"640\" height=\"360\" src=\"https:\/\/www.youtube.com\/embed\/FJodG8cyTuY?feature=oembed\" frameborder=\"0\" allow=\"accelerometer; autoplay; clipboard-write; encrypted-media; gyroscope; picture-in-picture; web-share\" referrerpolicy=\"strict-origin-when-cross-origin\" allowfullscreen><\/iframe><\/div>\n<p>Padre Jean-Paul Hernandez commenta il Vangelo della VI Domenica di Pasqua e illustra la sua trasposizione in immagini. &#8220;Se uno mi ama, osserver\u00e0 la mia parola e il Padre mio lo amer\u00e0 e noi verremo a lui e prenderemo dimora presso di lui [&#8230;]<br \/>\nil Par\u00e0clito, lo Spirito Santo che il Padre mander\u00e0 nel mio nome, lui vi insegner\u00e0 ogni cosa e vi ricorder\u00e0 tutto ci\u00f2 che io vi ho detto&#8221;. Lo Spirito Santo porta alla resurrezione tutti coloro che ascoltano la Parola e rispondono alla chiamata di Ges\u00f9, possiamo definirlo la dinamica del cuore in cui tornano a mente le Sue parole che segnano la nostra vita<\/p>\n","protected":false},"excerpt":{"rendered":"Padre Jean-Paul Hernandez commenta il Vangelo della VI Domenica di Pasqua e illustra la sua trasposizione in immagini. &#8220;Se uno mi ama, osserver\u00e0 la mia parola e il Padre mio lo amer\u00e0 e noi verremo a lui e prenderemo dimora presso di lui [&#8230;] il Par\u00e0clito, lo Spirito Santo che il Padre mander\u00e0 nel mio [&hellip;]","protected":false},"author":9,"featured_media":34720,"comment_status":"closed","ping_status":"closed","sticky":false,"template":"","format":"standard","meta":{"_acf_changed":false,"footnotes":""},"categories":[8],"tags":[],"class_list":["post-34719","post","type-post","status-publish","format-standard","has-post-thumbnail","hentry","category-sulla-strada"],"acf":[],"aioseo_notices":[],"featured_image_url":"https:\/\/www.tv2000.it\/prega-con-noi\/wp-content\/uploads\/sites\/23\/2022\/05\/strada2105-1024x576.jpg","_links":{"self":[{"href":"https:\/\/www.tv2000.it\/prega-con-noi\/wp-json\/wp\/v2\/posts\/34719","targetHints":{"allow":["GET"]}}],"collection":[{"href":"https:\/\/www.tv2000.it\/prega-con-noi\/wp-json\/wp\/v2\/posts"}],"about":[{"href":"https:\/\/www.tv2000.it\/prega-con-noi\/wp-json\/wp\/v2\/types\/post"}],"author":[{"embeddable":true,"href":"https:\/\/www.tv2000.it\/prega-con-noi\/wp-json\/wp\/v2\/users\/9"}],"replies":[{"embeddable":true,"href":"https:\/\/www.tv2000.it\/prega-con-noi\/wp-json\/wp\/v2\/comments?post=34719"}],"version-history":[{"count":1,"href":"https:\/\/www.tv2000.it\/prega-con-noi\/wp-json\/wp\/v2\/posts\/34719\/revisions"}],"predecessor-version":[{"id":34721,"href":"https:\/\/www.tv2000.it\/prega-con-noi\/wp-json\/wp\/v2\/posts\/34719\/revisions\/34721"}],"wp:featuredmedia":[{"embeddable":true,"href":"https:\/\/www.tv2000.it\/prega-con-noi\/wp-json\/wp\/v2\/media\/34720"}],"wp:attachment":[{"href":"https:\/\/www.tv2000.it\/prega-con-noi\/wp-json\/wp\/v2\/media?parent=34719"}],"wp:term":[{"taxonomy":"category","embeddable":true,"href":"https:\/\/www.tv2000.it\/prega-con-noi\/wp-json\/wp\/v2\/categories?post=34719"},{"taxonomy":"post_tag","embeddable":true,"href":"https:\/\/www.tv2000.it\/prega-con-noi\/wp-json\/wp\/v2\/tags?post=34719"}],"curies":[{"name":"wp","href":"https:\/\/api.w.org\/{rel}","templated":true}]}}