{"id":35079,"date":"2022-06-25T19:55:56","date_gmt":"2022-06-25T17:55:56","guid":{"rendered":"http:\/\/www.tv2000.it\/prega-con-noi\/?p=35079"},"modified":"2022-06-25T19:56:09","modified_gmt":"2022-06-25T17:56:09","slug":"xiii-domenica-del-tempo-ordinario-anno-c","status":"publish","type":"post","link":"https:\/\/www.tv2000.it\/prega-con-noi\/2022\/06\/25\/xiii-domenica-del-tempo-ordinario-anno-c\/","title":{"rendered":"XIII Domenica del Tempo Ordinario (Anno C)"},"content":{"rendered":"<div class=\"fluid-embed-container\"><iframe title=\"XIII Domenica del Tempo Ordinario (Anno C) \u2013 Vangelo del 26 giugno 2022\" width=\"640\" height=\"360\" src=\"https:\/\/www.youtube.com\/embed\/lzTBaY1Dmq0?feature=oembed\" frameborder=\"0\" allow=\"accelerometer; autoplay; clipboard-write; encrypted-media; gyroscope; picture-in-picture; web-share\" referrerpolicy=\"strict-origin-when-cross-origin\" allowfullscreen><\/iframe><\/div>\n<p>&nbsp;<\/p>\n<p>Lc 9, 51-62<\/p>\n<p>Padre Jean-Paul Hernandez commenta il Vangelo della domenica e illustra le opere d\u2019arte che ha ispirato. &#8220;Mentre stavano compiendosi i giorni Ges\u00f9 prese la ferma decisione di mettersi in cammino verso Gerusalemme&#8221;. Nel Vangelo di Luca Ges\u00f9 \u00e8 il pellegrino che non si ferma mai e attraversa i nostri paesaggi del cuore. Nella vita spirituale seguire Ges\u00f9 non \u00e8 una improvvisazione, \u00e8 vivere la parola di Dio nella comunit\u00e0 ecclesiale.<\/p>\n","protected":false},"excerpt":{"rendered":"&nbsp; Lc 9, 51-62 Padre Jean-Paul Hernandez commenta il Vangelo della domenica e illustra le opere d\u2019arte che ha ispirato. &#8220;Mentre stavano compiendosi i giorni Ges\u00f9 prese la ferma decisione di mettersi in cammino verso Gerusalemme&#8221;. Nel Vangelo di Luca Ges\u00f9 \u00e8 il pellegrino che non si ferma mai e attraversa i nostri paesaggi del [&hellip;]","protected":false},"author":9,"featured_media":35080,"comment_status":"closed","ping_status":"closed","sticky":false,"template":"","format":"standard","meta":{"_acf_changed":false,"footnotes":""},"categories":[8],"tags":[],"class_list":["post-35079","post","type-post","status-publish","format-standard","has-post-thumbnail","hentry","category-sulla-strada"],"acf":[],"aioseo_notices":[],"featured_image_url":"https:\/\/www.tv2000.it\/prega-con-noi\/wp-content\/uploads\/sites\/23\/2022\/06\/strada2606-1024x574.jpg","_links":{"self":[{"href":"https:\/\/www.tv2000.it\/prega-con-noi\/wp-json\/wp\/v2\/posts\/35079","targetHints":{"allow":["GET"]}}],"collection":[{"href":"https:\/\/www.tv2000.it\/prega-con-noi\/wp-json\/wp\/v2\/posts"}],"about":[{"href":"https:\/\/www.tv2000.it\/prega-con-noi\/wp-json\/wp\/v2\/types\/post"}],"author":[{"embeddable":true,"href":"https:\/\/www.tv2000.it\/prega-con-noi\/wp-json\/wp\/v2\/users\/9"}],"replies":[{"embeddable":true,"href":"https:\/\/www.tv2000.it\/prega-con-noi\/wp-json\/wp\/v2\/comments?post=35079"}],"version-history":[{"count":1,"href":"https:\/\/www.tv2000.it\/prega-con-noi\/wp-json\/wp\/v2\/posts\/35079\/revisions"}],"predecessor-version":[{"id":35081,"href":"https:\/\/www.tv2000.it\/prega-con-noi\/wp-json\/wp\/v2\/posts\/35079\/revisions\/35081"}],"wp:featuredmedia":[{"embeddable":true,"href":"https:\/\/www.tv2000.it\/prega-con-noi\/wp-json\/wp\/v2\/media\/35080"}],"wp:attachment":[{"href":"https:\/\/www.tv2000.it\/prega-con-noi\/wp-json\/wp\/v2\/media?parent=35079"}],"wp:term":[{"taxonomy":"category","embeddable":true,"href":"https:\/\/www.tv2000.it\/prega-con-noi\/wp-json\/wp\/v2\/categories?post=35079"},{"taxonomy":"post_tag","embeddable":true,"href":"https:\/\/www.tv2000.it\/prega-con-noi\/wp-json\/wp\/v2\/tags?post=35079"}],"curies":[{"name":"wp","href":"https:\/\/api.w.org\/{rel}","templated":true}]}}