{"id":35168,"date":"2022-07-02T18:00:50","date_gmt":"2022-07-02T16:00:50","guid":{"rendered":"http:\/\/www.tv2000.it\/prega-con-noi\/?p=35168"},"modified":"2022-07-04T11:45:26","modified_gmt":"2022-07-04T09:45:26","slug":"xiv-domenica-del-tempo-ordinario-anno-c","status":"publish","type":"post","link":"https:\/\/www.tv2000.it\/prega-con-noi\/2022\/07\/02\/xiv-domenica-del-tempo-ordinario-anno-c\/","title":{"rendered":"XIV Domenica del Tempo Ordinario (Anno C)"},"content":{"rendered":"<div class=\"fluid-embed-container\"><iframe title=\"XIV Domenica del Tempo Ordinario (Anno C) \u2013 Vangelo del 3 luglio 2022\" width=\"640\" height=\"360\" src=\"https:\/\/www.youtube.com\/embed\/IetA3yS1kVI?feature=oembed\" frameborder=\"0\" allow=\"accelerometer; autoplay; clipboard-write; encrypted-media; gyroscope; picture-in-picture; web-share\" referrerpolicy=\"strict-origin-when-cross-origin\" allowfullscreen><\/iframe><\/div>\n<p>XIV DOMENICA TEMPO ORDINARIO &#8211; S. TOMMASO APOSTOLO<br \/>\nLc 10,1-9<\/p>\n<p>Padre Jean-Paul Hernandez commenta il Vangelo della domenica e le opere d\u2019arte cristiana che ha ispirato. &#8220;In quel tempo, il Signore design\u00f2 altri settantadue e li invi\u00f2 a due a due davanti a s\u00e9 in ogni citt\u00e0 e luogo dove stava per recarsi&#8221;. La Chiesa \u00e8 la comunione di coloro che sono in cammino, inviati da Ges\u00f9 verso gli altri. Il nostro compito \u00e8 di annunciare con l\u2019emozione nel cuore che il Signore sta arrivando.<\/p>\n","protected":false},"excerpt":{"rendered":"XIV DOMENICA TEMPO ORDINARIO &#8211; S. TOMMASO APOSTOLO Lc 10,1-9 Padre Jean-Paul Hernandez commenta il Vangelo della domenica e le opere d\u2019arte cristiana che ha ispirato. &#8220;In quel tempo, il Signore design\u00f2 altri settantadue e li invi\u00f2 a due a due davanti a s\u00e9 in ogni citt\u00e0 e luogo dove stava per recarsi&#8221;. La Chiesa [&hellip;]","protected":false},"author":9,"featured_media":35169,"comment_status":"closed","ping_status":"closed","sticky":false,"template":"","format":"standard","meta":{"_acf_changed":false,"footnotes":""},"categories":[8],"tags":[],"class_list":["post-35168","post","type-post","status-publish","format-standard","has-post-thumbnail","hentry","category-sulla-strada"],"acf":[],"aioseo_notices":[],"featured_image_url":"https:\/\/www.tv2000.it\/prega-con-noi\/wp-content\/uploads\/sites\/23\/2022\/07\/strada0307-1024x577.jpg","_links":{"self":[{"href":"https:\/\/www.tv2000.it\/prega-con-noi\/wp-json\/wp\/v2\/posts\/35168","targetHints":{"allow":["GET"]}}],"collection":[{"href":"https:\/\/www.tv2000.it\/prega-con-noi\/wp-json\/wp\/v2\/posts"}],"about":[{"href":"https:\/\/www.tv2000.it\/prega-con-noi\/wp-json\/wp\/v2\/types\/post"}],"author":[{"embeddable":true,"href":"https:\/\/www.tv2000.it\/prega-con-noi\/wp-json\/wp\/v2\/users\/9"}],"replies":[{"embeddable":true,"href":"https:\/\/www.tv2000.it\/prega-con-noi\/wp-json\/wp\/v2\/comments?post=35168"}],"version-history":[{"count":1,"href":"https:\/\/www.tv2000.it\/prega-con-noi\/wp-json\/wp\/v2\/posts\/35168\/revisions"}],"predecessor-version":[{"id":35170,"href":"https:\/\/www.tv2000.it\/prega-con-noi\/wp-json\/wp\/v2\/posts\/35168\/revisions\/35170"}],"wp:featuredmedia":[{"embeddable":true,"href":"https:\/\/www.tv2000.it\/prega-con-noi\/wp-json\/wp\/v2\/media\/35169"}],"wp:attachment":[{"href":"https:\/\/www.tv2000.it\/prega-con-noi\/wp-json\/wp\/v2\/media?parent=35168"}],"wp:term":[{"taxonomy":"category","embeddable":true,"href":"https:\/\/www.tv2000.it\/prega-con-noi\/wp-json\/wp\/v2\/categories?post=35168"},{"taxonomy":"post_tag","embeddable":true,"href":"https:\/\/www.tv2000.it\/prega-con-noi\/wp-json\/wp\/v2\/tags?post=35168"}],"curies":[{"name":"wp","href":"https:\/\/api.w.org\/{rel}","templated":true}]}}