{"id":87083,"date":"2023-07-15T16:10:43","date_gmt":"2023-07-15T14:10:43","guid":{"rendered":"https:\/\/www.tv2000.it\/prega-con-noi\/?p=87083"},"modified":"2023-07-17T16:12:19","modified_gmt":"2023-07-17T14:12:19","slug":"xv-domenica-del-tempo-ordinario","status":"publish","type":"post","link":"https:\/\/www.tv2000.it\/prega-con-noi\/2023\/07\/15\/xv-domenica-del-tempo-ordinario\/","title":{"rendered":"XV Domenica del Tempo Ordinario"},"content":{"rendered":"<p>Padre Jean Paul Hernandez commenta il Vangelo di Matteo della XV domenica del tempo ordinario e ci mostra alcune rappresentazioni artistiche riguardanti il tema del Seminatore. \u00abQuel giorno Ges\u00f9 usc\u00ec di casa e sedette in riva al mare\u00bb \u201cQuel giorno\u201d per gli ebrei \u00e8 il giorno per eccellenza, \u00e8 la Pasqua ebraica, il giorno in cui il popolo di Israele usc\u00ec dall\u2019Egitto. La posizione del seduto \u00e8 la posizione del Maestro. \u00abSi radun\u00f2 attorno a lui tanta folla che egli sal\u00ec su una barca e si mise a sedere, mentre tutta la folla stava sulla spiaggia\u00bb. La spiaggia \u00e8 il punto di separazione tra la terra asciutta e l\u2019acqua e, oltre a rappresentare l\u2019attraversamento del Mar Rosso, rappresenta l\u2019inizio della creazione con la separazione tra le terre e le acque. \u00abEcco, il seminatore usc\u00ec a seminare. Mentre seminava, una parte cadde lungo la strada; vennero gli uccelli e la mangiarono\u2026\u00bb Questa \u00e8 la parabola delle parabole ed \u00e8 evidente che il seme \u00e8 Ges\u00f9 Cristo. Tra le rappresentazioni artistiche dedicate al tema del Seminatore si commenteranno opere di Jean Francois Millet e di Vincent Van Gogh<\/p>\n<div class=\"fluid-embed-container\"><iframe title=\"Sulla Strada - XV Domenica del Tempo Ordinario\" width=\"640\" height=\"360\" src=\"https:\/\/www.youtube.com\/embed\/5RLbRfOhmRY?feature=oembed\" frameborder=\"0\" allow=\"accelerometer; autoplay; clipboard-write; encrypted-media; gyroscope; picture-in-picture; web-share\" referrerpolicy=\"strict-origin-when-cross-origin\" allowfullscreen><\/iframe><\/div>\n","protected":false},"excerpt":{"rendered":"Padre Jean Paul Hernandez commenta il Vangelo di Matteo della XV domenica del tempo ordinario e ci mostra alcune rappresentazioni artistiche riguardanti il tema del Seminatore. \u00abQuel giorno Ges\u00f9 usc\u00ec di casa e sedette in riva al mare\u00bb \u201cQuel giorno\u201d per gli ebrei \u00e8 il giorno per eccellenza, \u00e8 la Pasqua ebraica, il giorno in [&hellip;]","protected":false},"author":9,"featured_media":87084,"comment_status":"closed","ping_status":"closed","sticky":false,"template":"","format":"standard","meta":{"_acf_changed":false,"footnotes":""},"categories":[8],"tags":[],"class_list":["post-87083","post","type-post","status-publish","format-standard","has-post-thumbnail","hentry","category-sulla-strada"],"acf":[],"aioseo_notices":[],"featured_image_url":"https:\/\/www.tv2000.it\/prega-con-noi\/wp-content\/uploads\/sites\/23\/2023\/07\/strada1507-1024x575.jpg","_links":{"self":[{"href":"https:\/\/www.tv2000.it\/prega-con-noi\/wp-json\/wp\/v2\/posts\/87083","targetHints":{"allow":["GET"]}}],"collection":[{"href":"https:\/\/www.tv2000.it\/prega-con-noi\/wp-json\/wp\/v2\/posts"}],"about":[{"href":"https:\/\/www.tv2000.it\/prega-con-noi\/wp-json\/wp\/v2\/types\/post"}],"author":[{"embeddable":true,"href":"https:\/\/www.tv2000.it\/prega-con-noi\/wp-json\/wp\/v2\/users\/9"}],"replies":[{"embeddable":true,"href":"https:\/\/www.tv2000.it\/prega-con-noi\/wp-json\/wp\/v2\/comments?post=87083"}],"version-history":[{"count":1,"href":"https:\/\/www.tv2000.it\/prega-con-noi\/wp-json\/wp\/v2\/posts\/87083\/revisions"}],"predecessor-version":[{"id":87085,"href":"https:\/\/www.tv2000.it\/prega-con-noi\/wp-json\/wp\/v2\/posts\/87083\/revisions\/87085"}],"wp:featuredmedia":[{"embeddable":true,"href":"https:\/\/www.tv2000.it\/prega-con-noi\/wp-json\/wp\/v2\/media\/87084"}],"wp:attachment":[{"href":"https:\/\/www.tv2000.it\/prega-con-noi\/wp-json\/wp\/v2\/media?parent=87083"}],"wp:term":[{"taxonomy":"category","embeddable":true,"href":"https:\/\/www.tv2000.it\/prega-con-noi\/wp-json\/wp\/v2\/categories?post=87083"},{"taxonomy":"post_tag","embeddable":true,"href":"https:\/\/www.tv2000.it\/prega-con-noi\/wp-json\/wp\/v2\/tags?post=87083"}],"curies":[{"name":"wp","href":"https:\/\/api.w.org\/{rel}","templated":true}]}}