{"id":10332,"date":"2024-10-28T12:04:28","date_gmt":"2024-10-28T11:04:28","guid":{"rendered":"https:\/\/www.tv2000.it\/retroscena\/?p=10332"},"modified":"2024-10-30T12:04:15","modified_gmt":"2024-10-30T11:04:15","slug":"la-ferocia-e-lomaggio-a-giacomo-matteotti","status":"publish","type":"post","link":"https:\/\/www.tv2000.it\/retroscena\/2024\/10\/28\/la-ferocia-e-lomaggio-a-giacomo-matteotti\/","title":{"rendered":"&#8220;La Ferocia&#8221; e l&#8217;omaggio a Giacomo Matteotti"},"content":{"rendered":"<p><strong>La Ferocia<\/strong>, spettacolo tratto dall\u2019omonimo romanzo di<strong> Nicola Lagioia <\/strong>e poi l\u2019omaggio della compagnia <strong>Teatro dei Borgia<\/strong> a <strong>Giacomo Matteotti<\/strong> nel centenario della sua morte sono al centro della seconda puntata di <em>Retroscena<\/em> <em>\u2013 I segreti del teatro,<\/em> il programma di <strong>Michele Sciancalepore<\/strong>.<\/p>\n<p>&nbsp;<\/p>\n<div class=\"rwd-video\"><iframe title=\"Play 2000\" src=\"https:\/\/www.play2000.it\/play\/episode\/9152?startAt=0&amp;backToUrl=%2Fdetail%2F84%3Fepisode_id%3D9152%26season_id%3D431\" width=\"640\" height=\"360\" frameborder=\"0\" allowfullscreen=\"allowfullscreen\"><span data-mce-type=\"bookmark\" style=\"display: inline-block; width: 0px; overflow: hidden; line-height: 0;\" class=\"mce_SELRES_start\">\ufeff<\/span><span data-mce-type=\"bookmark\" style=\"display: inline-block; width: 0px; overflow: hidden; line-height: 0;\" class=\"mce_SELRES_start\"><\/span><\/iframe><\/div>\n<p>&nbsp;<\/p>\n<p>Ad aprire la puntata \u00e8 <strong>La ferocia<\/strong> l\u2019efficace e spiazzante adattamento del romanzo di <strong>Nicola Lagioia<\/strong> ad opera di <strong>Linda Dalisi<\/strong> per la compagnia <strong>VicoQuartoMazzini,<\/strong> diretto dai giovani registi<strong> Michele Altamura <\/strong>e<strong> Gabriele Paoloc\u00e0. <\/strong>\u00c8 la storia, ambientata in un sud deturpato e abusato, di un imprenditore edile senza scrupoli mosso da un solo movente, l\u2019avidit\u00e0 e il denaro, per preservare il suo impero economico. Intorno a lui, una giungla di predatori e prede: una famiglia priva di legami autentici, politicanti e professionisti attraversati da una dura fame di prevaricazione. Una messinscena che invita riflettere sulle contraddizioni del nostro presente, lasciando spazio a un barlume di speranza: \u00abQuello che chiediamo allo spettatore \u2013 dice Paoloc\u00e0 a Retroscena \u2013 \u00e8 di lasciare qui la parte feroce e trovare una rinascita. Bisogna fare una rivoluzione, essere disposti a ripartire da zero e rifondare\u00bb. Gli fa eco Altamura che, citando Lagioia, afferma: \u201cNonostante le delusioni la parte pi\u00f9 profonda degli esseri umani continua ad aspettarsi dagli altri il bene e non il male\u00bb.<\/p>\n<p><img decoding=\"async\" class=\"aligncenter size-large wp-image-10334\" src=\"https:\/\/www.tv2000.it\/retroscena\/wp-content\/uploads\/sites\/14\/2024\/10\/Giacomo-2-1024x576.jpg\" alt=\"\" width=\"640\" height=\"360\" srcset=\"https:\/\/www.tv2000.it\/retroscena\/wp-content\/uploads\/sites\/14\/2024\/10\/Giacomo-2-1024x576.jpg 1024w, https:\/\/www.tv2000.it\/retroscena\/wp-content\/uploads\/sites\/14\/2024\/10\/Giacomo-2-300x169.jpg 300w, https:\/\/www.tv2000.it\/retroscena\/wp-content\/uploads\/sites\/14\/2024\/10\/Giacomo-2-768x432.jpg 768w, https:\/\/www.tv2000.it\/retroscena\/wp-content\/uploads\/sites\/14\/2024\/10\/Giacomo-2-1536x864.jpg 1536w, https:\/\/www.tv2000.it\/retroscena\/wp-content\/uploads\/sites\/14\/2024\/10\/Giacomo-2-48x27.jpg 48w, https:\/\/www.tv2000.it\/retroscena\/wp-content\/uploads\/sites\/14\/2024\/10\/Giacomo-2-280x158.jpg 280w, https:\/\/www.tv2000.it\/retroscena\/wp-content\/uploads\/sites\/14\/2024\/10\/Giacomo-2-650x366.jpg 650w, https:\/\/www.tv2000.it\/retroscena\/wp-content\/uploads\/sites\/14\/2024\/10\/Giacomo-2.jpg 1920w\" sizes=\"(max-width: 640px) 100vw, 640px\" \/><\/p>\n<p>Nella seconda parte, il centenario della morte di Giacomo Matteotti, il leader socialista assassinato per il suo carisma e coraggio da una banda di fascisti per ordine di Mussolini, \u00e8 celebrato attraverso un\u2019evocazione fantasmagorica dalla compagnia <strong>Teatro dei Borgia<\/strong> con lo spettacolo <strong>Giacomo &#8211; Un intervento d&#8217;arte drammatica in ambito politico. <\/strong>Su un palco spoglio, con al centro un ammasso di scranni parlamentari abbandonati,<strong> Elena Cotugno <\/strong>e<strong> Gianpiero Borgia <\/strong>pongono in risalto il discorso politico di Matteotti mettendo a confronto due suoi interventi in Parlamento: quello in cui denuncia le connivenze tra le forze politiche borghesi e il fascismo, e quello dell\u2019ultima seduta a cui partecipo\u0300 prima di essere assassinato. Matteotti, dunque, come un esempio di limpido e coerente baluardo antifascista necessario al giorno d\u2019oggi. \u201cEsiste un pensiero fascista che \u00e8 profondamente radicato nell\u2019italiano\u201d dice Elena Cotugno. Un\u2019attitudine che non va confusa col movimento fascista. \u201cIl fascismo? Non arriver\u00e0 con la camicia nera, ma \u00e8 gi\u00e0 in atto con il lento smottamento delle classi democratiche\u201d replica Giampiero Borgia a Retroscena.<\/p>\n<p>Al termine della puntata l\u2019appuntamento con la \u201csand artist\u201d <strong>Gabriella Compagnone<\/strong> che anche quest\u2019anno realizza in esclusiva per noi le sue emozionanti creazioni sulla sabbia e infine, un nuovo appuntamento, la rubrica <strong>W il teatro<\/strong>, con i trailer teatrali degli appuntamenti della scena italiana selezionati da Retroscena.<\/p>\n<p><strong>Retroscena \u2013 i segreti del teatro, viaggi nelle {cre}azioni. Un programma di Michele Sciancalepore, in onda il marted\u00ec in seconda serata e in replica il gioved\u00ec (sempre in seconda serata) e la domenica alle 07.30. TV2000, canale 157 SKY, canale 28 digitale terrestre, canale 18 di tiv\u00f9sat.<\/strong><\/p>\n","protected":false},"excerpt":{"rendered":"La Ferocia, spettacolo tratto dall\u2019omonimo romanzo di Nicola Lagioia e poi l\u2019omaggio della compagnia Teatro dei Borgia a Giacomo Matteotti nel centenario della sua morte sono al centro della seconda puntata di Retroscena \u2013 I segreti del teatro, il programma di Michele Sciancalepore. &nbsp; \ufeff &nbsp; Ad aprire la puntata \u00e8 La ferocia l\u2019efficace e [&hellip;]","protected":false},"author":9,"featured_media":10335,"comment_status":"open","ping_status":"open","sticky":false,"template":"","format":"standard","meta":{"_acf_changed":false,"footnotes":""},"categories":[839],"tags":[853,850,854,852,849,851],"class_list":["post-10332","post","type-post","status-publish","format-standard","has-post-thumbnail","hentry","category-puntate-2024-2025","tag-elena-cotugno","tag-gabriele-paoloca","tag-gianpiero-borgia","tag-linda-dalisi","tag-michele-altamura","tag-nicola-lagioia"],"acf":[],"aioseo_notices":[],"featured_image_url":"https:\/\/www.tv2000.it\/retroscena\/wp-content\/uploads\/sites\/14\/2024\/10\/retro2910sito.jpg","_links":{"self":[{"href":"https:\/\/www.tv2000.it\/retroscena\/wp-json\/wp\/v2\/posts\/10332","targetHints":{"allow":["GET"]}}],"collection":[{"href":"https:\/\/www.tv2000.it\/retroscena\/wp-json\/wp\/v2\/posts"}],"about":[{"href":"https:\/\/www.tv2000.it\/retroscena\/wp-json\/wp\/v2\/types\/post"}],"author":[{"embeddable":true,"href":"https:\/\/www.tv2000.it\/retroscena\/wp-json\/wp\/v2\/users\/9"}],"replies":[{"embeddable":true,"href":"https:\/\/www.tv2000.it\/retroscena\/wp-json\/wp\/v2\/comments?post=10332"}],"version-history":[{"count":2,"href":"https:\/\/www.tv2000.it\/retroscena\/wp-json\/wp\/v2\/posts\/10332\/revisions"}],"predecessor-version":[{"id":10355,"href":"https:\/\/www.tv2000.it\/retroscena\/wp-json\/wp\/v2\/posts\/10332\/revisions\/10355"}],"wp:featuredmedia":[{"embeddable":true,"href":"https:\/\/www.tv2000.it\/retroscena\/wp-json\/wp\/v2\/media\/10335"}],"wp:attachment":[{"href":"https:\/\/www.tv2000.it\/retroscena\/wp-json\/wp\/v2\/media?parent=10332"}],"wp:term":[{"taxonomy":"category","embeddable":true,"href":"https:\/\/www.tv2000.it\/retroscena\/wp-json\/wp\/v2\/categories?post=10332"},{"taxonomy":"post_tag","embeddable":true,"href":"https:\/\/www.tv2000.it\/retroscena\/wp-json\/wp\/v2\/tags?post=10332"}],"curies":[{"name":"wp","href":"https:\/\/api.w.org\/{rel}","templated":true}]}}