{"id":1064,"date":"2016-04-30T13:23:40","date_gmt":"2016-04-30T11:23:40","guid":{"rendered":"http:\/\/www.tv2000.it\/retroscena\/?p=1064"},"modified":"2016-05-04T14:04:57","modified_gmt":"2016-05-04T12:04:57","slug":"lirica-arte-e-dialogo-primavere-delloman","status":"publish","type":"post","link":"https:\/\/www.tv2000.it\/retroscena\/2016\/04\/30\/lirica-arte-e-dialogo-primavere-delloman\/","title":{"rendered":"Lirica, arte e dialogo. Primavere dell&#8217;Oman"},"content":{"rendered":"<p><a href=\"http:\/\/www.tv2000.it\/retroscena\/wp-content\/uploads\/sites\/14\/2016\/04\/ROYAL-OPERA-HOUSE-MUSCAT-ext.jpg\"><img decoding=\"async\" src=\"http:\/\/www.tv2000.it\/retroscena\/wp-content\/uploads\/sites\/14\/2016\/04\/ROYAL-OPERA-HOUSE-MUSCAT-ext-300x169.jpg\" alt=\"ROYAL OPERA HOUSE MUSCAT - ext\" width=\"300\" height=\"169\" class=\"alignnone size-medium wp-image-1069\" srcset=\"https:\/\/www.tv2000.it\/retroscena\/wp-content\/uploads\/sites\/14\/2016\/04\/ROYAL-OPERA-HOUSE-MUSCAT-ext-300x169.jpg 300w, https:\/\/www.tv2000.it\/retroscena\/wp-content\/uploads\/sites\/14\/2016\/04\/ROYAL-OPERA-HOUSE-MUSCAT-ext-768x432.jpg 768w, https:\/\/www.tv2000.it\/retroscena\/wp-content\/uploads\/sites\/14\/2016\/04\/ROYAL-OPERA-HOUSE-MUSCAT-ext-1024x576.jpg 1024w, https:\/\/www.tv2000.it\/retroscena\/wp-content\/uploads\/sites\/14\/2016\/04\/ROYAL-OPERA-HOUSE-MUSCAT-ext-48x27.jpg 48w, https:\/\/www.tv2000.it\/retroscena\/wp-content\/uploads\/sites\/14\/2016\/04\/ROYAL-OPERA-HOUSE-MUSCAT-ext-280x158.jpg 280w, https:\/\/www.tv2000.it\/retroscena\/wp-content\/uploads\/sites\/14\/2016\/04\/ROYAL-OPERA-HOUSE-MUSCAT-ext-650x366.jpg 650w\" sizes=\"(max-width: 300px) 100vw, 300px\" \/><\/a><br \/>\n\u00abTout est fini!\u00bb. Dopo aver lanciato un ultimo grido disperato per un amore mai alimentato e soffocato la dilaniata Charlotte, vissuta in scena dal mezzosoprano Elena Zhidkova, si accascia. Sipario. \u00abTutto \u00e8 finito!\u00bb. La passione del giovane Werther anche nella versione di Jules Massenet ha avuto il suo inevitabile, tragico epilogo. L\u2019opera \u00e8 compiuta. Partono gli applausi dei circa 900 spettatori e i \u00abbrav\u00f2\u00bb indirizzati al nostro tenore Stefano Secco, ancora provato dalla dilatata agonia del suo Werther, e al direttore Fr\u00e9d\u00e9ric Chaslin che impeccabilmente ha guidato la prestigiosa e inappuntabile orchestra della Wiener Staatsoper.<\/p>\n<p>Ma non siamo a Vienna, non nella gloriosa State Opera House e nemmeno in un qualunque altro tempio della lirica occidentale. Siamo all\u2019altezza del tropico del cancro, fuori aleggiano 38 gradi di umidit\u00e0, e non si ha per niente voglia di uscire, non solo per la piacevole e vitale aria condizionata, ma soprattutto per non staccare gli occhi da una bellezza inebriante, per continuare a godere di un\u2019acustica perfetta, di dettagli mirabili, legni intarsiati e pregiati, marmi di Carrara specchiati&#8230; Un incanto che cattura e assicura che qui l\u2019opera non \u00e8 affatto compiuta, anzi, qui tutto \u00e8 appena iniziato.<br \/>\n\u00c8 il punto di arrivo di un quarantennale processo di sensibilizzazione ed educazione artistica, \u00e8 la punta dell\u2019iceberg di un investimento massiccio e costante in istruzione e turismo, \u00e8 la conseguenza di due convinzioni: con la cultura si pu\u00f2 mangiare e con la bellezza si pu\u00f2 tentare di salvare il mondo. \u00ab\u00c8 il gioiello della corona \u2013 ci spiega con orgoglio sua altezza il principe Kamil Al Said \u2013 un prodigio tecnico e architettonico, un palcoscenico che ospita e diffonde espressioni artistiche di ogni latitudine, un luogo in cui la musica e le arti performative rappresentano strumenti potenti e ineguagliabili di dialogo e armonia fra Oriente e Occidente\u00bb.<\/p>\n<p><a href=\"http:\/\/www.tv2000.it\/retroscena\/wp-content\/uploads\/sites\/14\/2016\/04\/ROYAL-OPERA-HOUSE-MUSCAT-2-int.jpg\"><img decoding=\"async\" src=\"http:\/\/www.tv2000.it\/retroscena\/wp-content\/uploads\/sites\/14\/2016\/04\/ROYAL-OPERA-HOUSE-MUSCAT-2-int-300x169.jpg\" alt=\"ROYAL OPERA HOUSE MUSCAT 2 -  int\" width=\"300\" height=\"169\" class=\"alignnone size-medium wp-image-1071\" srcset=\"https:\/\/www.tv2000.it\/retroscena\/wp-content\/uploads\/sites\/14\/2016\/04\/ROYAL-OPERA-HOUSE-MUSCAT-2-int-300x169.jpg 300w, https:\/\/www.tv2000.it\/retroscena\/wp-content\/uploads\/sites\/14\/2016\/04\/ROYAL-OPERA-HOUSE-MUSCAT-2-int-768x432.jpg 768w, https:\/\/www.tv2000.it\/retroscena\/wp-content\/uploads\/sites\/14\/2016\/04\/ROYAL-OPERA-HOUSE-MUSCAT-2-int-1024x576.jpg 1024w, https:\/\/www.tv2000.it\/retroscena\/wp-content\/uploads\/sites\/14\/2016\/04\/ROYAL-OPERA-HOUSE-MUSCAT-2-int-48x27.jpg 48w, https:\/\/www.tv2000.it\/retroscena\/wp-content\/uploads\/sites\/14\/2016\/04\/ROYAL-OPERA-HOUSE-MUSCAT-2-int-280x158.jpg 280w, https:\/\/www.tv2000.it\/retroscena\/wp-content\/uploads\/sites\/14\/2016\/04\/ROYAL-OPERA-HOUSE-MUSCAT-2-int-650x366.jpg 650w\" sizes=\"(max-width: 300px) 100vw, 300px\" \/><\/a><\/p>\n<p>\u00c8 la Royal Opera House di Mascate. E non siamo nell\u2019Isola di Utopia di Thomas More e nemmeno nella Neverland di J.M. Barrie. Siamo nel sultanato dell\u2019Oman. \u00ab\u00c8 un\u2019anomalia, un vero miracolo, sintesi esemplare di fusione fra tradizione e innovazione\u00bb. Non \u00e8 quest\u2019ultima un\u2019osservazione iperbolica, ma la constatazione oggettiva di un italiano in Oman: Umberto Fanni, chiamato due anni fa a dirigere questo teatro pi\u00f9 unico che raro in tutta la penisola arabica, sorto laddove appena 45 anni fa c\u2019era solo deserto e fortemente voluto da chi ha operato una metamorfosi rapida e intensa creando un benessere diffuso e un welfare invidiabile. <\/p>\n<p>Fautore e protagonista assoluto di questo ribaltamento sua maest\u00e0 Qabus bin Said, il sultano asceso al potere nel 1970 con un leggendario e incruento colpo di Stato. Tornato dopo aver studiato in Inghilterra, diventato fan dei Beatles (al ritorno in patria aveva nascosto nel baule un vinile dei Fab Four all\u2019epoca al bando nel suo Paese come la tv, la radio e gli occhiali da sole che \u00abannebbiavano l\u2019anima\u00bb), il giovane Qabus entr\u00f2 subito in contrasto col vecchio padre oscurantista Said bin Taymur. Con una fulminea sommossa mand\u00f2 in esilio l\u2019anziano genitore e diede avvio a una repentina rivoluzione economica, sociale e culturale: due erano le scuole, due anche gli ospedali e strade asfaltate per appena una decina di chilometri in un territorio grande come l\u2019Italia; ora il grado di alfabetizzazione \u00e8 del 97,6%, 25 mila chilometri le strade asfaltate e ovunque nel Paese infrastrutture all\u2019avanguardia. Dappertutto anche i suoi ritratti, la sua foto viene appesa agli specchietti retrovisori dei fuoristrada o ricopre un\u2019intera facciata dei palazzi. Una sovraesposizione fotografica che per\u00f2 \u00e8 anche un riflesso dell\u2019affetto e della stima che il popolo omanita nutre nei confronti di una figura carismatica. Comunque un leader illuminato, da sempre sensibile ai bisogni della sua gente, il sultano Qabus, che una volta l\u2019anno incontra gli anziani e i capofamiglia e, guardandoli negli occhi per carpire la verit\u00e0, ascolta ed esaudisce le loro richieste. Colloqui intimi e privati sintomatici di una costante apertura al dialogo che avviene su larga scala. <\/p>\n<p>L\u2019Oman, infatti, si \u00e8 accreditato come il Paese che opta per il confronto e la sobriet\u00e0 dei costumi e prende le distanze da integralismi, bulimie e ostentazioni del lusso. Evidente anche la lungimiranza politica di questo Paese islamico che, pur possedendo riserve di petrolio pari a 5,5 miliardi di barili, pensa ad alternative economiche orientando gli investimenti nei settori della cultura e del turismo. Previdente dunque l\u2019Oman e consapevole che la convivenza pacifica \u00e8 un altro dei cardini dello sviluppo. Consapevolezza che affonda nella dottrina ibadita, la religione dominante (73,6%), una sorta di terza via musulmana fra il credo sunnita, da cui ha origine, e quello sciita. L\u2019ibadismo esclude ogni forma di vendetta e predica tolleranza e coesistenza con le altre religioni.<\/p>\n<p>Un principio che vive in prima persona quotidianamente Naima Ali Yusuf, volontaria e guida della Grande Moschea. Alla domanda \u00abche cosa direbbe una religiosa ibadita ai fanatici che strumentalizzano il nome di Dio?\u00bb, Naima risponde cos\u00ec: \u00abSeparare l\u2019amore di Dio dall\u2019amore per i fratelli significa tradire profondamente il Corano\u00bb. E poi, rivolgendosi direttamente ai terroristi del Daesh, aggiunge: \u00abSvegliatevi! L\u2019inferno esiste!\u00bb. <\/p>\n<p><a href=\"http:\/\/www.tv2000.it\/retroscena\/wp-content\/uploads\/sites\/14\/2016\/04\/PADRE-RAUL-RAMOS-4.jpg\"><img decoding=\"async\" src=\"http:\/\/www.tv2000.it\/retroscena\/wp-content\/uploads\/sites\/14\/2016\/04\/PADRE-RAUL-RAMOS-4-300x169.jpg\" alt=\"PADRE RAUL RAMOS - 4\" width=\"300\" height=\"169\" class=\"alignnone size-medium wp-image-1068\" srcset=\"https:\/\/www.tv2000.it\/retroscena\/wp-content\/uploads\/sites\/14\/2016\/04\/PADRE-RAUL-RAMOS-4-300x169.jpg 300w, https:\/\/www.tv2000.it\/retroscena\/wp-content\/uploads\/sites\/14\/2016\/04\/PADRE-RAUL-RAMOS-4-768x432.jpg 768w, https:\/\/www.tv2000.it\/retroscena\/wp-content\/uploads\/sites\/14\/2016\/04\/PADRE-RAUL-RAMOS-4-1024x576.jpg 1024w, https:\/\/www.tv2000.it\/retroscena\/wp-content\/uploads\/sites\/14\/2016\/04\/PADRE-RAUL-RAMOS-4-48x27.jpg 48w, https:\/\/www.tv2000.it\/retroscena\/wp-content\/uploads\/sites\/14\/2016\/04\/PADRE-RAUL-RAMOS-4-280x158.jpg 280w, https:\/\/www.tv2000.it\/retroscena\/wp-content\/uploads\/sites\/14\/2016\/04\/PADRE-RAUL-RAMOS-4-650x366.jpg 650w, https:\/\/www.tv2000.it\/retroscena\/wp-content\/uploads\/sites\/14\/2016\/04\/PADRE-RAUL-RAMOS-4.jpg 1920w\" sizes=\"(max-width: 300px) 100vw, 300px\" \/><\/a><\/p>\n<p>Parole pesanti ma pronunciate senza durezza e con dolcezza come quelle che ci regala il filippino padre Raul Ramos, cappuccino di 62 anni e dal 2007 parroco della Chiesa di San Pietro e Paolo, testimonianza solida e concreta della convivenza religiosa, che sorge nel quartiere Ruwi di Mascate e i cui terreni sono stati donati dal generoso Qabus. Una parrocchia che richiama 25 mila fedeli di diverse nazionalit\u00e0, in prevalenza indiani, filippini, pachistani, nepalesi, ma anche libanesi ed europei. \u00abLavoro e chiesa \u2013 ci svela non senza commozione padre Ramos \u2013 non hanno altro. Ho visto molti di loro giungere qui disperati e scoprire un\u2019intimit\u00e0 con Dio inimmaginabile; alcuni percorrono centinaia di chilometri per venire a messa\u00bb. Questa la gioia maggiore del parroco filippino. Il dolore pi\u00f9 grande? \u00abLa lontananza dei fedeli che si trovano nelle parti pi\u00f9 interne della regione, non poter celebrare messa con loro perch\u00e9 non ci \u00e8 permesso al di fuori dei luoghi autorizzati. Ma confido nella generosit\u00e0 del sultano che magari conceda altri terreni per edificare altre chiese\u00bb. Si spera quindi in un futuro ancora pi\u00f9 aperto come quello che sta costruendo Umberto Fanni per una Royal Opera House che ambisce a coinvolgere per la prossima stagione cinque continenti, Usa, Europa, Medioriente, Russia e Asia, e otto teatri d\u2019opera per una coproduzione di respiro internazionale.<\/p>\n<p><a href=\"http:\/\/www.tv2000.it\/retroscena\/wp-content\/uploads\/sites\/14\/2016\/04\/CHIESA-SAN-PIETRO-E-PAOLO-MUSCAT-entrata-ext-2.jpg\"><img decoding=\"async\" src=\"http:\/\/www.tv2000.it\/retroscena\/wp-content\/uploads\/sites\/14\/2016\/04\/CHIESA-SAN-PIETRO-E-PAOLO-MUSCAT-entrata-ext-2-300x169.jpg\" alt=\"CHIESA SAN PIETRO E PAOLO MUSCAT - entrata ext 2\" width=\"300\" height=\"169\" class=\"alignnone size-medium wp-image-1067\" srcset=\"https:\/\/www.tv2000.it\/retroscena\/wp-content\/uploads\/sites\/14\/2016\/04\/CHIESA-SAN-PIETRO-E-PAOLO-MUSCAT-entrata-ext-2-300x169.jpg 300w, https:\/\/www.tv2000.it\/retroscena\/wp-content\/uploads\/sites\/14\/2016\/04\/CHIESA-SAN-PIETRO-E-PAOLO-MUSCAT-entrata-ext-2-768x432.jpg 768w, https:\/\/www.tv2000.it\/retroscena\/wp-content\/uploads\/sites\/14\/2016\/04\/CHIESA-SAN-PIETRO-E-PAOLO-MUSCAT-entrata-ext-2-1024x576.jpg 1024w, https:\/\/www.tv2000.it\/retroscena\/wp-content\/uploads\/sites\/14\/2016\/04\/CHIESA-SAN-PIETRO-E-PAOLO-MUSCAT-entrata-ext-2-48x27.jpg 48w, https:\/\/www.tv2000.it\/retroscena\/wp-content\/uploads\/sites\/14\/2016\/04\/CHIESA-SAN-PIETRO-E-PAOLO-MUSCAT-entrata-ext-2-280x158.jpg 280w, https:\/\/www.tv2000.it\/retroscena\/wp-content\/uploads\/sites\/14\/2016\/04\/CHIESA-SAN-PIETRO-E-PAOLO-MUSCAT-entrata-ext-2-650x366.jpg 650w, https:\/\/www.tv2000.it\/retroscena\/wp-content\/uploads\/sites\/14\/2016\/04\/CHIESA-SAN-PIETRO-E-PAOLO-MUSCAT-entrata-ext-2.jpg 1920w\" sizes=\"(max-width: 300px) 100vw, 300px\" \/><\/a><\/p>\n<p>L\u2019Oman, dunque, vuole fugare l\u2019incubo di un islam retrivo e reazionario per scommettere su un sogno fatto di armoniche aperture, proprio come insegna un famoso proverbio arabo: \u00abSe stringi nel pugno la sabbia del deserto non riuscirai a trattenerla. Se lasci aperta la tua mano, si riempir\u00e0 di sabbia\u00bb.<\/p>\n<p style=\"text-align: right;\"><em>di Michele Sciancalepore, fonte Avvenire<\/em><\/p>\n<p><a href=\"http:\/\/www.tv2000.it\/retroscena\/2016\/04\/14\/retroscena-in-the-desert-che-centra-il-teatro-centra-centra\/\" title=\"FotoBlog di Michele Sciancalepore\" target=\"_blank\">FotoBlog di Michele Sciancalepore: BACKSTAGE OMAN<\/a><\/p>\n","protected":false},"excerpt":{"rendered":"\u00abTout est fini!\u00bb. Dopo aver lanciato un ultimo grido disperato per un amore mai alimentato e soffocato la dilaniata Charlotte, vissuta in scena dal mezzosoprano Elena Zhidkova, si accascia. Sipario. \u00abTutto \u00e8 finito!\u00bb. La passione del giovane Werther anche nella versione di Jules Massenet ha avuto il suo inevitabile, tragico epilogo. L\u2019opera \u00e8 compiuta. Partono [&hellip;]","protected":false},"author":32,"featured_media":1081,"comment_status":"open","ping_status":"open","sticky":false,"template":"","format":"standard","meta":{"_acf_changed":false,"footnotes":""},"categories":[90],"tags":[223,222,221,219,220],"class_list":["post-1064","post","type-post","status-publish","format-standard","has-post-thumbnail","hentry","category-le-nostre-recensioni","tag-cristianesimo","tag-islam","tag-mascate","tag-oman","tag-royaloperahouse"],"acf":[],"aioseo_notices":[],"featured_image_url":"https:\/\/www.tv2000.it\/retroscena\/wp-content\/uploads\/sites\/14\/2016\/04\/oman.jpg","_links":{"self":[{"href":"https:\/\/www.tv2000.it\/retroscena\/wp-json\/wp\/v2\/posts\/1064","targetHints":{"allow":["GET"]}}],"collection":[{"href":"https:\/\/www.tv2000.it\/retroscena\/wp-json\/wp\/v2\/posts"}],"about":[{"href":"https:\/\/www.tv2000.it\/retroscena\/wp-json\/wp\/v2\/types\/post"}],"author":[{"embeddable":true,"href":"https:\/\/www.tv2000.it\/retroscena\/wp-json\/wp\/v2\/users\/32"}],"replies":[{"embeddable":true,"href":"https:\/\/www.tv2000.it\/retroscena\/wp-json\/wp\/v2\/comments?post=1064"}],"version-history":[{"count":9,"href":"https:\/\/www.tv2000.it\/retroscena\/wp-json\/wp\/v2\/posts\/1064\/revisions"}],"predecessor-version":[{"id":1090,"href":"https:\/\/www.tv2000.it\/retroscena\/wp-json\/wp\/v2\/posts\/1064\/revisions\/1090"}],"wp:featuredmedia":[{"embeddable":true,"href":"https:\/\/www.tv2000.it\/retroscena\/wp-json\/wp\/v2\/media\/1081"}],"wp:attachment":[{"href":"https:\/\/www.tv2000.it\/retroscena\/wp-json\/wp\/v2\/media?parent=1064"}],"wp:term":[{"taxonomy":"category","embeddable":true,"href":"https:\/\/www.tv2000.it\/retroscena\/wp-json\/wp\/v2\/categories?post=1064"},{"taxonomy":"post_tag","embeddable":true,"href":"https:\/\/www.tv2000.it\/retroscena\/wp-json\/wp\/v2\/tags?post=1064"}],"curies":[{"name":"wp","href":"https:\/\/api.w.org\/{rel}","templated":true}]}}