{"id":1114,"date":"2016-05-10T13:56:52","date_gmt":"2016-05-10T11:56:52","guid":{"rendered":"http:\/\/www.tv2000.it\/retroscena\/?p=1114"},"modified":"2016-05-17T14:49:05","modified_gmt":"2016-05-17T12:49:05","slug":"le-profondita-dellio-la-danza-e-lo-spettacolo-delle-detenute-di-rebibbia-a-retroscena-il-17-19-e-23-maggio","status":"publish","type":"post","link":"https:\/\/www.tv2000.it\/retroscena\/2016\/05\/10\/le-profondita-dellio-la-danza-e-lo-spettacolo-delle-detenute-di-rebibbia-a-retroscena-il-17-19-e-23-maggio\/","title":{"rendered":"Le profondit\u00e0 dell\u2019io, la danza e lo spettacolo delle detenute di Rebibbia a Retroscena il 17, 19 e 23 maggio"},"content":{"rendered":"<p>La 31ma puntata di \u201c<strong>Retroscena- i segreti del teatro<\/strong>\u201d vi porta nel profondo Sud per indagare le profondit\u00e0 dell\u2019io! Nella parte estrema dello \u201cstivale\u201d, a Reggio Calabria, infatti, si \u00e8 svolta una ricerca teatrale sull\u2019identit\u00e0 della psiche e dell\u2019anima. Si tratta del festival \u201c<strong>To Be or maybe<\/strong>?\u201d, un avvenimento che ha celebrato i 400 anni della morte di Shakespeare ispirandosi alla figura di Amleto simbolo della crisi di identit\u00e0. Ma non ci sar\u00e0 nulla di astratto, sar\u00e0 tutto molto concreto e riguarder\u00e0 tutti noi, i nostri comportamenti, le nostre scelte quotidiane.<br \/>\n<iframe src=\"https:\/\/www.youtube.com\/embed\/DaERJu5NHd0?showinfo=0\" width=\"640\" height=\"360\" frameborder=\"0\" allowfullscreen=\"allowfullscreen\"><\/iframe><\/p>\n<p>Nella seconda parte di puntata l\u2019ultimo lavoro di <strong>Collettivo Cinetico<\/strong>, compagnia di danza nata nel 2007 come fucina di sperimentazione performativa attorno alla direzione artistica e alla regia di <strong>Francesca Pennini<\/strong>.\u00a0 Da sempre \u00a0impegnata in numerosi percorsi di formazione per danzatori professionisti e non, nel suo ultimo spettacolo, intitolato \u201c<strong>A\u00a0 different kind of age<\/strong>\u201d, la compagnia mette in scena un cast di adolescenti preparati ad affrontare il palcoscenico come luogo di rischio. Accanto a loro la presenza di un gruppo di \u2018<em>over 60<\/em>\u2019 a dare corpo &#8211;\u00a0 \u00e8 proprio il caso di dire &#8211; a una testimonianza trasversale e generazionale sincera e surreale. La performance mette in gioco cos\u00ec le varie esperienze consentendo un confronto tra persone prima estranee e poi complici.<\/p>\n<p>In conclusione un\u2019occasione per parlare di donne-detenute attraverso il teatro e un\u2019opportunit\u00e0 per interrogarci sulla nostra societ\u00e0 attraverso il carcere; per il terzo anno consecutivo la sezione Femminile dell&#8217;Alta Sicurezza della Casa Circondariale Femminile di Rebibbia, grazie al lavoro della <strong>Compagnia teatrale delle Donne del Muro Alto<\/strong> guidate dalla regista <strong>Francesca Tricarico<\/strong> apre le porte al pubblico, continuando a rivoluzionare il modo di vivere la detenzione all&#8217;interno della sezione con il loro ultimo lavoro: \u201c<strong>Amleta<\/strong>\u201d. Lo spettacolo, tutto al femminile, cerca di indagare le conseguenze della verit\u00e0, del giudizio ma ancor prima dell&#8217;amore. Frutto di un intenso anno di studio su Shakespeare \u201cAmleta\u201d, come dichiarano le protagoniste Annalisa, Stefania, Teresa e Lina: \u201c<em>\u00e8 stata l&#8217;occasione per indagare e riflettere sulla parola giudizio e scelta, ma soprattutto sul viaggio senza ritorno alla scoperta della verit\u00e0<\/em>\u201d.<\/p>\n<p><strong>Retroscena \u2013 i segreti del teatro, viaggi nelle {cre}azioni. Un programma di Michele Sciancalepore, in onda luned\u00ec, marted\u00ec e gioved\u00ec in seconda serata prima del Rosario\u00a0 su TV2000 (Canale 140 SKY, canale 28 digitale terrestre, canale 18 di tiv\u00f9sat).<\/strong><\/p>\n","protected":false},"excerpt":{"rendered":"La 31ma puntata di \u201cRetroscena- i segreti del teatro\u201d vi porta nel profondo Sud per indagare le profondit\u00e0 dell\u2019io! Nella parte estrema dello \u201cstivale\u201d, a Reggio Calabria, infatti, si \u00e8 svolta una ricerca teatrale sull\u2019identit\u00e0 della psiche e dell\u2019anima. Si tratta del festival \u201cTo Be or maybe?\u201d, un avvenimento che ha celebrato i 400 anni [&hellip;]","protected":false},"author":9,"featured_media":1115,"comment_status":"open","ping_status":"open","sticky":false,"template":"","format":"standard","meta":{"_acf_changed":false,"footnotes":""},"categories":[6],"tags":[228,227,229],"class_list":["post-1114","post","type-post","status-publish","format-standard","has-post-thumbnail","hentry","category-prossimamente","tag-collettivo-cinetico","tag-francesca-pennini","tag-francesca-tricarico"],"acf":[],"aioseo_notices":[],"featured_image_url":"https:\/\/www.tv2000.it\/retroscena\/wp-content\/uploads\/sites\/14\/2016\/05\/retro17maggio.jpg","_links":{"self":[{"href":"https:\/\/www.tv2000.it\/retroscena\/wp-json\/wp\/v2\/posts\/1114","targetHints":{"allow":["GET"]}}],"collection":[{"href":"https:\/\/www.tv2000.it\/retroscena\/wp-json\/wp\/v2\/posts"}],"about":[{"href":"https:\/\/www.tv2000.it\/retroscena\/wp-json\/wp\/v2\/types\/post"}],"author":[{"embeddable":true,"href":"https:\/\/www.tv2000.it\/retroscena\/wp-json\/wp\/v2\/users\/9"}],"replies":[{"embeddable":true,"href":"https:\/\/www.tv2000.it\/retroscena\/wp-json\/wp\/v2\/comments?post=1114"}],"version-history":[{"count":2,"href":"https:\/\/www.tv2000.it\/retroscena\/wp-json\/wp\/v2\/posts\/1114\/revisions"}],"predecessor-version":[{"id":1147,"href":"https:\/\/www.tv2000.it\/retroscena\/wp-json\/wp\/v2\/posts\/1114\/revisions\/1147"}],"wp:featuredmedia":[{"embeddable":true,"href":"https:\/\/www.tv2000.it\/retroscena\/wp-json\/wp\/v2\/media\/1115"}],"wp:attachment":[{"href":"https:\/\/www.tv2000.it\/retroscena\/wp-json\/wp\/v2\/media?parent=1114"}],"wp:term":[{"taxonomy":"category","embeddable":true,"href":"https:\/\/www.tv2000.it\/retroscena\/wp-json\/wp\/v2\/categories?post=1114"},{"taxonomy":"post_tag","embeddable":true,"href":"https:\/\/www.tv2000.it\/retroscena\/wp-json\/wp\/v2\/tags?post=1114"}],"curies":[{"name":"wp","href":"https:\/\/api.w.org\/{rel}","templated":true}]}}