{"id":1160,"date":"2016-05-21T15:29:59","date_gmt":"2016-05-21T13:29:59","guid":{"rendered":"http:\/\/www.tv2000.it\/retroscena\/?p=1160"},"modified":"2016-05-21T15:29:59","modified_gmt":"2016-05-21T13:29:59","slug":"un-soldato-racconta-linferno-della-grande-guerra","status":"publish","type":"post","link":"https:\/\/www.tv2000.it\/retroscena\/2016\/05\/21\/un-soldato-racconta-linferno-della-grande-guerra\/","title":{"rendered":"Un soldato racconta l\u2019inferno della Grande Guerra"},"content":{"rendered":"<p><a href=\"http:\/\/www.tv2000.it\/retroscena\/wp-content\/uploads\/sites\/14\/2016\/05\/Marco-Baliani-TRINCEA-foto-di-Marco-ParolloDSCF4765.jpg\"><img decoding=\"async\" src=\"http:\/\/www.tv2000.it\/retroscena\/wp-content\/uploads\/sites\/14\/2016\/05\/Marco-Baliani-TRINCEA-foto-di-Marco-ParolloDSCF4765-300x200.jpg\" alt=\"Marco-Baliani-TRINCEA-foto-di-Marco-ParolloDSCF4765\" width=\"300\" height=\"200\" class=\"alignnone size-medium wp-image-1162\" srcset=\"https:\/\/www.tv2000.it\/retroscena\/wp-content\/uploads\/sites\/14\/2016\/05\/Marco-Baliani-TRINCEA-foto-di-Marco-ParolloDSCF4765-300x200.jpg 300w, https:\/\/www.tv2000.it\/retroscena\/wp-content\/uploads\/sites\/14\/2016\/05\/Marco-Baliani-TRINCEA-foto-di-Marco-ParolloDSCF4765-768x512.jpg 768w, https:\/\/www.tv2000.it\/retroscena\/wp-content\/uploads\/sites\/14\/2016\/05\/Marco-Baliani-TRINCEA-foto-di-Marco-ParolloDSCF4765-1024x683.jpg 1024w, https:\/\/www.tv2000.it\/retroscena\/wp-content\/uploads\/sites\/14\/2016\/05\/Marco-Baliani-TRINCEA-foto-di-Marco-ParolloDSCF4765-41x27.jpg 41w, https:\/\/www.tv2000.it\/retroscena\/wp-content\/uploads\/sites\/14\/2016\/05\/Marco-Baliani-TRINCEA-foto-di-Marco-ParolloDSCF4765-280x187.jpg 280w, https:\/\/www.tv2000.it\/retroscena\/wp-content\/uploads\/sites\/14\/2016\/05\/Marco-Baliani-TRINCEA-foto-di-Marco-ParolloDSCF4765-650x433.jpg 650w, https:\/\/www.tv2000.it\/retroscena\/wp-content\/uploads\/sites\/14\/2016\/05\/Marco-Baliani-TRINCEA-foto-di-Marco-ParolloDSCF4765.jpg 1200w\" sizes=\"(max-width: 300px) 100vw, 300px\" \/><\/a><br \/>\nL\u2019orrore del vuoto. Horror vacui. L\u2019orrore della guerra e il vuoto dei valori. Bastano queste poche stigmatizzanti, laconiche espressioni per introdurre Trincea, l\u2019ultimo spettacolo di Marco Baliani (che ha debuttato nella scorsa stagione al festival delle Colline Torinesi) il primo di un trittico di messinscene (ora al Teatro India di Roma fino a marted\u00ec 24) sull\u2019inferno della Grande Guerra. Dal punto di vista prettamente scenografico la scelta originale e azzeccata di Maria Maglietta, che cura la regia, e di Lucio Diana artefice di luci e scene, rispecchia coerentemente il terrore del nulla: all\u2019interno di una grande pagina bianca, infatti, tutta da \u201cscrivere\u201d si muove, si dimena, persino balla, con evocazioni da danze macabre, l\u2019interprete e autore di questo testo-flusso di coscienza collettiva. Baliani, dopo varie e caleidoscopiche esperienze nel teatro di regia, torna alla narrazione monologante e lui, icona e capostipite dell\u2019affabulazione, conosce bene i rischi del \u201cteatro civile\u201d quando con le sue tesi crea condivisione ma non divisione nella coscienza della platea. Allora intelligentemente ingabbia la dimensione narrativa all\u2019interno di un\u2019analisi cruda, oggettiva, priva di enfasi e incastonata in una visione claustrofobica e corporale. Si assiste pertanto a un agghiacciante sfogo contro la disumanit\u00e0 e l\u2019insensatezza della pratica bellica di un anonimo soldato di una qualunque nazionalit\u00e0, un classico \u201cmilite ignoto\u201d che per\u00f2 non ignora affatto le dinamiche di potere all\u2019origine di quell\u2019assurda mattanza del \u201915-\u201918. Infarcita di cruenti dettagli \u00e8 la descrizione della \u201cnon vita\u201d di quel \u00abbudello profondo neanche un metro\u00bb che \u00e8 la trincea: topi e pidocchi che tormentano indifferentemente corpi morti e viventi ammassati nella fanghiglia, bisogni fisiologici e istinti di sopravvivenza che annichiliscono e mortificano ci\u00f2 che resta di un uomo. Un uomo privato di dignit\u00e0 che si interroga sul silenzio di Dio di fronte a simili atrocit\u00e0 e guarda le \u00abstelle che continuano a brillare senza far rumore\u00bb. <\/p>\n<p>Ma se tutto ci\u00f2 \u00e8 in parte gi\u00e0 visto e sentito ci sono altri momenti in cui invece Baliani sorprende, giganteggia e interroga con la sua arte interpretativa, mimica ed espressiva: quando ad esempio apre la rappresentazione con un ballo tragico, grottesco e disarticolato, con movenze ispirate a Grotowski e all\u2019arte pittorica di Francis Bacon, come ci svela lo stesso Baliani. Una coreografia che sintetizza, sulle stridenti note di \u201cAmami Alfredo\u201d della Traviata di Verdi (il brano pi\u00f9 ascoltato ai grammofoni dai soldati in trincea insieme al Nabucco, vedi il finale), tutto il nonsense di una guerra che di \u201cgrande\u201d ha avuto solo la perdita di senso. Spiazzante poi \u00e8 Baliani quando dialoga con lo sfigurato cadavere che diviene suo confidente, oggetto di gratuita compassione e meritevole di degna sepoltura. Insuperabile \u00e8 Baliani quando i suoi movimenti parossistici si sincronizzano con le sonorit\u00e0 e da soldato diviene burattino. Inquietante infine l\u2019attore-autore quando chiude lo spettacolo con un consapevole pugno allo stomaco: sullo sfondo la proiezione di un montaggio, che volutamente sconfina in un horror movie, purtroppo per nulla fittizio, di volti di militari deturpati, sfigurati; in primo piano l\u2019invocazione disperata e accorata di un \u00absoldato dalla testa perduta\u00bb la cui voce sempre pi\u00f9 strozzata e convulsa viene progressivamente sovrastata dal \u201cVa, pensiero\u201d. \u00c8 qui che l\u2019incanto evocativo del teatro si manifesta pienamente e il verso verdiano \u201cOh mia patria s\u00ec bella e perduta!\u201d dice meglio di qualunque saggio sull\u2019alienazione e strumentalizzazione del concetto di nazione.<\/p>\n<p style=\"text-align: right;\"><em>di Michele Sciancalepore, fonte Avvenire<\/em><\/p>\n<p><a href=\"http:\/\/www.tv2000.it\/retroscena\/2016\/05\/19\/backstage-trincea-marco-baliani%E2%80%AC\/\" title=\"Backstage &quot;Trincea&quot;\" target=\"_blank\">FotoBlog di Michele Sciancalepore: BACKSTAGE &#8220;TRINCEA&#8221;<\/a><\/p>\n","protected":false},"excerpt":{"rendered":"L\u2019orrore del vuoto. Horror vacui. L\u2019orrore della guerra e il vuoto dei valori. Bastano queste poche stigmatizzanti, laconiche espressioni per introdurre Trincea, l\u2019ultimo spettacolo di Marco Baliani (che ha debuttato nella scorsa stagione al festival delle Colline Torinesi) il primo di un trittico di messinscene (ora al Teatro India di Roma fino a marted\u00ec 24) [&hellip;]","protected":false},"author":32,"featured_media":1162,"comment_status":"open","ping_status":"open","sticky":false,"template":"","format":"standard","meta":{"_acf_changed":false,"footnotes":""},"categories":[90],"tags":[241,240,239],"class_list":["post-1160","post","type-post","status-publish","format-standard","has-post-thumbnail","hentry","category-le-nostre-recensioni","tag-guerra","tag-marcobaliani","tag-trincea"],"acf":[],"aioseo_notices":[],"featured_image_url":"https:\/\/www.tv2000.it\/retroscena\/wp-content\/uploads\/sites\/14\/2016\/05\/Marco-Baliani-TRINCEA-foto-di-Marco-ParolloDSCF4765-1024x683.jpg","_links":{"self":[{"href":"https:\/\/www.tv2000.it\/retroscena\/wp-json\/wp\/v2\/posts\/1160","targetHints":{"allow":["GET"]}}],"collection":[{"href":"https:\/\/www.tv2000.it\/retroscena\/wp-json\/wp\/v2\/posts"}],"about":[{"href":"https:\/\/www.tv2000.it\/retroscena\/wp-json\/wp\/v2\/types\/post"}],"author":[{"embeddable":true,"href":"https:\/\/www.tv2000.it\/retroscena\/wp-json\/wp\/v2\/users\/32"}],"replies":[{"embeddable":true,"href":"https:\/\/www.tv2000.it\/retroscena\/wp-json\/wp\/v2\/comments?post=1160"}],"version-history":[{"count":3,"href":"https:\/\/www.tv2000.it\/retroscena\/wp-json\/wp\/v2\/posts\/1160\/revisions"}],"predecessor-version":[{"id":1164,"href":"https:\/\/www.tv2000.it\/retroscena\/wp-json\/wp\/v2\/posts\/1160\/revisions\/1164"}],"wp:featuredmedia":[{"embeddable":true,"href":"https:\/\/www.tv2000.it\/retroscena\/wp-json\/wp\/v2\/media\/1162"}],"wp:attachment":[{"href":"https:\/\/www.tv2000.it\/retroscena\/wp-json\/wp\/v2\/media?parent=1160"}],"wp:term":[{"taxonomy":"category","embeddable":true,"href":"https:\/\/www.tv2000.it\/retroscena\/wp-json\/wp\/v2\/categories?post=1160"},{"taxonomy":"post_tag","embeddable":true,"href":"https:\/\/www.tv2000.it\/retroscena\/wp-json\/wp\/v2\/tags?post=1160"}],"curies":[{"name":"wp","href":"https:\/\/api.w.org\/{rel}","templated":true}]}}