{"id":1168,"date":"2016-05-25T15:41:22","date_gmt":"2016-05-25T13:41:22","guid":{"rendered":"http:\/\/www.tv2000.it\/retroscena\/?p=1168"},"modified":"2016-06-03T15:33:42","modified_gmt":"2016-06-03T13:33:42","slug":"marco-baliani-a-retroscena-il-31-maggio-2-e-6-giugno","status":"publish","type":"post","link":"https:\/\/www.tv2000.it\/retroscena\/2016\/05\/25\/marco-baliani-a-retroscena-il-31-maggio-2-e-6-giugno\/","title":{"rendered":"Marco Baliani a Retroscena, il 31 maggio, 2 e 6 giugno"},"content":{"rendered":"<p><strong>Marco Baliani <\/strong>ospite di Michele Sciancalepore a \u201c<strong><em>Retroscena \u2013 i segreti del teatro<\/em><\/strong>\u201d. Intervista esclusiva con il grande affabulatore in occasione del suo ultimo spettacolo<strong> \u2018Trincea\u2019<\/strong> che le telecamere di <strong><em>Retroscena<\/em><\/strong> hanno ripreso durante una messinscena dedicata al nostro programma. <strong>\u00a0<\/strong>L\u2019assolo di <strong>Marco Baliani <\/strong>ci trasporter\u00e0 \u00a0\u2018indietro nel tempo\u2019 ai giorni della Grande Guerra e sia attraverso la sua narrazione che il faccia a faccia che ne \u00e8 seguito ci svela <em>l\u2019horror vacui<\/em>, l\u2019orrore della guerra e il vuoto dei valori. L\u2019attore e autore ci propone una visione claustrofobica e \u201ccorporale\u201d della pratica bellica privilegiando il punto di vista di un singolo soldato anonimo e senza una precisa nazionalit\u00e0, un classico \u201cmilite ignoto\u201d che si lancia in un agghiacciante sfogo contro la disumanit\u00e0 e l\u2019insensatezza di quell\u2019assurda mattanza del \u201915-18. Tra dettagli cruenti, rivelazioni inedite, atrocit\u00e0 che mortificano la dignit\u00e0 di ci\u00f2 che resta di un uomo, Baliani scava dentro la disgregazione spirituale, la crisi della fede e l\u2019alienazione del concetto di Patria. E lo fa con le parole e con il corpo, con una mirabile narrazione e un altrettanto spiazzante ed evocativa \u201cdanza macabra\u201d.<\/p>\n<p>A seguire il nostro viaggio nel tempo continua nell\u2019Europa della Santa Inquisizione dove un sapere semplice e\u00a0 antico \u00e8 stato confuso e perseguito come un maleficio da estirpare a ogni costo. \u00c8 la scena entro la quale si svolge il monologo \u201c<strong>Stria<\/strong>\u201d &#8211; scritto, \u00a0diretto e interpretato da <strong>Claudia Donadoni &#8211; <\/strong>dedicato ai processi alle streghe del Varesotto (\u2018Stria\u2019 in dialetto veneto vuol dire proprio strega). Gli inquisitori non vogliono ascoltare le ragioni della giovane contadina Rusina nonostante la sua \u00a0conoscenza della terra non abbia nulla di soprannaturale e per questo la condanneranno al rogo. Sebbene ambientato tra il \u2018500 e il \u2018600 lo spettacolo affronta temi attuali e interessanti quali la fede, il dubbio, il senso della giustizia, il ruolo del capro espiatorio nella storia e la condizione femminile. Anche in questo caso intervista e riprese esclusive per le telecamere di <strong><em>Retroscena<\/em><\/strong>.<\/p>\n<p>In conclusione di puntata, in occasione del secondo anniversario della canonizzazione di <strong>Giovanni Paolo II <\/strong>il musical in due atti di Sabrina Moranti: <strong>&#8216;Uomo tra gli uomini. Cos\u2019\u00e8 la santit\u00e0 se non un s\u00ec\u2019<\/strong> . Tra suggestive scenografie, musiche e coreografie, sul palcoscenico si rivivono eventi di storia contemporanea che trasportano il pubblico dal Muro di Berlino al Muro del Pianto di Gerusalemme, dalle baraccopoli dell&#8217;India alle strade di Roma. Il tutto a partire dalle ore 21.37 dell&#8217;ormai storico sabato del 2 aprile 2005, quando migliaia di fedeli si radunarono in piazza San Pietro per dare l&#8217;ultimo commosso saluto al Papa. Un musical non narrativo ma evocativo del santo Papa polacco in cui la figura di Wojtyla non appare mai sulla scena ma evocato solo attraverso ricordi, racconti, esperienze, fotogrammi di vita di gente comune, in un continuo equilibrio tra bene e male.<\/p>\n<p><strong>Retroscena \u2013 i segreti del teatro, viaggi nelle {cre}azioni. Un programma di Michele Sciancalepore, in onda luned\u00ec, marted\u00ec e gioved\u00ec in seconda serata prima del Rosario\u00a0 su TV2000 (Canale 140 SKY, canale 28 digitale terrestre, canale 18 di tiv\u00f9sat).<\/strong><\/p>\n","protected":false},"excerpt":{"rendered":"Marco Baliani ospite di Michele Sciancalepore a \u201cRetroscena \u2013 i segreti del teatro\u201d. Intervista esclusiva con il grande affabulatore in occasione del suo ultimo spettacolo \u2018Trincea\u2019 che le telecamere di Retroscena hanno ripreso durante una messinscena dedicata al nostro programma. \u00a0L\u2019assolo di Marco Baliani ci trasporter\u00e0 \u00a0\u2018indietro nel tempo\u2019 ai giorni della Grande Guerra e [&hellip;]","protected":false},"author":9,"featured_media":1169,"comment_status":"open","ping_status":"open","sticky":false,"template":"","format":"standard","meta":{"_acf_changed":false,"footnotes":""},"categories":[6],"tags":[242,24,243],"class_list":["post-1168","post","type-post","status-publish","format-standard","has-post-thumbnail","hentry","category-prossimamente","tag-claudia-donadoni","tag-marco-baliani","tag-sabrina-moranti"],"acf":[],"aioseo_notices":[],"featured_image_url":"https:\/\/www.tv2000.it\/retroscena\/wp-content\/uploads\/sites\/14\/2016\/05\/retroscena31mag.jpg","_links":{"self":[{"href":"https:\/\/www.tv2000.it\/retroscena\/wp-json\/wp\/v2\/posts\/1168","targetHints":{"allow":["GET"]}}],"collection":[{"href":"https:\/\/www.tv2000.it\/retroscena\/wp-json\/wp\/v2\/posts"}],"about":[{"href":"https:\/\/www.tv2000.it\/retroscena\/wp-json\/wp\/v2\/types\/post"}],"author":[{"embeddable":true,"href":"https:\/\/www.tv2000.it\/retroscena\/wp-json\/wp\/v2\/users\/9"}],"replies":[{"embeddable":true,"href":"https:\/\/www.tv2000.it\/retroscena\/wp-json\/wp\/v2\/comments?post=1168"}],"version-history":[{"count":3,"href":"https:\/\/www.tv2000.it\/retroscena\/wp-json\/wp\/v2\/posts\/1168\/revisions"}],"predecessor-version":[{"id":1185,"href":"https:\/\/www.tv2000.it\/retroscena\/wp-json\/wp\/v2\/posts\/1168\/revisions\/1185"}],"wp:featuredmedia":[{"embeddable":true,"href":"https:\/\/www.tv2000.it\/retroscena\/wp-json\/wp\/v2\/media\/1169"}],"wp:attachment":[{"href":"https:\/\/www.tv2000.it\/retroscena\/wp-json\/wp\/v2\/media?parent=1168"}],"wp:term":[{"taxonomy":"category","embeddable":true,"href":"https:\/\/www.tv2000.it\/retroscena\/wp-json\/wp\/v2\/categories?post=1168"},{"taxonomy":"post_tag","embeddable":true,"href":"https:\/\/www.tv2000.it\/retroscena\/wp-json\/wp\/v2\/tags?post=1168"}],"curies":[{"name":"wp","href":"https:\/\/api.w.org\/{rel}","templated":true}]}}