{"id":1178,"date":"2016-06-01T16:03:06","date_gmt":"2016-06-01T14:03:06","guid":{"rendered":"http:\/\/www.tv2000.it\/retroscena\/?p=1178"},"modified":"2016-06-07T14:23:23","modified_gmt":"2016-06-07T12:23:23","slug":"retroscena-in-oman-il-7-9-e-13-giugno","status":"publish","type":"post","link":"https:\/\/www.tv2000.it\/retroscena\/2016\/06\/01\/retroscena-in-oman-il-7-9-e-13-giugno\/","title":{"rendered":"Retroscena in Oman, il 7, 9 e 13 giugno"},"content":{"rendered":"<p>Retroscena in Oman! Perch\u00e9 in Oman? E dov\u2019\u00e8 l\u2019Oman? E che c\u2019entra il teatro? Domande legittime, ma baster\u00e0 seguire lo Speciale Oman in onda <strong>marted\u00ec 7 giugno<\/strong> alle <strong>22.50<\/strong> (in replica <strong>gioved\u00ec 9 giugno<\/strong> h <strong>23.40<\/strong> \/ <strong>luned\u00ec 13 giugno h 00.50<\/strong> \/ <strong>domenica 3 luglio h 18.30<\/strong>) per capire perch\u00e9 Michele Sciancalepore si \u00e8 spinto con le telecamere di Retroscena fino alla penisola arabica. E il teatro ovviamente c\u2019entra, c\u2019entra\u2026<br \/>\n<iframe src=\"https:\/\/www.youtube.com\/embed\/mnWb8oGwBY0?rel=0&amp;showinfo=0\" width=\"640\" height=\"360\" frameborder=\"0\" allowfullscreen=\"allowfullscreen\"><\/iframe><\/p>\n<p>Attraverso un originale ed esclusivo reportage con immagini mozzafiato tra deserti, Grand Canyon e mari cristallini, infatti, si dimostrer\u00e0 l\u2019esistenza di un paese che fa del dialogo, dell\u2019accoglienza e della convivenza pacifica le sue \u201carmi\u201d per creare un ponte fra Oriente e Occidente, fra l\u2019Islam e il Cristianesimo! Un\u2019utopia reale, un\u2019oasi di tranquillit\u00e0 che ha dimostrato che con la cultura si pu\u00f2 mangiare e con la bellezza si pu\u00f2 tentare di salvare il mondo! Una monarchia ricca ma che da qualche decennio, infatti, ha scelto di diversificare le proprie risorse non puntando pi\u00f9 solo ed esclusivamente sui proventi del petrolio ma anche su turismo e cultura.<\/p>\n<p>Una modernizzazione voluta fortemente da un sultano illuminato che risponde al nome di <strong><em>Qabus Bin Said<\/em><\/strong>, il quale dal 1970 \u2013 anno della sua ascesa al potere \u2013 ha operato in direzione di un diffuso benessere economico e sociale. Punta dell\u2019iceberg di un investimento massiccio e costante in istruzione e cultura la <strong><em>Royal Opera House di Mascate<\/em><\/strong>, capitale dell\u2019Oman: un prodigio tecnico e architettonico e un luogo stupefacente in cui la musica e le arti performative rappresentano strumenti potenti di dialogo e armonia tra Oriente e Occidente.<\/p>\n<p>Retroscena vi accompagner\u00e0 alla scoperta dei segreti di questo teatro pi\u00f9 unico che raro tra i paesi del Golfo persico che vanta co-produzioni di respiro internazionale e una direzione tutta italiana, quella di <strong><em>Umberto Fanni <\/em><\/strong><em>&#8211; <\/em>direttore artistico della Royal Opera House dal 2014 &#8211; che in un\u2019intervista esclusiva ci spiegher\u00e0, insieme al <strong>Principe Kamil Al Said<\/strong> e al <strong>ministro dell\u2019Istruzione Rawya Al Busaidi<\/strong>, come il teatro rappresenti per l\u2019Oman una preziosa e ormai insostituibile occasione di incontro fra la cultura islamica e quella europea e internazionale.<\/p>\n<p>Il reportage continuer\u00e0 poi raccontando altri aspetti di questo lembo di terra grande quanto l\u2019Italia in cui la corrente islamica moderata dell\u2019<strong>ibadismo<\/strong> ha creato condizioni eccezionali di dialogo, tolleranza e pacifica convivenza religiosa. Lo testimonia l\u2019incontro con <strong><em>padre Raul Ramos<\/em><\/strong>, cappuccino di 62 anni e dal 2007 <strong>alla guida della Chiesa cattolica di San Pietro e Paolo di Mascate<\/strong>. Una parrocchia che richiama 25 mila fedeli di diverse nazionalit\u00e0, in prevalenza indiani, filippini, pachistani, nepalesi, ma anche libanesi ed europei i cui terreni sono stati donati dal generoso sultano Qabus Bin Said.<\/p>\n<p>A fare da filo conduttore al viaggio di Retroscena la maestosit\u00e0, la vastit\u00e0 e il silenzio del deserto, luogo di contemplazione dal quale risuoner\u00e0 un invito a cercare le verit\u00e0 essenziali trattenendo con s\u00e9 solo ci\u00f2 che vale: l\u2019apertura e l\u2019accoglienza nei confronti del prossimo. Perch\u00e9, come insegna un famoso proverbio arabo: <strong>\u00ab<em>Se stringi nel pugno la sabbia del deserto non riuscirai a trattenerla. Se lasci aperta la tua mano, si riempir\u00e0 di sabbia<\/em>\u00bb<\/strong>.<\/p>\n<p>&nbsp;<br \/>\n<strong>Retroscena \u2013 i segreti del teatro, viaggi nelle {cre}azioni. Un programma di Michele Sciancalepore, in onda luned\u00ec, marted\u00ec e gioved\u00ec in seconda serata prima del Rosario  su TV2000 (Canale 140 SKY, canale 28 digitale terrestre, canale 18 di tiv\u00f9sat).<\/strong><\/p>\n","protected":false},"excerpt":{"rendered":"Retroscena in Oman! Perch\u00e9 in Oman? E dov\u2019\u00e8 l\u2019Oman? E che c\u2019entra il teatro? Domande legittime, ma baster\u00e0 seguire lo Speciale Oman in onda marted\u00ec 7 giugno alle 22.50 (in replica gioved\u00ec 9 giugno h 23.40 \/ luned\u00ec 13 giugno h 00.50 \/ domenica 3 luglio h 18.30) per capire perch\u00e9 Michele Sciancalepore si \u00e8 [&hellip;]","protected":false},"author":9,"featured_media":1179,"comment_status":"open","ping_status":"open","sticky":false,"template":"","format":"standard","meta":{"_acf_changed":false,"footnotes":""},"categories":[6],"tags":[],"class_list":["post-1178","post","type-post","status-publish","format-standard","has-post-thumbnail","hentry","category-prossimamente"],"acf":[],"aioseo_notices":[],"featured_image_url":"https:\/\/www.tv2000.it\/retroscena\/wp-content\/uploads\/sites\/14\/2016\/06\/retroomansito.jpg","_links":{"self":[{"href":"https:\/\/www.tv2000.it\/retroscena\/wp-json\/wp\/v2\/posts\/1178","targetHints":{"allow":["GET"]}}],"collection":[{"href":"https:\/\/www.tv2000.it\/retroscena\/wp-json\/wp\/v2\/posts"}],"about":[{"href":"https:\/\/www.tv2000.it\/retroscena\/wp-json\/wp\/v2\/types\/post"}],"author":[{"embeddable":true,"href":"https:\/\/www.tv2000.it\/retroscena\/wp-json\/wp\/v2\/users\/9"}],"replies":[{"embeddable":true,"href":"https:\/\/www.tv2000.it\/retroscena\/wp-json\/wp\/v2\/comments?post=1178"}],"version-history":[{"count":4,"href":"https:\/\/www.tv2000.it\/retroscena\/wp-json\/wp\/v2\/posts\/1178\/revisions"}],"predecessor-version":[{"id":1188,"href":"https:\/\/www.tv2000.it\/retroscena\/wp-json\/wp\/v2\/posts\/1178\/revisions\/1188"}],"wp:featuredmedia":[{"embeddable":true,"href":"https:\/\/www.tv2000.it\/retroscena\/wp-json\/wp\/v2\/media\/1179"}],"wp:attachment":[{"href":"https:\/\/www.tv2000.it\/retroscena\/wp-json\/wp\/v2\/media?parent=1178"}],"wp:term":[{"taxonomy":"category","embeddable":true,"href":"https:\/\/www.tv2000.it\/retroscena\/wp-json\/wp\/v2\/categories?post=1178"},{"taxonomy":"post_tag","embeddable":true,"href":"https:\/\/www.tv2000.it\/retroscena\/wp-json\/wp\/v2\/tags?post=1178"}],"curies":[{"name":"wp","href":"https:\/\/api.w.org\/{rel}","templated":true}]}}