{"id":1194,"date":"2016-06-15T18:49:12","date_gmt":"2016-06-15T16:49:12","guid":{"rendered":"http:\/\/www.tv2000.it\/retroscena\/?p=1194"},"modified":"2016-06-15T18:49:12","modified_gmt":"2016-06-15T16:49:12","slug":"retroscena-memory-dal-21-giugno-tutti-i-martedi-in-seconda-serata","status":"publish","type":"post","link":"https:\/\/www.tv2000.it\/retroscena\/2016\/06\/15\/retroscena-memory-dal-21-giugno-tutti-i-martedi-in-seconda-serata\/","title":{"rendered":"Retroscena Memory, dal 21 Giugno tutti i marted\u00ec in seconda serata"},"content":{"rendered":"<p>Un\u2019altra stagione di \u201cRetroscena \u2013 i segreti del teatro\u201d si \u00e8 conclusa\u2026 ma attenzione, adesso viene la parte pi\u00f9 emozionante, quella del ricordo, del \u201criportare al cuore\u201d!<\/p>\n<p>A partire dal 21 Giugno e per tutta l\u2019estate infatti Retroscena vi accompagner\u00e0 riproponendovi i migliori servizi e reportage dell\u2019anno 2015-16.<\/p>\n<p>Un viaggio tra gli incontri e le esperienze pi\u00f9 emozionanti, intense e significative di questa stagione.<\/p>\n<p>Non perdetevi dunque questa estate \u201c<strong><em>Retroscena Memory<\/em><\/strong>\u201d: un\u2019antologia delle migliori puntate dell\u2019anno appena trascorso insieme, che vi faranno compagnia <strong><em>dal 21 Giugno<\/em><\/strong> <strong><em>tutti i marted\u00ec in seconda serata fino all\u201911 Ottobre!<\/em><\/strong><\/p>\n<p><strong>\u00a0<\/strong><\/p>\n<p><strong>Retroscena \u2013 i segreti del teatro, viaggi nelle {cre}azioni. Un programma di Michele Sciancalepore, in onda luned\u00ec, marted\u00ec e gioved\u00ec in seconda serata prima del Rosario\u00a0 su TV2000 (Canale 140 SKY, canale 28 digitale terrestre, canale 18 di tiv\u00f9sat).<\/strong><\/p>\n","protected":false},"excerpt":{"rendered":"Un\u2019altra stagione di \u201cRetroscena \u2013 i segreti del teatro\u201d si \u00e8 conclusa\u2026 ma attenzione, adesso viene la parte pi\u00f9 emozionante, quella del ricordo, del \u201criportare al cuore\u201d! A partire dal 21 Giugno e per tutta l\u2019estate infatti Retroscena vi accompagner\u00e0 riproponendovi i migliori servizi e reportage dell\u2019anno 2015-16. Un viaggio tra gli incontri e le [&hellip;]","protected":false},"author":9,"featured_media":1195,"comment_status":"open","ping_status":"open","sticky":false,"template":"","format":"standard","meta":{"_acf_changed":false,"footnotes":""},"categories":[6],"tags":[],"class_list":["post-1194","post","type-post","status-publish","format-standard","has-post-thumbnail","hentry","category-prossimamente"],"acf":[],"aioseo_notices":[],"featured_image_url":"https:\/\/www.tv2000.it\/retroscena\/wp-content\/uploads\/sites\/14\/2016\/06\/retromemory.jpg","_links":{"self":[{"href":"https:\/\/www.tv2000.it\/retroscena\/wp-json\/wp\/v2\/posts\/1194","targetHints":{"allow":["GET"]}}],"collection":[{"href":"https:\/\/www.tv2000.it\/retroscena\/wp-json\/wp\/v2\/posts"}],"about":[{"href":"https:\/\/www.tv2000.it\/retroscena\/wp-json\/wp\/v2\/types\/post"}],"author":[{"embeddable":true,"href":"https:\/\/www.tv2000.it\/retroscena\/wp-json\/wp\/v2\/users\/9"}],"replies":[{"embeddable":true,"href":"https:\/\/www.tv2000.it\/retroscena\/wp-json\/wp\/v2\/comments?post=1194"}],"version-history":[{"count":1,"href":"https:\/\/www.tv2000.it\/retroscena\/wp-json\/wp\/v2\/posts\/1194\/revisions"}],"predecessor-version":[{"id":1196,"href":"https:\/\/www.tv2000.it\/retroscena\/wp-json\/wp\/v2\/posts\/1194\/revisions\/1196"}],"wp:featuredmedia":[{"embeddable":true,"href":"https:\/\/www.tv2000.it\/retroscena\/wp-json\/wp\/v2\/media\/1195"}],"wp:attachment":[{"href":"https:\/\/www.tv2000.it\/retroscena\/wp-json\/wp\/v2\/media?parent=1194"}],"wp:term":[{"taxonomy":"category","embeddable":true,"href":"https:\/\/www.tv2000.it\/retroscena\/wp-json\/wp\/v2\/categories?post=1194"},{"taxonomy":"post_tag","embeddable":true,"href":"https:\/\/www.tv2000.it\/retroscena\/wp-json\/wp\/v2\/tags?post=1194"}],"curies":[{"name":"wp","href":"https:\/\/api.w.org\/{rel}","templated":true}]}}