{"id":1250,"date":"2016-08-19T10:52:49","date_gmt":"2016-08-19T08:52:49","guid":{"rendered":"http:\/\/www.tv2000.it\/retroscena\/?p=1250"},"modified":"2016-08-31T10:41:27","modified_gmt":"2016-08-31T08:41:27","slug":"trincea-e-noveetrentatre-a-retroscena-memory-martedi-30-agosto-in-seconda-serata-2","status":"publish","type":"post","link":"https:\/\/www.tv2000.it\/retroscena\/2016\/08\/19\/trincea-e-noveetrentatre-a-retroscena-memory-martedi-30-agosto-in-seconda-serata-2\/","title":{"rendered":"Trincea e NoveEtrentatr\u00e8 a Retroscena Memory. Marted\u00ec 30 agosto in seconda serata"},"content":{"rendered":"<p><strong><em>Nella decima puntata di Retroscena Memory di marted\u00ec 30 Agosto <\/em><\/strong>Michele Sciancalepore intervista in esclusiva <strong>Marco Baliani <\/strong>\u00a0in occasione del suo ultimo spettacolo<strong> \u2018Trincea\u2019<\/strong>. L\u2019assolo di <strong>Marco Baliani <\/strong>ci trasporter\u00e0\u00a0 \u2018indietro nel tempo\u2019 ai giorni della Grande Guerra e sia attraverso la sua narrazione che il faccia a faccia che ne \u00e8 seguito ci svela <em>l\u2019horror vacui<\/em>, l\u2019orrore della guerra e il vuoto dei valori. L\u2019attore e autore ci propone una visione claustrofobica e \u201ccorporale\u201d della pratica bellica privilegiando il punto di vista di un singolo soldato anonimo e senza una precisa nazionalit\u00e0, un classico \u201cmilite ignoto\u201d che si lancia in un agghiacciante sfogo contro la disumanit\u00e0 e l\u2019insensatezza di quell\u2019assurda mattanza del \u201915-18. Tra dettagli cruenti, rivelazioni inedite, atrocit\u00e0 che mortificano la dignit\u00e0 di ci\u00f2 che resta di un uomo, Baliani scava dentro la disgregazione spirituale, la crisi della fede e l\u2019alienazione del concetto di Patria. E lo fa con le parole e con il corpo, con una mirabile narrazione e un altrettanto spiazzante ed evocativa \u201cdanza macabra\u201d.<\/p>\n<p>Il nostro viaggio continua poi \u00a0nel reparto di alta sicurezza del carcere romano di Rebibbia con lo spettacolo \u201c<strong><em>NoveEtrentatr\u00e8<\/em><\/strong>\u201d, storia ispirata alla vicenda umana di <strong>Cosimo Rega<\/strong>, piccolo boss della camorra di Angri, in provincia di Salerno, condannato al carcere a vita per omicidio e associazione mafiosa. Il titolo dello spettacolo, che vede protagonista lo stesso <strong>Cosimo Rega<\/strong>, per la regia di <strong>Tiziana Sensi<\/strong>, fa riferimento agli articoli 9 e 33 della Costituzione italiana che sostengono la libert\u00e0 dell\u2019arte e della scienza e l\u2019impegno dello Stato a promuovere lo sviluppo della cultura accessibile a tutti. Dopo la condanna a \u201cfine pena mai\u201d per Cosimo Rega \u00e8 cominciato un percorso che lo ha portato, senza facili attenuanti, a riscoprire se stesso e il senso dello stato anche grazie al teatro, fino a diventare oggi attore, scrittore e fondatore della prima compagnia teatrale di Rebibbia.<\/p>\n<p><strong><em>\u00a0\u00a0\u00a0 <\/em><\/strong>Non perdetevi dunque questa estate \u201c<strong><em>Retroscena Memory<\/em><\/strong>\u201d: un\u2019antologia delle migliori puntate dell\u2019anno appena trascorso insieme.<\/p>\n","protected":false},"excerpt":{"rendered":"Nella decima puntata di Retroscena Memory di marted\u00ec 30 Agosto Michele Sciancalepore intervista in esclusiva Marco Baliani \u00a0in occasione del suo ultimo spettacolo \u2018Trincea\u2019. L\u2019assolo di Marco Baliani ci trasporter\u00e0\u00a0 \u2018indietro nel tempo\u2019 ai giorni della Grande Guerra e sia attraverso la sua narrazione che il faccia a faccia che ne \u00e8 seguito ci svela [&hellip;]","protected":false},"author":6,"featured_media":1162,"comment_status":"open","ping_status":"open","sticky":false,"template":"","format":"standard","meta":{"_acf_changed":false,"footnotes":""},"categories":[6,1],"tags":[],"class_list":["post-1250","post","type-post","status-publish","format-standard","has-post-thumbnail","hentry","category-prossimamente","category-senza-categoria"],"acf":[],"aioseo_notices":[],"featured_image_url":"https:\/\/www.tv2000.it\/retroscena\/wp-content\/uploads\/sites\/14\/2016\/05\/Marco-Baliani-TRINCEA-foto-di-Marco-ParolloDSCF4765-1024x683.jpg","_links":{"self":[{"href":"https:\/\/www.tv2000.it\/retroscena\/wp-json\/wp\/v2\/posts\/1250","targetHints":{"allow":["GET"]}}],"collection":[{"href":"https:\/\/www.tv2000.it\/retroscena\/wp-json\/wp\/v2\/posts"}],"about":[{"href":"https:\/\/www.tv2000.it\/retroscena\/wp-json\/wp\/v2\/types\/post"}],"author":[{"embeddable":true,"href":"https:\/\/www.tv2000.it\/retroscena\/wp-json\/wp\/v2\/users\/6"}],"replies":[{"embeddable":true,"href":"https:\/\/www.tv2000.it\/retroscena\/wp-json\/wp\/v2\/comments?post=1250"}],"version-history":[{"count":1,"href":"https:\/\/www.tv2000.it\/retroscena\/wp-json\/wp\/v2\/posts\/1250\/revisions"}],"predecessor-version":[{"id":1251,"href":"https:\/\/www.tv2000.it\/retroscena\/wp-json\/wp\/v2\/posts\/1250\/revisions\/1251"}],"wp:featuredmedia":[{"embeddable":true,"href":"https:\/\/www.tv2000.it\/retroscena\/wp-json\/wp\/v2\/media\/1162"}],"wp:attachment":[{"href":"https:\/\/www.tv2000.it\/retroscena\/wp-json\/wp\/v2\/media?parent=1250"}],"wp:term":[{"taxonomy":"category","embeddable":true,"href":"https:\/\/www.tv2000.it\/retroscena\/wp-json\/wp\/v2\/categories?post=1250"},{"taxonomy":"post_tag","embeddable":true,"href":"https:\/\/www.tv2000.it\/retroscena\/wp-json\/wp\/v2\/tags?post=1250"}],"curies":[{"name":"wp","href":"https:\/\/api.w.org\/{rel}","templated":true}]}}