{"id":1255,"date":"2016-09-08T10:00:17","date_gmt":"2016-09-08T08:00:17","guid":{"rendered":"http:\/\/www.tv2000.it\/retroscena\/?p=1255"},"modified":"2016-09-08T10:17:11","modified_gmt":"2016-09-08T08:17:11","slug":"lillo-greg-e-i-piccoli-di-podrecca-a-retroscena-memory-martedi-13-settembre-su-tv2000","status":"publish","type":"post","link":"https:\/\/www.tv2000.it\/retroscena\/2016\/09\/08\/lillo-greg-e-i-piccoli-di-podrecca-a-retroscena-memory-martedi-13-settembre-su-tv2000\/","title":{"rendered":"Lillo &#038; Greg e i \u201cPiccoli\u201c di Podrecca a Retroscena Memory. Marted\u00ec 13 settembre su Tv2000"},"content":{"rendered":"<p><strong><em>Nella dodicesima puntata di Retroscena Memory di marted\u00ec 13 Settembre <\/em><\/strong>la comicit\u00e0 geniale e sferzante di<strong> Lillo &amp; Greg<\/strong>! Incalzati dalle domande di <strong>Michele Sciancalepore<\/strong> i due comici racconteranno le vicende di una modesta compagnia teatrale che mette in scena una orrenda commedia sull\u2019invasione tedesca del 1943. Scopriremo cos\u00ec come ben presto la scalcagnata compagnia di giro, con manifeste velleit\u00e0 artistiche, si trover\u00e0 ad essere \u201ccannibalizzata\u201d, per esigenze di cassa, da linguaggi e tempi tipici della \u201ctelevisionizzazione\u201d contemporanea. Tra uniformi improvvisate, medaglie che diventano attaccapanni e cos\u00ec via, la male assortita compagnia di teatro ci far\u00e0 ridere sfruttando tutte le situazioni comiche innescate dalla proverbiale arte di arrangiarsi degli italiani, portando ad una inesorabile deriva comica\u00a0 un\u2019opera nata con l\u2019intento di\u00a0 rievocare vicende ed eroismi della seconda guerra mondiale.<\/p>\n<p>Il viaggio nei segreti del teatro prosegue con la storia dei \u201c<strong>Piccoli\u201c di Podrecca<\/strong> \u201cMagici\u201d per Walt Disney, \u201cgeniali\u201d per Charlie Chaplin e \u201cdivini\u201d per Greta Garbo <strong>\u00a0<\/strong>Pezzi di legno, marionette, burattini? Non solo, dei veri e propri miti che in oltre 50 anni di attivit\u00e0, dal 1914 fino alla fine degli anni \u201960, si sono esibiti nei pi\u00f9 grandi teatri di tutto il mondo, riscuotendo un successo planetario e divenendo dei \u201cdivi di legno\u201d. In esclusiva abbiamo seguito le prove dello spettacolo \u201c<strong>Dai 3 ai 93. Una meravigliosa invenzione<\/strong>\u201d, di <strong>Barbara Della Polla<\/strong> ed<strong> Ennio Guerrato<\/strong>, dove sono riportati in vita i numeri pi\u00f9 celebri del repertorio classico della <strong>Compagnia dei Piccoli<\/strong> fondata da <strong>Vittorio Podrecca<\/strong>.<\/p>\n<p>Non perdetevi dunque questa estate \u201c<strong><em>Retroscena Memory<\/em><\/strong>\u201d: un\u2019antologia delle migliori puntate dell\u2019anno appena trascorso insieme.<\/p>\n<p>&nbsp;<\/p>\n","protected":false},"excerpt":{"rendered":"Nella dodicesima puntata di Retroscena Memory di marted\u00ec 13 Settembre la comicit\u00e0 geniale e sferzante di Lillo &amp; Greg! Incalzati dalle domande di Michele Sciancalepore i due comici racconteranno le vicende di una modesta compagnia teatrale che mette in scena una orrenda commedia sull\u2019invasione tedesca del 1943. Scopriremo cos\u00ec come ben presto la scalcagnata compagnia [&hellip;]","protected":false},"author":6,"featured_media":264,"comment_status":"open","ping_status":"open","sticky":false,"template":"","format":"standard","meta":{"_acf_changed":false,"footnotes":""},"categories":[6],"tags":[],"class_list":["post-1255","post","type-post","status-publish","format-standard","has-post-thumbnail","hentry","category-prossimamente"],"acf":[],"aioseo_notices":[],"featured_image_url":"https:\/\/www.tv2000.it\/retroscena\/wp-content\/uploads\/sites\/14\/2015\/03\/retro17marzo.jpg","_links":{"self":[{"href":"https:\/\/www.tv2000.it\/retroscena\/wp-json\/wp\/v2\/posts\/1255","targetHints":{"allow":["GET"]}}],"collection":[{"href":"https:\/\/www.tv2000.it\/retroscena\/wp-json\/wp\/v2\/posts"}],"about":[{"href":"https:\/\/www.tv2000.it\/retroscena\/wp-json\/wp\/v2\/types\/post"}],"author":[{"embeddable":true,"href":"https:\/\/www.tv2000.it\/retroscena\/wp-json\/wp\/v2\/users\/6"}],"replies":[{"embeddable":true,"href":"https:\/\/www.tv2000.it\/retroscena\/wp-json\/wp\/v2\/comments?post=1255"}],"version-history":[{"count":1,"href":"https:\/\/www.tv2000.it\/retroscena\/wp-json\/wp\/v2\/posts\/1255\/revisions"}],"predecessor-version":[{"id":1256,"href":"https:\/\/www.tv2000.it\/retroscena\/wp-json\/wp\/v2\/posts\/1255\/revisions\/1256"}],"wp:featuredmedia":[{"embeddable":true,"href":"https:\/\/www.tv2000.it\/retroscena\/wp-json\/wp\/v2\/media\/264"}],"wp:attachment":[{"href":"https:\/\/www.tv2000.it\/retroscena\/wp-json\/wp\/v2\/media?parent=1255"}],"wp:term":[{"taxonomy":"category","embeddable":true,"href":"https:\/\/www.tv2000.it\/retroscena\/wp-json\/wp\/v2\/categories?post=1255"},{"taxonomy":"post_tag","embeddable":true,"href":"https:\/\/www.tv2000.it\/retroscena\/wp-json\/wp\/v2\/tags?post=1255"}],"curies":[{"name":"wp","href":"https:\/\/api.w.org\/{rel}","templated":true}]}}