{"id":1275,"date":"2016-10-06T17:09:29","date_gmt":"2016-10-06T15:09:29","guid":{"rendered":"http:\/\/www.tv2000.it\/retroscena\/?p=1275"},"modified":"2016-10-06T17:24:59","modified_gmt":"2016-10-06T15:24:59","slug":"prossimamente-a-retroscena-lora-di-ricevimento-e-lesclusivo-faccia-a-faccia-con-michele-placido-e-stefano-massini","status":"publish","type":"post","link":"https:\/\/www.tv2000.it\/retroscena\/2016\/10\/06\/prossimamente-a-retroscena-lora-di-ricevimento-e-lesclusivo-faccia-a-faccia-con-michele-placido-e-stefano-massini\/","title":{"rendered":"Prossimamente a Retroscena \u201cL\u2019ora di ricevimento\u201d e il faccia a faccia con Michele Placido e Stefano Massini"},"content":{"rendered":"<p>&nbsp;<\/p>\n<p><a href=\"http:\/\/www.tv2000.it\/retroscena\/wp-content\/uploads\/sites\/14\/2016\/10\/ora_ricevimento.jpg\"><img decoding=\"async\" class=\"  wp-image-1276 alignleft\" src=\"http:\/\/www.tv2000.it\/retroscena\/wp-content\/uploads\/sites\/14\/2016\/10\/ora_ricevimento-1024x576.jpg\" alt=\"ora_ricevimento\" width=\"692\" height=\"391\" srcset=\"https:\/\/www.tv2000.it\/retroscena\/wp-content\/uploads\/sites\/14\/2016\/10\/ora_ricevimento-300x169.jpg 300w, https:\/\/www.tv2000.it\/retroscena\/wp-content\/uploads\/sites\/14\/2016\/10\/ora_ricevimento-48x27.jpg 48w, https:\/\/www.tv2000.it\/retroscena\/wp-content\/uploads\/sites\/14\/2016\/10\/ora_ricevimento-280x158.jpg 280w, https:\/\/www.tv2000.it\/retroscena\/wp-content\/uploads\/sites\/14\/2016\/10\/ora_ricevimento-650x366.jpg 650w\" sizes=\"(max-width: 692px) 100vw, 692px\" \/><\/a><\/p>\n<p>&nbsp;<\/p>\n<p>&nbsp;<\/p>\n<p>&nbsp;<\/p>\n<p>&nbsp;<\/p>\n<p>&nbsp;<\/p>\n<p>&nbsp;<\/p>\n<p>&nbsp;<\/p>\n<p>&nbsp;<\/p>\n<p>&nbsp;<\/p>\n<p>&nbsp;<\/p>\n<p>Nella nuova nona stagione di <strong>Retroscena <\/strong>un\u2019intensa intervista in esclusiva con <strong>Michele Placido<\/strong> e <strong>Stefano Massini<\/strong> racconta \u201c<em><strong>L\u2019ora di ricevimento<\/strong><\/em>\u201d che ha debuttato al Teatro Cucinelli di Solomeo il 29 settembre 2016. Michele Sciancalepore ci porta alla scoperta non solo dell\u2019ultimo spettacolo tratto dal testo di Stefano Massini e diretto da Michele Placido ma anche di ci\u00f2 che si cela tra le pieghe di questo lavoro che poggia sulle spalle di un perfetto <strong>Fabrizio Bentivoglio<\/strong> nei panni del professor Ard\u00e8che, un insegnante di materie letterarie disilluso e cinico, circondato da una scolaresca crogiuolo di culture ed etnie nel cuore della banlieue di Les Izards, ai margini dell\u2019area metropolitana di Tolosa. E l\u2019ora di ricevimento \u00e8 quella che viene dedicata ogni settimana ai genitori di questi alunni di diverse nazionalit\u00e0 e confessioni religiose, che non hanno pi\u00f9 gli strumenti per apprezzare poesia e bellezza. Uno spaccato di vita che racconta il ruolo di un educatore &#8220;in trincea&#8221; ridotto a disinnescare mine piuttosto che ad accendere le menti degli allievi.<\/p>\n<p>Le telecamere di <strong><em>Retroscena &#8211; i segreti del teatro <\/em><\/strong>hanno seguito lo spettacolo raccontando questa esperienza che intreccia vita e arte. Nell\u2019esclusivo faccia a faccia con <strong>Michele Placido<\/strong> abbiamo attraversato i confini dell\u2019umano, esplorando la sua appassionante visione del mondo e della vita dopo la morte. A colloquio con l\u2019autore <strong>Stefano Massini<\/strong>, invece, abbiamo scoperto la sua concezione di teatro: una personalissima e lucida analisi sul futuro di questa splendida arte.<\/p>\n<p>Non perdetevi dunque la nuova stagione di Retroscena. <em>Stay tuned!<\/em><\/p>\n","protected":false},"excerpt":{"rendered":"&nbsp; &nbsp; &nbsp; &nbsp; &nbsp; &nbsp; &nbsp; &nbsp; &nbsp; &nbsp; &nbsp; Nella nuova nona stagione di Retroscena un\u2019intensa intervista in esclusiva con Michele Placido e Stefano Massini racconta \u201cL\u2019ora di ricevimento\u201d che ha debuttato al Teatro Cucinelli di Solomeo il 29 settembre 2016. Michele Sciancalepore ci porta alla scoperta non solo dell\u2019ultimo spettacolo tratto dal [&hellip;]","protected":false},"author":32,"featured_media":1276,"comment_status":"open","ping_status":"open","sticky":false,"template":"","format":"standard","meta":{"_acf_changed":false,"footnotes":""},"categories":[6],"tags":[255,256,254,257,259,258],"class_list":["post-1275","post","type-post","status-publish","format-standard","has-post-thumbnail","hentry","category-prossimamente","tag-fabrizio-bentivoglio","tag-lora-di-ricevimento","tag-michele-placido","tag-michele-sciancalepore","tag-retroscena","tag-teatro"],"acf":[],"aioseo_notices":[],"featured_image_url":"https:\/\/www.tv2000.it\/retroscena\/wp-content\/uploads\/sites\/14\/2016\/10\/ora_ricevimento-1024x576.jpg","_links":{"self":[{"href":"https:\/\/www.tv2000.it\/retroscena\/wp-json\/wp\/v2\/posts\/1275","targetHints":{"allow":["GET"]}}],"collection":[{"href":"https:\/\/www.tv2000.it\/retroscena\/wp-json\/wp\/v2\/posts"}],"about":[{"href":"https:\/\/www.tv2000.it\/retroscena\/wp-json\/wp\/v2\/types\/post"}],"author":[{"embeddable":true,"href":"https:\/\/www.tv2000.it\/retroscena\/wp-json\/wp\/v2\/users\/32"}],"replies":[{"embeddable":true,"href":"https:\/\/www.tv2000.it\/retroscena\/wp-json\/wp\/v2\/comments?post=1275"}],"version-history":[{"count":15,"href":"https:\/\/www.tv2000.it\/retroscena\/wp-json\/wp\/v2\/posts\/1275\/revisions"}],"predecessor-version":[{"id":1293,"href":"https:\/\/www.tv2000.it\/retroscena\/wp-json\/wp\/v2\/posts\/1275\/revisions\/1293"}],"wp:featuredmedia":[{"embeddable":true,"href":"https:\/\/www.tv2000.it\/retroscena\/wp-json\/wp\/v2\/media\/1276"}],"wp:attachment":[{"href":"https:\/\/www.tv2000.it\/retroscena\/wp-json\/wp\/v2\/media?parent=1275"}],"wp:term":[{"taxonomy":"category","embeddable":true,"href":"https:\/\/www.tv2000.it\/retroscena\/wp-json\/wp\/v2\/categories?post=1275"},{"taxonomy":"post_tag","embeddable":true,"href":"https:\/\/www.tv2000.it\/retroscena\/wp-json\/wp\/v2\/tags?post=1275"}],"curies":[{"name":"wp","href":"https:\/\/api.w.org\/{rel}","templated":true}]}}