{"id":1287,"date":"2016-10-06T17:28:57","date_gmt":"2016-10-06T15:28:57","guid":{"rendered":"http:\/\/www.tv2000.it\/retroscena\/?p=1287"},"modified":"2016-10-06T17:31:50","modified_gmt":"2016-10-06T15:31:50","slug":"bentivoglio-insegnante-in-trincea-per-stefano-massini","status":"publish","type":"post","link":"https:\/\/www.tv2000.it\/retroscena\/2016\/10\/06\/bentivoglio-insegnante-in-trincea-per-stefano-massini\/","title":{"rendered":"Bentivoglio insegnante in trincea per Stefano Massini"},"content":{"rendered":"<figure id=\"attachment_1276\" aria-describedby=\"caption-attachment-1276\" style=\"width: 300px\" class=\"wp-caption alignnone\"><a href=\"http:\/\/www.tv2000.it\/retroscena\/wp-content\/uploads\/sites\/14\/2016\/10\/ora_ricevimento.jpg\"><img decoding=\"async\" class=\"wp-image-1276 size-medium\" src=\"http:\/\/www.tv2000.it\/retroscena\/wp-content\/uploads\/sites\/14\/2016\/10\/ora_ricevimento-300x169.jpg\" alt=\"ora_ricevimento\" width=\"300\" height=\"169\" srcset=\"https:\/\/www.tv2000.it\/retroscena\/wp-content\/uploads\/sites\/14\/2016\/10\/ora_ricevimento-300x169.jpg 300w, https:\/\/www.tv2000.it\/retroscena\/wp-content\/uploads\/sites\/14\/2016\/10\/ora_ricevimento-768x432.jpg 768w, https:\/\/www.tv2000.it\/retroscena\/wp-content\/uploads\/sites\/14\/2016\/10\/ora_ricevimento-1024x576.jpg 1024w, https:\/\/www.tv2000.it\/retroscena\/wp-content\/uploads\/sites\/14\/2016\/10\/ora_ricevimento-48x27.jpg 48w, https:\/\/www.tv2000.it\/retroscena\/wp-content\/uploads\/sites\/14\/2016\/10\/ora_ricevimento-280x158.jpg 280w, https:\/\/www.tv2000.it\/retroscena\/wp-content\/uploads\/sites\/14\/2016\/10\/ora_ricevimento-650x366.jpg 650w, https:\/\/www.tv2000.it\/retroscena\/wp-content\/uploads\/sites\/14\/2016\/10\/ora_ricevimento.jpg 1920w\" sizes=\"(max-width: 300px) 100vw, 300px\" \/><\/a><figcaption id=\"caption-attachment-1276\" class=\"wp-caption-text\">Fabrizio Bentivoglio, Michele Placido<\/figcaption><\/figure>\n<p>\u201cLa verit\u00e0 \u00e8 che alla fine io perdo\u201d. Buio. Cos\u00ec si chiude L\u2019ora di ricevimento, con l\u2019amara ammissione di una sconfitta, con l\u2019oscurit\u00e0 che cala e pervade l\u2019animo del \u201cprofessor Ardeche\u201d, il personaggio principale dell\u2019ultimo lavoro di Stefano Massini, con protagonista Fabrizio Bentivoglio e Michele Placido alla regia, che ha visto la luce al Teatro Cucinelli di Solomeo (fino al 16 ottobre, poi in tourn\u00e9e).<\/p>\n<p>La perdita e la tenebra, che sigillano e suggellano due ore di spettacolo no stop, sembrano non lasciare spiragli e speranze e decretare inesorabilmente il fallimento del ruolo dell\u2019educatore, della poesia e della bellezza che, ribaltando la famosa citazione dostoevskiana, non \u00e8 pi\u00f9 in grado di salvare il mondo. Eppure tutto era iniziato nel migliore e pi\u00f9 rassicurante dei modi: un professore di lettere di scuola media inferiore che prima dell\u2019avvio dell\u2019anno scolastico si diverte con un ironico e simpatico monologo di venticinque minuti a immaginare e classificare accuratamente, sulla base della sua trentennale esperienza, i diversi e ricorrenti caratteri degli alunni: l\u2019Invisibile, il Primobanco, il Fuggipresto, Panorama, Raffreddore, il Boss, il Bodyguard, il Falsario, il Rassegnato, la Campionessa, il Missionario, il Cartoon e l\u2019Adulto. Tredici elementi dipinti con magistrali pennellate che farebbero ipotizzare una straordinaria capacit\u00e0 empatica da parte dell\u2019esperto e navigato insegnante. Invece questa acuta disamina tipologica \u00e8 in prevalenza frutto di cinismo e disincanto; il professore sembra ormai chiuso nella sua torre d\u2019avorio a consolarsi in compagnia di Rabelais, Voltaire e Baudelaire, i cui saperi non \u00e8 pi\u00f9 in grado di condividere non tanto per colpa sua ma soprattutto perch\u00e9 la societ\u00e0, la scuola, la sua classe, i suoi \u201cnativi digitali\u201d non hanno pi\u00f9 gli strumenti per decodificare e gustare la bellezza. E l\u2019ambiente in cui opera il professor Ardeche non \u00e8 dei pi\u00f9 semplici: siamo, come precisa l\u2019autore, \u201cai margini dell\u2019area metropolitana di Tolosa, nel cuore dell\u2019esplosiva banlieue di Les Izards\u201d.<\/p>\n<p>Massini, dopo aver offerto uno spaccato della crisi dei diritti civili delle lavoratrici di una fabbrica con 7 minuti, ci porta stavolta, sempre dopo aver attinto a esperienze vere e dirette, in una scuola dell\u2019obbligo di periferia, paradigma esemplare di ci\u00f2 che \u00e8 avvenuto in molte parti d\u2019Europa: la nascita di un crogiuolo in cui si lotta e ci si azzuffa per difendere la propria particolare identit\u00e0. Islamici, indiani, cattolici, ebrei di diverse nazionalit\u00e0 compongono questa classe-mosaico di cui conosciamo i genitori che in un susseguirsi di quadri si avvicendano durante l\u2019ora di ricevimento. I conflitti etnici, sociali e religiosi restano sullo sfondo della drammaturgia. In primo piano invece istanze e problematiche che denotano un sempre pi\u00f9 nevrotico arroccamento identitario. Emblematica l\u2019iperbolica, al contempo kafkiana e beckettiana, ma assolutamente vera come ci assicura lo scrittore fiorentino, vicenda della scelta del men\u00f9 della gita scolastica che doveva mettere d\u2019accordo mussulmani, ind\u00f9 ed ebrei. Al centro dunque un insegnante in trincea costretto a disinnescare mine piuttosto che ad accendere le menti dei suoi studenti. Fin qui il testo cupo e sarcastico, spietato ma salutare per la presa di coscienza che attiva. L\u2019allestimento invece \u00e8 tutto sulle spalle di un perfetto Fabrizio Bentivoglio che giganteggia sulla scena nei panni del professore circondato dai volenterosi giovani del Teatro Stabile dell\u2019Umbria troppo spesso alla ricerca affannosa e inopportuna dell\u2019effetto. Scarna ed essenziale la regia di Michele Placido che per\u00f2 \u00e8 in grado di esaltare la parola e di cogliere appieno il senso profondo di tutta la pi\u00e8ce come quando ci confida: \u00abCosa manca al professor Ardeche? Non ha mai pensato di fare ai suoi ragazzi una carezza!\u00bb.<\/p>\n<p style=\"text-align: right;\"><em>di Michele Sciancalepore, fonte Avvenire<\/em><\/p>\n","protected":false},"excerpt":{"rendered":"\u201cLa verit\u00e0 \u00e8 che alla fine io perdo\u201d. Buio. Cos\u00ec si chiude L\u2019ora di ricevimento, con l\u2019amara ammissione di una sconfitta, con l\u2019oscurit\u00e0 che cala e pervade l\u2019animo del \u201cprofessor Ardeche\u201d, il personaggio principale dell\u2019ultimo lavoro di Stefano Massini, con protagonista Fabrizio Bentivoglio e Michele Placido alla regia, che ha visto la luce al Teatro [&hellip;]","protected":false},"author":32,"featured_media":1276,"comment_status":"open","ping_status":"open","sticky":false,"template":"","format":"standard","meta":{"_acf_changed":false,"footnotes":""},"categories":[90],"tags":[260,255,256,254,257],"class_list":["post-1287","post","type-post","status-publish","format-standard","has-post-thumbnail","hentry","category-le-nostre-recensioni","tag-avvenire","tag-fabrizio-bentivoglio","tag-lora-di-ricevimento","tag-michele-placido","tag-michele-sciancalepore"],"acf":[],"aioseo_notices":[],"featured_image_url":"https:\/\/www.tv2000.it\/retroscena\/wp-content\/uploads\/sites\/14\/2016\/10\/ora_ricevimento-1024x576.jpg","_links":{"self":[{"href":"https:\/\/www.tv2000.it\/retroscena\/wp-json\/wp\/v2\/posts\/1287","targetHints":{"allow":["GET"]}}],"collection":[{"href":"https:\/\/www.tv2000.it\/retroscena\/wp-json\/wp\/v2\/posts"}],"about":[{"href":"https:\/\/www.tv2000.it\/retroscena\/wp-json\/wp\/v2\/types\/post"}],"author":[{"embeddable":true,"href":"https:\/\/www.tv2000.it\/retroscena\/wp-json\/wp\/v2\/users\/32"}],"replies":[{"embeddable":true,"href":"https:\/\/www.tv2000.it\/retroscena\/wp-json\/wp\/v2\/comments?post=1287"}],"version-history":[{"count":3,"href":"https:\/\/www.tv2000.it\/retroscena\/wp-json\/wp\/v2\/posts\/1287\/revisions"}],"predecessor-version":[{"id":1295,"href":"https:\/\/www.tv2000.it\/retroscena\/wp-json\/wp\/v2\/posts\/1287\/revisions\/1295"}],"wp:featuredmedia":[{"embeddable":true,"href":"https:\/\/www.tv2000.it\/retroscena\/wp-json\/wp\/v2\/media\/1276"}],"wp:attachment":[{"href":"https:\/\/www.tv2000.it\/retroscena\/wp-json\/wp\/v2\/media?parent=1287"}],"wp:term":[{"taxonomy":"category","embeddable":true,"href":"https:\/\/www.tv2000.it\/retroscena\/wp-json\/wp\/v2\/categories?post=1287"},{"taxonomy":"post_tag","embeddable":true,"href":"https:\/\/www.tv2000.it\/retroscena\/wp-json\/wp\/v2\/tags?post=1287"}],"curies":[{"name":"wp","href":"https:\/\/api.w.org\/{rel}","templated":true}]}}