{"id":1373,"date":"2016-11-10T11:42:50","date_gmt":"2016-11-10T10:42:50","guid":{"rendered":"http:\/\/www.tv2000.it\/retroscena\/?p=1373"},"modified":"2016-11-10T12:11:24","modified_gmt":"2016-11-10T11:11:24","slug":"il-festival-volterra-teatro-a-retroscena-il-15-e-16-novembre","status":"publish","type":"post","link":"https:\/\/www.tv2000.it\/retroscena\/2016\/11\/10\/il-festival-volterra-teatro-a-retroscena-il-15-e-16-novembre\/","title":{"rendered":"Il Festival Volterra Teatro a Retroscena il 15 e 16 novembre"},"content":{"rendered":"<p><a href=\"http:\/\/www.tv2000.it\/retroscena\/wp-content\/uploads\/sites\/14\/2016\/11\/volterrasito.jpg\"><img decoding=\"async\" class=\"aligncenter size-full wp-image-1374\" src=\"http:\/\/www.tv2000.it\/retroscena\/wp-content\/uploads\/sites\/14\/2016\/11\/volterrasito.jpg\" alt=\"festival volterra \" width=\"640\" height=\"423\" srcset=\"https:\/\/www.tv2000.it\/retroscena\/wp-content\/uploads\/sites\/14\/2016\/11\/volterrasito.jpg 640w, https:\/\/www.tv2000.it\/retroscena\/wp-content\/uploads\/sites\/14\/2016\/11\/volterrasito-300x198.jpg 300w, https:\/\/www.tv2000.it\/retroscena\/wp-content\/uploads\/sites\/14\/2016\/11\/volterrasito-41x27.jpg 41w, https:\/\/www.tv2000.it\/retroscena\/wp-content\/uploads\/sites\/14\/2016\/11\/volterrasito-280x185.jpg 280w\" sizes=\"(max-width: 640px) 100vw, 640px\" \/><\/a><\/p>\n<p><strong>Armando Punzo<\/strong>, il regista della <strong>Compagnia del carcere della Fortezza<\/strong>, <strong>Massimiliano Civica<\/strong> e il <strong>Teatro delle Ariette<\/strong> sono i protagonisti della sesta puntata di <strong><em>Retroscena: i segreti del teatro<\/em><\/strong>, il programma di <strong>Michele Sciancalepore<\/strong>, che vi porter\u00e0 in Toscana in occasione del <strong>Festival Volterra Teatro<\/strong>. Una rassegna, giunta alla trentesima edizione, che vede una comunit\u00e0 stringersi insieme per formare una \u201cCitt\u00e0 Ideale\u201d, un modello di civilt\u00e0 possibile perch\u00e9 pensabile. Un festival che crede, come dichiarato dal suo direttore artistico <strong>Armando Punzo<\/strong>, alle \u2018potenzialit\u00e0 trasformatrici dell\u2019uomo\u2019. Un festival che al centro della sua \u201cCitt\u00e0 Ideale\u201d pone il teatro, inteso come luogo dell\u2019anima, spazio da coltivare e da far crescere come stimolo per trasformare la realt\u00e0. Un\u2019utopia che mira a costruire non ci\u00f2 che non potr\u00e0 mai esistere bens\u00ec ci\u00f2 che non esiste ancora. E chi meglio di <strong>Armando Punzo<\/strong> pu\u00f2 sprigionare il senso della \u2018<em>possibilit\u00e0 dell\u2019impossibile<\/em>\u2019, lui che attraverso un\u2019esperienza <em>sui generis<\/em> di autoreclusione da 30 anni ha cambiato la fisionomia di un carcere di massima sicurezza come quello di Volterra, fondando la <strong>Compagnia della Fortezza<\/strong> e dimostrando come sia possibile creare libert\u00e0 e verit\u00e0 attraverso il teatro in Carcere?<\/p>\n<p>Attraverso un ricco reportage curato da <strong>Michele Sciancalepore <\/strong>le telecamere di \u201c<strong>Retroscena<\/strong>\u201d vi daranno testimonianza degli spettacoli, delle creazioni collettive, dei concerti e degli happening che hanno caratterizzato il <strong>Festival Volterra Teatro 2016<\/strong>, insieme all\u2019immancabile spettacolo della <strong>Compagnia della Fortezza<\/strong> di Volterra, il gruppo di attori-detenuti pi\u00f9 noti sulla scena internazionale che all\u2019interno del Carcere di Volterra hanno presentato il loro ultimo lavoro: \u201c<em>Dopo la tempesta. L\u2019opera segreta di Shakespeare<\/em>\u201d per la regia e la drammaturgia dello stesso Punzo.<\/p>\n<p>In conclusione, oltre alla consueta creazione artistica della \u2018sand artist\u2019 <strong>Gabriella Compagnone<\/strong>, l\u2019ormai immancabile appuntamento con la nuova rubrica &#8220;<strong><em>CheTeatroFa<\/em><\/strong>&#8220;: una mappa degli appuntamenti e delle \u201ctemperature\u201d teatrali pi\u00f9 significative della nostra penisola in stile meteo.<\/p>\n<p>&nbsp;<\/p>\n<p>&nbsp;<\/p>\n<p><strong>Retroscena \u2013 i segreti del teatro, viaggi nelle {cre}azioni. Un programma di Michele Sciancalepore, in onda il marted\u00ec in seconda serata dopo il film e in replica il mercoled\u00ec dopo il Rosario della notte\u00a0 su TV2000, canale 140 SKY, canale 28 digitale terrestre, canale 18 di tiv\u00f9sat.<\/strong><\/p>\n","protected":false},"excerpt":{"rendered":"Armando Punzo, il regista della Compagnia del carcere della Fortezza, Massimiliano Civica e il Teatro delle Ariette sono i protagonisti della sesta puntata di Retroscena: i segreti del teatro, il programma di Michele Sciancalepore, che vi porter\u00e0 in Toscana in occasione del Festival Volterra Teatro. Una rassegna, giunta alla trentesima edizione, che vede una comunit\u00e0 [&hellip;]","protected":false},"author":9,"featured_media":1374,"comment_status":"open","ping_status":"open","sticky":false,"template":"","format":"standard","meta":{"_acf_changed":false,"footnotes":""},"categories":[6],"tags":[79],"class_list":["post-1373","post","type-post","status-publish","format-standard","has-post-thumbnail","hentry","category-prossimamente","tag-armando-punzo"],"acf":[],"aioseo_notices":[],"featured_image_url":"https:\/\/www.tv2000.it\/retroscena\/wp-content\/uploads\/sites\/14\/2016\/11\/volterrasito.jpg","_links":{"self":[{"href":"https:\/\/www.tv2000.it\/retroscena\/wp-json\/wp\/v2\/posts\/1373","targetHints":{"allow":["GET"]}}],"collection":[{"href":"https:\/\/www.tv2000.it\/retroscena\/wp-json\/wp\/v2\/posts"}],"about":[{"href":"https:\/\/www.tv2000.it\/retroscena\/wp-json\/wp\/v2\/types\/post"}],"author":[{"embeddable":true,"href":"https:\/\/www.tv2000.it\/retroscena\/wp-json\/wp\/v2\/users\/9"}],"replies":[{"embeddable":true,"href":"https:\/\/www.tv2000.it\/retroscena\/wp-json\/wp\/v2\/comments?post=1373"}],"version-history":[{"count":3,"href":"https:\/\/www.tv2000.it\/retroscena\/wp-json\/wp\/v2\/posts\/1373\/revisions"}],"predecessor-version":[{"id":1378,"href":"https:\/\/www.tv2000.it\/retroscena\/wp-json\/wp\/v2\/posts\/1373\/revisions\/1378"}],"wp:featuredmedia":[{"embeddable":true,"href":"https:\/\/www.tv2000.it\/retroscena\/wp-json\/wp\/v2\/media\/1374"}],"wp:attachment":[{"href":"https:\/\/www.tv2000.it\/retroscena\/wp-json\/wp\/v2\/media?parent=1373"}],"wp:term":[{"taxonomy":"category","embeddable":true,"href":"https:\/\/www.tv2000.it\/retroscena\/wp-json\/wp\/v2\/categories?post=1373"},{"taxonomy":"post_tag","embeddable":true,"href":"https:\/\/www.tv2000.it\/retroscena\/wp-json\/wp\/v2\/tags?post=1373"}],"curies":[{"name":"wp","href":"https:\/\/api.w.org\/{rel}","templated":true}]}}