{"id":1395,"date":"2016-11-23T18:47:24","date_gmt":"2016-11-23T17:47:24","guid":{"rendered":"http:\/\/www.tv2000.it\/retroscena\/?p=1395"},"modified":"2016-11-29T13:08:51","modified_gmt":"2016-11-29T12:08:51","slug":"gabriele-lavia-a-retroscena-il-29-e-30-novembre","status":"publish","type":"post","link":"https:\/\/www.tv2000.it\/retroscena\/2016\/11\/23\/gabriele-lavia-a-retroscena-il-29-e-30-novembre\/","title":{"rendered":"Gabriele Lavia a Retroscena il 29 e 30 novembre"},"content":{"rendered":"<p><a href=\"http:\/\/www.tv2000.it\/retroscena\/wp-content\/uploads\/sites\/14\/2016\/11\/Uomo-dal-fiore-in-bocca-Gabriele-Lavia-2-ph-Le-Pera.jpg\"><img decoding=\"async\" class=\"aligncenter size-large wp-image-1396\" src=\"http:\/\/www.tv2000.it\/retroscena\/wp-content\/uploads\/sites\/14\/2016\/11\/Uomo-dal-fiore-in-bocca-Gabriele-Lavia-2-ph-Le-Pera-1024x682.jpg\" alt=\"Lavia\" width=\"640\" height=\"426\" srcset=\"https:\/\/www.tv2000.it\/retroscena\/wp-content\/uploads\/sites\/14\/2016\/11\/Uomo-dal-fiore-in-bocca-Gabriele-Lavia-2-ph-Le-Pera-1024x682.jpg 1024w, https:\/\/www.tv2000.it\/retroscena\/wp-content\/uploads\/sites\/14\/2016\/11\/Uomo-dal-fiore-in-bocca-Gabriele-Lavia-2-ph-Le-Pera-300x200.jpg 300w, https:\/\/www.tv2000.it\/retroscena\/wp-content\/uploads\/sites\/14\/2016\/11\/Uomo-dal-fiore-in-bocca-Gabriele-Lavia-2-ph-Le-Pera-768x511.jpg 768w, https:\/\/www.tv2000.it\/retroscena\/wp-content\/uploads\/sites\/14\/2016\/11\/Uomo-dal-fiore-in-bocca-Gabriele-Lavia-2-ph-Le-Pera-41x27.jpg 41w, https:\/\/www.tv2000.it\/retroscena\/wp-content\/uploads\/sites\/14\/2016\/11\/Uomo-dal-fiore-in-bocca-Gabriele-Lavia-2-ph-Le-Pera-280x186.jpg 280w, https:\/\/www.tv2000.it\/retroscena\/wp-content\/uploads\/sites\/14\/2016\/11\/Uomo-dal-fiore-in-bocca-Gabriele-Lavia-2-ph-Le-Pera-650x433.jpg 650w, https:\/\/www.tv2000.it\/retroscena\/wp-content\/uploads\/sites\/14\/2016\/11\/Uomo-dal-fiore-in-bocca-Gabriele-Lavia-2-ph-Le-Pera.jpg 1200w\" sizes=\"(max-width: 640px) 100vw, 640px\" \/><\/a><\/p>\n<p><strong>Gabriele Lavia<\/strong> torna a <strong><em>Retroscena<\/em><\/strong>! Puntata speciale dedicata al maestro del teatro italiano in occasione del suo ultimo allestimento pirandelliano: <strong><em>L\u2019Uomo dal Fiore in Bocca<\/em><\/strong>. Michele Sciancalepore ha incontrato per la decima volta in 10 anni il grande attore e regista, lo ha seguito durante il processo creativo, si \u00e8 confrontato con lui su temi esistenziali e ineludibili che hanno investito e pervaso l\u2019animo del 75enne artista. Ne \u00e8 scaturito cos\u00ec un affascinante e caleidoscopico reportage che \u00e8 un tuffo vertiginoso nella mente di Lavia e in quella del personaggio da lui interpretato, un uomo che assapora ogni istante bello e struggente della sua vita che ha i giorni contati e della cui imminente fine \u00e8 pienamente consapevole. Un uomo che, per dirla con le parole di Leonardo da Vinci, \u201cquando creder\u00e0 di imparare a vivere, imparer\u00e0 a morire\u201d!<\/p>\n<div class=\"fluid-embed-container\"><iframe title=\"Gabriele Lavia a Retroscena il 29 e 30 novembre su Tv2000\" width=\"640\" height=\"360\" src=\"https:\/\/www.youtube.com\/embed\/RYQuKel-khA?feature=oembed\" frameborder=\"0\" allow=\"accelerometer; autoplay; clipboard-write; encrypted-media; gyroscope; picture-in-picture; web-share\" referrerpolicy=\"strict-origin-when-cross-origin\" allowfullscreen><\/iframe><\/div>\n<p>Passione, morte, amore per la donna, volutt\u00e0 di vita, mistero dell\u2019arte teatrale\u2026 per ognuno di questi argomenti ci saranno svelamenti inediti che <strong>Gabriele Lavia<\/strong> regala alle telecamere di <strong><em>Retroscena<\/em><\/strong>.<\/p>\n<p>Chiuder\u00e0 la puntata speciale la consueta creazione artistica della \u2018sand artist\u2019 <strong>Gabriella Compagnone<\/strong>, e l\u2019ormai atteso e immancabile appuntamento con la rubrica &#8220;<strong><em>CheTeatroFa<\/em><\/strong>&#8220;: una mappa degli eventi e delle \u201ctemperature\u201d teatrali pi\u00f9 significative della nostra penisola in stile meteo.<\/p>\n<p><strong>Retroscena \u2013 i segreti del teatro, viaggi nelle {cre}azioni. Un programma di Michele Sciancalepore, in onda il marted\u00ec in seconda serata dopo il film e in replica il mercoled\u00ec dopo il Rosario della notte\u00a0 su TV2000, canale 140 SKY, canale 28 digitale terrestre, canale 18 di tiv\u00f9sat.<\/strong><\/p>\n","protected":false},"excerpt":{"rendered":"Gabriele Lavia torna a Retroscena! Puntata speciale dedicata al maestro del teatro italiano in occasione del suo ultimo allestimento pirandelliano: L\u2019Uomo dal Fiore in Bocca. Michele Sciancalepore ha incontrato per la decima volta in 10 anni il grande attore e regista, lo ha seguito durante il processo creativo, si \u00e8 confrontato con lui su temi [&hellip;]","protected":false},"author":9,"featured_media":1396,"comment_status":"open","ping_status":"open","sticky":false,"template":"","format":"standard","meta":{"_acf_changed":false,"footnotes":""},"categories":[6],"tags":[45],"class_list":["post-1395","post","type-post","status-publish","format-standard","has-post-thumbnail","hentry","category-prossimamente","tag-gabriele-lavia"],"acf":[],"aioseo_notices":[],"featured_image_url":"https:\/\/www.tv2000.it\/retroscena\/wp-content\/uploads\/sites\/14\/2016\/11\/Uomo-dal-fiore-in-bocca-Gabriele-Lavia-2-ph-Le-Pera-1024x682.jpg","_links":{"self":[{"href":"https:\/\/www.tv2000.it\/retroscena\/wp-json\/wp\/v2\/posts\/1395","targetHints":{"allow":["GET"]}}],"collection":[{"href":"https:\/\/www.tv2000.it\/retroscena\/wp-json\/wp\/v2\/posts"}],"about":[{"href":"https:\/\/www.tv2000.it\/retroscena\/wp-json\/wp\/v2\/types\/post"}],"author":[{"embeddable":true,"href":"https:\/\/www.tv2000.it\/retroscena\/wp-json\/wp\/v2\/users\/9"}],"replies":[{"embeddable":true,"href":"https:\/\/www.tv2000.it\/retroscena\/wp-json\/wp\/v2\/comments?post=1395"}],"version-history":[{"count":2,"href":"https:\/\/www.tv2000.it\/retroscena\/wp-json\/wp\/v2\/posts\/1395\/revisions"}],"predecessor-version":[{"id":1412,"href":"https:\/\/www.tv2000.it\/retroscena\/wp-json\/wp\/v2\/posts\/1395\/revisions\/1412"}],"wp:featuredmedia":[{"embeddable":true,"href":"https:\/\/www.tv2000.it\/retroscena\/wp-json\/wp\/v2\/media\/1396"}],"wp:attachment":[{"href":"https:\/\/www.tv2000.it\/retroscena\/wp-json\/wp\/v2\/media?parent=1395"}],"wp:term":[{"taxonomy":"category","embeddable":true,"href":"https:\/\/www.tv2000.it\/retroscena\/wp-json\/wp\/v2\/categories?post=1395"},{"taxonomy":"post_tag","embeddable":true,"href":"https:\/\/www.tv2000.it\/retroscena\/wp-json\/wp\/v2\/tags?post=1395"}],"curies":[{"name":"wp","href":"https:\/\/api.w.org\/{rel}","templated":true}]}}