{"id":1425,"date":"2016-12-08T15:07:44","date_gmt":"2016-12-08T14:07:44","guid":{"rendered":"http:\/\/www.tv2000.it\/retroscena\/?p=1425"},"modified":"2016-12-08T15:07:44","modified_gmt":"2016-12-08T14:07:44","slug":"michele-placido-e-fabrizio-bentivoglio-a-retroscena-il-13-e-14-dicembre-in-seconda-serata","status":"publish","type":"post","link":"https:\/\/www.tv2000.it\/retroscena\/2016\/12\/08\/michele-placido-e-fabrizio-bentivoglio-a-retroscena-il-13-e-14-dicembre-in-seconda-serata\/","title":{"rendered":"Michele Placido e Fabrizio Bentivoglio a Retroscena il 13 e 14 dicembre in seconda serata"},"content":{"rendered":"<p><strong>Michele Placido <\/strong>e <strong>Fabrizio Bentivoglio <\/strong>a <strong><em>Retroscena<\/em><\/strong>! I due grandi e carismatici artisti della scena italiana protagonisti della decima puntata del programma di <strong>Michele Sciancalepore<\/strong>. Michele Placido, regista dell\u2019ultimo spettacolo di <strong>Stefano Massini<\/strong>, <strong><em>L\u2019ora di ricevimento<\/em><\/strong>, in un\u2019esclusiva, intensa e intima intervista svela alle telecamere di Retroscena tutti i segreti di una messinscena che lo ha intrigato artisticamente e personalmente e che vede Fabrizio Bentivoglio nei panni di un professore esperto, bravo ma disilluso che non \u00e8 pi\u00f9 in grado di entrare in empatia coi suoi studenti i quali a loro volta non sono pi\u00f9 in grado di apprezzare la bellezza. Il tutto si svolge all\u2019interno di una scuola di periferia in cui non mancano conflitti e tensioni esplosive.<\/p>\n<div class=\"fluid-embed-container\"><iframe title=\"Michele Placido e Fabrizio Bentivoglio a Retroscena il 13 e 14 dicembre su TV2000\" width=\"640\" height=\"360\" src=\"https:\/\/www.youtube.com\/embed\/poBSHQplYrw?feature=oembed\" frameborder=\"0\" allow=\"accelerometer; autoplay; clipboard-write; encrypted-media; gyroscope; picture-in-picture; web-share\" referrerpolicy=\"strict-origin-when-cross-origin\" allowfullscreen><\/iframe><\/div>\n<p>Nella seconda parte della puntata le telecamere di <strong><em>Retroscena<\/em><\/strong> sono entrate in un <em>container<\/em> per testimoniare il dramma e il racconto di un allucinante viaggio di un gruppo di migranti!<\/p>\n<p>Insomma emozioni forti e illuminanti agnizioni non mancheranno con \u201cl\u2019antidoto ai mezzi di distrazione di massa\u201d, con Retroscena!<\/p>\n<p>In chiusura la consueta esclusiva creazione artistica della <em>sand artist<\/em> <strong>Gabriella Compagnone<\/strong>, e l\u2019ormai immancabile appuntamento con la rubrica &#8220;<strong><em>CheTeatroFa<\/em><\/strong>&#8220;: una mappa degli eventi e delle \u201ctemperature\u201d teatrali pi\u00f9 significative della nostra penisola in stile meteo.<\/p>\n<p>&nbsp;<\/p>\n<p><strong>Retroscena \u2013 i segreti del teatro, viaggi nelle {cre}azioni. Un programma di Michele Sciancalepore, in onda il marted\u00ec in seconda serata dopo il film e in replica il mercoled\u00ec dopo il Rosario della notte\u00a0 su TV2000, canale 140 SKY, canale 28 digitale terrestre, canale 18 di tiv\u00f9sat.<\/strong><\/p>\n","protected":false},"excerpt":{"rendered":"Michele Placido e Fabrizio Bentivoglio a Retroscena! I due grandi e carismatici artisti della scena italiana protagonisti della decima puntata del programma di Michele Sciancalepore. Michele Placido, regista dell\u2019ultimo spettacolo di Stefano Massini, L\u2019ora di ricevimento, in un\u2019esclusiva, intensa e intima intervista svela alle telecamere di Retroscena tutti i segreti di una messinscena che lo [&hellip;]","protected":false},"author":9,"featured_media":1426,"comment_status":"open","ping_status":"open","sticky":false,"template":"","format":"standard","meta":{"_acf_changed":false,"footnotes":""},"categories":[6],"tags":[255,254,155],"class_list":["post-1425","post","type-post","status-publish","format-standard","has-post-thumbnail","hentry","category-prossimamente","tag-fabrizio-bentivoglio","tag-michele-placido","tag-stefano-massini"],"acf":[],"aioseo_notices":[],"featured_image_url":"https:\/\/www.tv2000.it\/retroscena\/wp-content\/uploads\/sites\/14\/2016\/12\/ora_ricevimento-1024x576.jpg","_links":{"self":[{"href":"https:\/\/www.tv2000.it\/retroscena\/wp-json\/wp\/v2\/posts\/1425","targetHints":{"allow":["GET"]}}],"collection":[{"href":"https:\/\/www.tv2000.it\/retroscena\/wp-json\/wp\/v2\/posts"}],"about":[{"href":"https:\/\/www.tv2000.it\/retroscena\/wp-json\/wp\/v2\/types\/post"}],"author":[{"embeddable":true,"href":"https:\/\/www.tv2000.it\/retroscena\/wp-json\/wp\/v2\/users\/9"}],"replies":[{"embeddable":true,"href":"https:\/\/www.tv2000.it\/retroscena\/wp-json\/wp\/v2\/comments?post=1425"}],"version-history":[{"count":1,"href":"https:\/\/www.tv2000.it\/retroscena\/wp-json\/wp\/v2\/posts\/1425\/revisions"}],"predecessor-version":[{"id":1427,"href":"https:\/\/www.tv2000.it\/retroscena\/wp-json\/wp\/v2\/posts\/1425\/revisions\/1427"}],"wp:featuredmedia":[{"embeddable":true,"href":"https:\/\/www.tv2000.it\/retroscena\/wp-json\/wp\/v2\/media\/1426"}],"wp:attachment":[{"href":"https:\/\/www.tv2000.it\/retroscena\/wp-json\/wp\/v2\/media?parent=1425"}],"wp:term":[{"taxonomy":"category","embeddable":true,"href":"https:\/\/www.tv2000.it\/retroscena\/wp-json\/wp\/v2\/categories?post=1425"},{"taxonomy":"post_tag","embeddable":true,"href":"https:\/\/www.tv2000.it\/retroscena\/wp-json\/wp\/v2\/tags?post=1425"}],"curies":[{"name":"wp","href":"https:\/\/api.w.org\/{rel}","templated":true}]}}