{"id":1432,"date":"2016-12-15T14:04:01","date_gmt":"2016-12-15T13:04:01","guid":{"rendered":"http:\/\/www.tv2000.it\/retroscena\/?p=1432"},"modified":"2016-12-15T14:04:01","modified_gmt":"2016-12-15T13:04:01","slug":"antonella-ferrari-sul-palco-una-donna-piu-forte-di-tutto","status":"publish","type":"post","link":"https:\/\/www.tv2000.it\/retroscena\/2016\/12\/15\/antonella-ferrari-sul-palco-una-donna-piu-forte-di-tutto\/","title":{"rendered":"Antonella Ferrari, sul palco una donna pi\u00f9 forte di tutto"},"content":{"rendered":"<p><a href=\"http:\/\/www.tv2000.it\/retroscena\/wp-content\/uploads\/sites\/14\/2016\/12\/Piu-forte-del-destino-di-e-con-Antonella-Ferrari_ph.-Davide-Zanesi-teatro-pax.jpg\"><img decoding=\"async\" class=\"alignnone size-full wp-image-1433\" src=\"http:\/\/www.tv2000.it\/retroscena\/wp-content\/uploads\/sites\/14\/2016\/12\/Piu-forte-del-destino-di-e-con-Antonella-Ferrari_ph.-Davide-Zanesi-teatro-pax.jpg\" alt=\"piu-forte-del-destino-di-e-con-antonella-ferrari_ph-davide-zanesi-teatro-pax\" width=\"860\" height=\"574\" srcset=\"https:\/\/www.tv2000.it\/retroscena\/wp-content\/uploads\/sites\/14\/2016\/12\/Piu-forte-del-destino-di-e-con-Antonella-Ferrari_ph.-Davide-Zanesi-teatro-pax.jpg 860w, https:\/\/www.tv2000.it\/retroscena\/wp-content\/uploads\/sites\/14\/2016\/12\/Piu-forte-del-destino-di-e-con-Antonella-Ferrari_ph.-Davide-Zanesi-teatro-pax-300x200.jpg 300w, https:\/\/www.tv2000.it\/retroscena\/wp-content\/uploads\/sites\/14\/2016\/12\/Piu-forte-del-destino-di-e-con-Antonella-Ferrari_ph.-Davide-Zanesi-teatro-pax-768x513.jpg 768w, https:\/\/www.tv2000.it\/retroscena\/wp-content\/uploads\/sites\/14\/2016\/12\/Piu-forte-del-destino-di-e-con-Antonella-Ferrari_ph.-Davide-Zanesi-teatro-pax-40x27.jpg 40w, https:\/\/www.tv2000.it\/retroscena\/wp-content\/uploads\/sites\/14\/2016\/12\/Piu-forte-del-destino-di-e-con-Antonella-Ferrari_ph.-Davide-Zanesi-teatro-pax-280x187.jpg 280w, https:\/\/www.tv2000.it\/retroscena\/wp-content\/uploads\/sites\/14\/2016\/12\/Piu-forte-del-destino-di-e-con-Antonella-Ferrari_ph.-Davide-Zanesi-teatro-pax-650x434.jpg 650w\" sizes=\"(max-width: 860px) 100vw, 860px\" \/><\/a><\/p>\n<p>\u00abGiudicatemi non come attrice disabile ma come attrice tout court\u00bb. Questa l&#8217;esplicita richiesta di Antonella Ferrari da due anni in tourn\u00e9e con <em>Pi\u00f9 forte del destino &#8211; tra camici e paillette la mia lotta alla sclerosi multipla<\/em>, adattamento teatrale del suo successo editoriale omonimo. Dopo averla vista recitare sul palco per ottanta minuti, dopo averla vista ballare con o senza le sue stampelle leggiadramente variopinte, perch\u00e9 la danza non \u00e8 solo acrobazie ma pu\u00f2 essere estremamente comunicativa anche solo con passi accennati e armoniche mimiche, potremmo concludere che Antonella Ferrari \u00e8 un&#8217;attrice dotata di perfetti tempi comici, di rilevante presenza scenica e in grado di passare con agilit\u00e0 dal registro brillante a quello drammatico senza soluzione di continuit\u00e0. Esaudita cos\u00ec, sia pur in poche righe, l&#8217;istanza della signora Ferrari.<br \/>\nMa come si fa a limitarsi a una scarna e arida analisi critica quando ci si trova di fronte a una rara e preziosa fusione di arte e vita? Come ci si pu\u00f2 ridurre a fornire poche indicazioni tecniche quando si assiste a un distillato di verit\u00e0 ad altissima gradazione emotiva? Non si pu\u00f2, non si fa. E allora non possiamo ignorare che nel monologo di Antonella Ferrari non c&#8217;\u00e8 una sola parola che sia casuale e che, come recita l&#8217;annuncio prima dello spettacolo, ogni riferimento a fatti e persone \u00e8 assolutamente voluto e veritiero. Non possiamo non restare incantati dalla forza e dall&#8217;energia vitale e spirituale di un&#8217;artista che, per dirla con le parole di Goethe, \u00abha imparato dalla malattia molto di ci\u00f2 che la vita non sarebbe stata in grado di insegnarle in nessun altro modo\u00bb, una donna che ha sempre ribaltato l&#8217;auto-commiserevole \u00abahim\u00e8\u00bb in un esemplare, generoso e positivo \u00abhai me!\u00bb. Non possiamo non ammirare, inoltre, il coraggio dell&#8217;attrice milanese, ambasciatrice dell&#8217;Aism (Associazione italiana sclerosi multipla), che non ha alcuna remora ad esternare il suo calvario di paziente alle prese con una malattia per troppi anni definita \u00abndd\u00bb, ovvero di \u00abnatura da determinare\u00bb, una via crucis di analisi ed esami dolorosi (tac, pet, elettromiografia, rachicentesi), ricoveri inutili, sintomi inquietanti (cistite emorragica, denervazione e rigidit\u00e0 muscolare, diplopia, scosse alla schiena, contrazioni, tremolio) per poi sentirsi dire\u2026 \u00ablei \u00e8 stressata\u00bb. Non possiamo non apprezzare, infine, l&#8217;audacia e l&#8217;arguzia di un&#8217;artista che svela aspetti poco noti sul suo \u00abnemico\u00bb, la sclerosi multipla, appunto, che spesso \u00e8 subdolamente latente e silente, e che riesce a debellare con ironia stereotipi e luoghi comuni sulla disabi-lit\u00e0: &#8216;chi l&#8217;ha detto &#8211; afferma con gioiosa schiettezza Antonella Ferrari &#8211; che il disabile debba essere sciatto, triste, introverso e arrabbiato e non possa essere invece sorridente, elegante e seducente?&#8217;. E ancora sorprendente franchezza quando confessa i segreti del suo successo non solo professionale ma personale nella lotta alla sclerosi: la famiglia, l&#8217;amore del marito e la sua fede cattolica che le ha sempre fatto avvertire il sostegno paterno di Dio e che le ha insegnato a ribaltare la preghiera egoistica in un &#8216;sia fatta la Tua volont\u00e0&#8217;.<br \/>\nRibaltamento che non \u00e8 rassegnazione ma conoscenza di un amore autentico come quello che traspare nel finale dello spettacolo con la struggente dedica che l&#8217;attrice rivolge al pap\u00e0 scomparso. Lacrime e applausi. Eccoti accontentata, signora Ferrari, con una critica in cui, per\u00f2, la mente ha cercato le parole, ma il cuore ha trovato la chiave di lettura.<\/p>\n<p style=\"text-align: right;\"><em>di Michele Sciancalepore, fonte Avvenire<\/em><\/p>\n<p>&nbsp;<\/p>\n","protected":false},"excerpt":{"rendered":"\u00abGiudicatemi non come attrice disabile ma come attrice tout court\u00bb. Questa l&#8217;esplicita richiesta di Antonella Ferrari da due anni in tourn\u00e9e con Pi\u00f9 forte del destino &#8211; tra camici e paillette la mia lotta alla sclerosi multipla, adattamento teatrale del suo successo editoriale omonimo. Dopo averla vista recitare sul palco per ottanta minuti, dopo averla [&hellip;]","protected":false},"author":32,"featured_media":1434,"comment_status":"open","ping_status":"open","sticky":false,"template":"","format":"standard","meta":{"_acf_changed":false,"footnotes":""},"categories":[90],"tags":[280,260,257,282,281],"class_list":["post-1432","post","type-post","status-publish","format-standard","has-post-thumbnail","hentry","category-le-nostre-recensioni","tag-antonella-ferrari","tag-avvenire","tag-michele-sciancalepore","tag-piu-forte-del-destino","tag-sclerosi-multipla"],"acf":[],"aioseo_notices":[],"featured_image_url":"https:\/\/www.tv2000.it\/retroscena\/wp-content\/uploads\/sites\/14\/2016\/12\/antonella-ferrari2-1024x682.jpg","_links":{"self":[{"href":"https:\/\/www.tv2000.it\/retroscena\/wp-json\/wp\/v2\/posts\/1432","targetHints":{"allow":["GET"]}}],"collection":[{"href":"https:\/\/www.tv2000.it\/retroscena\/wp-json\/wp\/v2\/posts"}],"about":[{"href":"https:\/\/www.tv2000.it\/retroscena\/wp-json\/wp\/v2\/types\/post"}],"author":[{"embeddable":true,"href":"https:\/\/www.tv2000.it\/retroscena\/wp-json\/wp\/v2\/users\/32"}],"replies":[{"embeddable":true,"href":"https:\/\/www.tv2000.it\/retroscena\/wp-json\/wp\/v2\/comments?post=1432"}],"version-history":[{"count":2,"href":"https:\/\/www.tv2000.it\/retroscena\/wp-json\/wp\/v2\/posts\/1432\/revisions"}],"predecessor-version":[{"id":1436,"href":"https:\/\/www.tv2000.it\/retroscena\/wp-json\/wp\/v2\/posts\/1432\/revisions\/1436"}],"wp:featuredmedia":[{"embeddable":true,"href":"https:\/\/www.tv2000.it\/retroscena\/wp-json\/wp\/v2\/media\/1434"}],"wp:attachment":[{"href":"https:\/\/www.tv2000.it\/retroscena\/wp-json\/wp\/v2\/media?parent=1432"}],"wp:term":[{"taxonomy":"category","embeddable":true,"href":"https:\/\/www.tv2000.it\/retroscena\/wp-json\/wp\/v2\/categories?post=1432"},{"taxonomy":"post_tag","embeddable":true,"href":"https:\/\/www.tv2000.it\/retroscena\/wp-json\/wp\/v2\/tags?post=1432"}],"curies":[{"name":"wp","href":"https:\/\/api.w.org\/{rel}","templated":true}]}}