{"id":1859,"date":"2017-12-07T13:48:05","date_gmt":"2017-12-07T12:48:05","guid":{"rendered":"http:\/\/www.tv2000.it\/retroscena\/?p=1859"},"modified":"2017-12-07T17:41:30","modified_gmt":"2017-12-07T16:41:30","slug":"il-teatro-sullacqua-a-retroscena-il-12-e-13-dicembre-su-tv2000","status":"publish","type":"post","link":"https:\/\/www.tv2000.it\/retroscena\/2017\/12\/07\/il-teatro-sullacqua-a-retroscena-il-12-e-13-dicembre-su-tv2000\/","title":{"rendered":"&#8220;Il Teatro sull&#8217;acqua&#8221; a Retroscena, il 12 e 13 dicembre su Tv2000"},"content":{"rendered":"<p><img decoding=\"async\" class=\" wp-image-1861 alignright\" src=\"https:\/\/www.tv2000.it\/retroscena\/wp-content\/uploads\/sites\/14\/2017\/12\/TEATRO-SULLACQUA.jpg\" alt=\"\" width=\"367\" height=\"198\" srcset=\"https:\/\/www.tv2000.it\/retroscena\/wp-content\/uploads\/sites\/14\/2017\/12\/TEATRO-SULLACQUA.jpg 1100w, https:\/\/www.tv2000.it\/retroscena\/wp-content\/uploads\/sites\/14\/2017\/12\/TEATRO-SULLACQUA-300x162.jpg 300w, https:\/\/www.tv2000.it\/retroscena\/wp-content\/uploads\/sites\/14\/2017\/12\/TEATRO-SULLACQUA-768x414.jpg 768w, https:\/\/www.tv2000.it\/retroscena\/wp-content\/uploads\/sites\/14\/2017\/12\/TEATRO-SULLACQUA-1024x552.jpg 1024w, https:\/\/www.tv2000.it\/retroscena\/wp-content\/uploads\/sites\/14\/2017\/12\/TEATRO-SULLACQUA-50x27.jpg 50w, https:\/\/www.tv2000.it\/retroscena\/wp-content\/uploads\/sites\/14\/2017\/12\/TEATRO-SULLACQUA-280x151.jpg 280w, https:\/\/www.tv2000.it\/retroscena\/wp-content\/uploads\/sites\/14\/2017\/12\/TEATRO-SULLACQUA-650x350.jpg 650w\" sizes=\"(max-width: 367px) 100vw, 367px\" \/>Un appassionante viaggio sull\u2019acqua e nel cielo nella 9\u00aa puntata di <strong><em>Retroscena \u2013 I segreti del Teatro<\/em><\/strong> assieme a <strong>Dacia Maraini<\/strong> e a <strong>Giancarlo Cauteruccio<\/strong>. Dopo il mare, il deserto e la montagna il programma di <strong>Michele Sciancalepore<\/strong> in questo nuovo appuntamento arriva a sfiorare delicatamente le placide sponde del lago Maggiore per poi planare sempre pi\u00f9 in alto verso il cielo mostrando ancora una volta come l\u2019impossibile diventi possibile e l\u2019utopia realt\u00e0.<\/p>\n<div class=\"fluid-embed-container\"><iframe title=\"Retroscena, Marted\u00ec 12 e Mercoled\u00ec 13 dicembre, in seconda serata, su Tv2000\" width=\"640\" height=\"360\" src=\"https:\/\/www.youtube.com\/embed\/iJwOVMIoieo?feature=oembed\" frameborder=\"0\" allow=\"accelerometer; autoplay; clipboard-write; encrypted-media; gyroscope; picture-in-picture; web-share\" referrerpolicy=\"strict-origin-when-cross-origin\" allowfullscreen><\/iframe><\/div>\n<p>L\u2019occhio penetrante di <strong><em>Retroscena<\/em><\/strong> ha infatti raggiunto <strong>Dacia Maraini<\/strong> nella citt\u00e0 di Arona dove la scrittrice ha vestito i panni di direttrice artistica e drammaturga per il festival \u201c<strong>Teatro sull\u2019acqua<\/strong>\u201d. Unico esempio in Italia di produzioni teatrali sull\u2019acqua, in questa manifestazione i funambuli, in bilico su corde di acciaio, disegnano una nuova linea dell\u2019orizzonte che \u00e8 anche confine violabile tra realt\u00e0 e sogno, incredulit\u00e0 e magia. Le riflessioni che <strong>Dacia Maraini<\/strong> ha regalato alle telecamere di <strong><em>Retroscena<\/em><\/strong> restituiscono una testimonianza concreta di come il teatro possa rendere possibile l\u2019impossibile.<\/p>\n<p>Il viaggio continua poi alla volta della rinascimentale Firenze con visioni tra arte e tecnologia grazie a <strong>Giancarlo Cauteruccio<\/strong>, artista impareggiabile nella contaminazione fra l\u2019elemento artistico e la \u201ct\u00e9chne\u201d e pioniere nell\u2019uso creativo delle luci a teatro, che con lo spettacolo \u201cMuovere un cielo pieno di figure vive\u201d rende omaggio a Filippo Brunelleschi e alla sua sublime fusione artistica di cosmo-mondo e cosmesi-bellezza nell\u2019evocativa piazza della S.S. Annunziata. A due passi dalla cupola che ha reso famoso in tutto il mondo l\u2019architetto italiano, Cauteruccio costruisce un ponte fra passato e futuro realizzando un\u2019opera multimediale con performer, pattinatrici e angeli in volo.<\/p>\n<p>In conclusione, l\u2019esclusiva creazione artistica sulla sabbia della nostra \u2018sand artist\u2019 <strong>Gabriella Compagnone<\/strong>, e l\u2019immancabile appuntamento con la rubrica \u201c<strong>CheTeatroFa<\/strong>\u201d, la mappa degli appuntamenti e delle \u201ctemperature\u201d teatrali pi\u00f9 significative della nostra penisola in stile meteo.<\/p>\n<div class=\"rgg-container\" data-rgg-id=\"1\">    <div class=\"rgg-imagegrid captions-title captions-effect-none \" data-rgg-id=\"1\">\n                    <a href=\"https:\/\/www.tv2000.it\/retroscena\/wp-content\/uploads\/sites\/14\/2017\/12\/Cauteruccio-Firenze-1024x648.jpg\" data-rel=\"rgg\" rel=\"rgg\" title=\"\" class=\"rgg-disabled size-thumbnail rgg-img\" data-src=\"https:\/\/www.tv2000.it\/retroscena\/wp-content\/uploads\/sites\/14\/2017\/12\/Cauteruccio-Firenze-150x150.jpg\" data-ratio=\"1\" data-height=\"150\" data-width=\"150\" aria-label=\"\">\n                            <\/a>\n                    <a href=\"https:\/\/www.tv2000.it\/retroscena\/wp-content\/uploads\/sites\/14\/2017\/12\/dacia-maraini-1024x682.jpg\" data-rel=\"rgg\" rel=\"rgg\" title=\"\" class=\"rgg-disabled size-thumbnail rgg-img\" data-src=\"https:\/\/www.tv2000.it\/retroscena\/wp-content\/uploads\/sites\/14\/2017\/12\/dacia-maraini-150x150.jpg\" data-ratio=\"1\" data-height=\"150\" data-width=\"150\" aria-label=\"\">\n                            <\/a>\n                    <a href=\"https:\/\/www.tv2000.it\/retroscena\/wp-content\/uploads\/sites\/14\/2017\/12\/Giancarlo-Cauteruccio.jpg\" data-rel=\"rgg\" rel=\"rgg\" title=\"\" class=\"rgg-disabled size-thumbnail rgg-img\" data-src=\"https:\/\/www.tv2000.it\/retroscena\/wp-content\/uploads\/sites\/14\/2017\/12\/Giancarlo-Cauteruccio-150x150.jpg\" data-ratio=\"1\" data-height=\"150\" data-width=\"150\" aria-label=\"\">\n                            <\/a>\n            <\/div>\n<\/div>\n","protected":false},"excerpt":{"rendered":"Un appassionante viaggio sull\u2019acqua e nel cielo nella 9\u00aa puntata di Retroscena \u2013 I segreti del Teatro assieme a Dacia Maraini e a Giancarlo Cauteruccio. Dopo il mare, il deserto e la montagna il programma di Michele Sciancalepore in questo nuovo appuntamento arriva a sfiorare delicatamente le placide sponde del lago Maggiore per poi planare [&hellip;]","protected":false},"author":6,"featured_media":1861,"comment_status":"open","ping_status":"open","sticky":false,"template":"","format":"standard","meta":{"_acf_changed":false,"footnotes":""},"categories":[6],"tags":[],"class_list":["post-1859","post","type-post","status-publish","format-standard","has-post-thumbnail","hentry","category-prossimamente"],"acf":[],"aioseo_notices":[],"featured_image_url":"https:\/\/www.tv2000.it\/retroscena\/wp-content\/uploads\/sites\/14\/2017\/12\/TEATRO-SULLACQUA-1024x552.jpg","_links":{"self":[{"href":"https:\/\/www.tv2000.it\/retroscena\/wp-json\/wp\/v2\/posts\/1859","targetHints":{"allow":["GET"]}}],"collection":[{"href":"https:\/\/www.tv2000.it\/retroscena\/wp-json\/wp\/v2\/posts"}],"about":[{"href":"https:\/\/www.tv2000.it\/retroscena\/wp-json\/wp\/v2\/types\/post"}],"author":[{"embeddable":true,"href":"https:\/\/www.tv2000.it\/retroscena\/wp-json\/wp\/v2\/users\/6"}],"replies":[{"embeddable":true,"href":"https:\/\/www.tv2000.it\/retroscena\/wp-json\/wp\/v2\/comments?post=1859"}],"version-history":[{"count":2,"href":"https:\/\/www.tv2000.it\/retroscena\/wp-json\/wp\/v2\/posts\/1859\/revisions"}],"predecessor-version":[{"id":1868,"href":"https:\/\/www.tv2000.it\/retroscena\/wp-json\/wp\/v2\/posts\/1859\/revisions\/1868"}],"wp:featuredmedia":[{"embeddable":true,"href":"https:\/\/www.tv2000.it\/retroscena\/wp-json\/wp\/v2\/media\/1861"}],"wp:attachment":[{"href":"https:\/\/www.tv2000.it\/retroscena\/wp-json\/wp\/v2\/media?parent=1859"}],"wp:term":[{"taxonomy":"category","embeddable":true,"href":"https:\/\/www.tv2000.it\/retroscena\/wp-json\/wp\/v2\/categories?post=1859"},{"taxonomy":"post_tag","embeddable":true,"href":"https:\/\/www.tv2000.it\/retroscena\/wp-json\/wp\/v2\/tags?post=1859"}],"curies":[{"name":"wp","href":"https:\/\/api.w.org\/{rel}","templated":true}]}}