{"id":1898,"date":"2018-01-04T13:13:19","date_gmt":"2018-01-04T12:13:19","guid":{"rendered":"http:\/\/www.tv2000.it\/retroscena\/?p=1898"},"modified":"2018-01-04T13:18:52","modified_gmt":"2018-01-04T12:18:52","slug":"retroscena-un-parterre-di-grandi-nomi-il-9-e-10-gennaio-su-tv2000","status":"publish","type":"post","link":"https:\/\/www.tv2000.it\/retroscena\/2018\/01\/04\/retroscena-un-parterre-di-grandi-nomi-il-9-e-10-gennaio-su-tv2000\/","title":{"rendered":"Retroscena, un parterre di grandi nomi. Il 9 e 10 gennaio su Tv2000"},"content":{"rendered":"<p>Un parterre di grandi nomi nella tredicesima puntata di <strong><em>Retroscena<\/em><\/strong>: <strong>Umberto Orsini<\/strong>, <strong>Giuliana Lojodice<\/strong>, <strong>Massimo Popolizio<\/strong> e <strong>Giusy Versace<\/strong>! I protagonisti del programma di <strong>Michele Sciancalepore <\/strong>offrono, questa settimana, molteplici spunti per elevarsi, per informarsi, per nutrirsi, per crescere.<\/p>\n<div class=\"fluid-embed-container\"><iframe title=\"Retroscena, Marted\u00ec 9 e Mercoled\u00ec 10 gennaio, in seconda serata, su Tv2000\" width=\"640\" height=\"360\" src=\"https:\/\/www.youtube.com\/embed\/7MbhWVb01c4?feature=oembed\" frameborder=\"0\" allow=\"accelerometer; autoplay; clipboard-write; encrypted-media; gyroscope; picture-in-picture; web-share\" referrerpolicy=\"strict-origin-when-cross-origin\" allowfullscreen><\/iframe><\/div>\n<p><img decoding=\"async\" class=\" wp-image-1832 alignright\" src=\"https:\/\/www.tv2000.it\/retroscena\/wp-content\/uploads\/sites\/14\/2017\/11\/Giusy-Versace-Con-la-testa-e-con-il-cuore-si-va-ovunque.jpg\" alt=\"\" width=\"317\" height=\"211\" srcset=\"https:\/\/www.tv2000.it\/retroscena\/wp-content\/uploads\/sites\/14\/2017\/11\/Giusy-Versace-Con-la-testa-e-con-il-cuore-si-va-ovunque.jpg 960w, https:\/\/www.tv2000.it\/retroscena\/wp-content\/uploads\/sites\/14\/2017\/11\/Giusy-Versace-Con-la-testa-e-con-il-cuore-si-va-ovunque-300x199.jpg 300w, https:\/\/www.tv2000.it\/retroscena\/wp-content\/uploads\/sites\/14\/2017\/11\/Giusy-Versace-Con-la-testa-e-con-il-cuore-si-va-ovunque-768x510.jpg 768w, https:\/\/www.tv2000.it\/retroscena\/wp-content\/uploads\/sites\/14\/2017\/11\/Giusy-Versace-Con-la-testa-e-con-il-cuore-si-va-ovunque-41x27.jpg 41w, https:\/\/www.tv2000.it\/retroscena\/wp-content\/uploads\/sites\/14\/2017\/11\/Giusy-Versace-Con-la-testa-e-con-il-cuore-si-va-ovunque-280x186.jpg 280w, https:\/\/www.tv2000.it\/retroscena\/wp-content\/uploads\/sites\/14\/2017\/11\/Giusy-Versace-Con-la-testa-e-con-il-cuore-si-va-ovunque-650x432.jpg 650w\" sizes=\"(max-width: 317px) 100vw, 317px\" \/>Questo nuovo appuntamento si apre con una storia forte, da seguire tutta d\u2019un fiato e da assimilare in ogni parola. \u00c8 la storia di <strong>Giusy Versace<\/strong> che ha portato in scena con un coraggio senza pari la vicenda della sua vita. Una vita \u201cdivisa a met\u00e0 \u2013 come dice lei \u2013 c\u2019\u00e8 un prima e un dopo. Il confine \u00e8 un guard-rail che si strappa le mie gambette dal ginocchio in gi\u00f9, il 22 agosto del 2005\u201d. Dopo quel terribile incidente avvenuto a soli 28 anni, Giusy \u00e8 diventata un\u2019atleta paralimpica capace di bruciare nel 2016 i 100 metri in meno di quindici secondi con le protesi in carbonio, ballerina provetta in grado di vincere <em>Ballando con le stelle<\/em> nel 2014 e si \u00e8 lanciata dal campanile di piazza San Marco a Venezia! Come ha fatto? Lo racconta nel suo spettacolo \u201c<strong>Con la testa e con il cuore si va ovunque<\/strong>\u201d. Nell\u2019esclusiva e intensa intervista alle telecamere di <em>Retroscena<\/em> Giusy Versace regala innumerevoli motivi di riflessione, sorrisi, lacrime ma soprattutto infonde un incredibile entusiasmo per la vita facendo comprendere appieno quell\u2019invito di <strong>San<\/strong> <strong>Giovanni Paolo II<\/strong> che l\u2019atleta ha fatto assolutamente suo: \u201cPrendete la vostra vita e fatene un capolavoro\u201d.<\/p>\n<p>La seconda parte della puntata \u00e8 dedicata a tre colossi del teatro \u2013\u00a0 <strong>Umberto Orsini<\/strong>, <strong>Giuliana Lojodice<\/strong> e <strong>Massimo Popolizio <\/strong>\u2013 tutti e tre sullo stesso palco in \u201c<strong>Copenaghen<\/strong>\u201d, uno spettacolo che ricostruisce un incontro realmente avvenuto in cui si decisero le sorti della seconda guerra mondiale. Attraverso le parole dei tre grandi protagonisti di questo formidabile thriller scientifico-politico <strong><em>Retroscena<\/em><\/strong> racconta del primo devastante uso della bomba atomica e delle vicende storiche e umane intorno alle figure di Niels Bohr, celebre fisico teorico danese, e Werner Heisenberg suo allievo prediletto e autore per primo del Principio di Indeterminazione.<\/p>\n<p>In conclusione, come sempre, la nostra \u201csand artist\u201d <strong>Gabriella Compagnone <\/strong>con la sua creazione artistica sulla sabbia, e l\u2019immancabile appuntamento con la rubrica \u201c<strong>CheTeatroFa<\/strong>\u201d, la mappa degli appuntamenti e delle \u201ctemperature\u201d teatrali pi\u00f9 significative della nostra penisola in stile meteo.<\/p>\n<p>&nbsp;<\/p>\n<p><strong>Retroscena \u2013 i segreti del teatro, viaggi nelle {cre}azioni. Un programma di Michele Sciancalepore, in onda il marted\u00ec in seconda serata dopo il film e in replica il mercoled\u00ec dopo il Rosario della notte su TV2000, canale 140 SKY, canale 28 digitale terrestre, canale 18 di tiv\u00f9sat.<\/strong><\/p>\n","protected":false},"excerpt":{"rendered":"Un parterre di grandi nomi nella tredicesima puntata di Retroscena: Umberto Orsini, Giuliana Lojodice, Massimo Popolizio e Giusy Versace! I protagonisti del programma di Michele Sciancalepore offrono, questa settimana, molteplici spunti per elevarsi, per informarsi, per nutrirsi, per crescere. Questo nuovo appuntamento si apre con una storia forte, da seguire tutta d\u2019un fiato e da [&hellip;]","protected":false},"author":6,"featured_media":1899,"comment_status":"open","ping_status":"open","sticky":false,"template":"","format":"standard","meta":{"_acf_changed":false,"footnotes":""},"categories":[6],"tags":[],"class_list":["post-1898","post","type-post","status-publish","format-standard","has-post-thumbnail","hentry","category-prossimamente"],"acf":[],"aioseo_notices":[],"featured_image_url":"https:\/\/www.tv2000.it\/retroscena\/wp-content\/uploads\/sites\/14\/2018\/01\/Copenaghen-1024x576.jpg","_links":{"self":[{"href":"https:\/\/www.tv2000.it\/retroscena\/wp-json\/wp\/v2\/posts\/1898","targetHints":{"allow":["GET"]}}],"collection":[{"href":"https:\/\/www.tv2000.it\/retroscena\/wp-json\/wp\/v2\/posts"}],"about":[{"href":"https:\/\/www.tv2000.it\/retroscena\/wp-json\/wp\/v2\/types\/post"}],"author":[{"embeddable":true,"href":"https:\/\/www.tv2000.it\/retroscena\/wp-json\/wp\/v2\/users\/6"}],"replies":[{"embeddable":true,"href":"https:\/\/www.tv2000.it\/retroscena\/wp-json\/wp\/v2\/comments?post=1898"}],"version-history":[{"count":2,"href":"https:\/\/www.tv2000.it\/retroscena\/wp-json\/wp\/v2\/posts\/1898\/revisions"}],"predecessor-version":[{"id":1903,"href":"https:\/\/www.tv2000.it\/retroscena\/wp-json\/wp\/v2\/posts\/1898\/revisions\/1903"}],"wp:featuredmedia":[{"embeddable":true,"href":"https:\/\/www.tv2000.it\/retroscena\/wp-json\/wp\/v2\/media\/1899"}],"wp:attachment":[{"href":"https:\/\/www.tv2000.it\/retroscena\/wp-json\/wp\/v2\/media?parent=1898"}],"wp:term":[{"taxonomy":"category","embeddable":true,"href":"https:\/\/www.tv2000.it\/retroscena\/wp-json\/wp\/v2\/categories?post=1898"},{"taxonomy":"post_tag","embeddable":true,"href":"https:\/\/www.tv2000.it\/retroscena\/wp-json\/wp\/v2\/tags?post=1898"}],"curies":[{"name":"wp","href":"https:\/\/api.w.org\/{rel}","templated":true}]}}