{"id":2256,"date":"2018-05-31T13:40:25","date_gmt":"2018-05-31T11:40:25","guid":{"rendered":"http:\/\/www.tv2000.it\/retroscena\/?p=2256"},"modified":"2018-06-05T19:01:49","modified_gmt":"2018-06-05T17:01:49","slug":"nella-prossima-puntata-il-macbettu-di-alessandro-serra","status":"publish","type":"post","link":"https:\/\/www.tv2000.it\/retroscena\/2018\/05\/31\/nella-prossima-puntata-il-macbettu-di-alessandro-serra\/","title":{"rendered":"\u201cMacbettu\u201d di Alessandro Serra"},"content":{"rendered":"<p>\u00c8 dedicato al vincitore del Premio Ubu 2017 come migliore spettacolo l\u2019ultimo appuntamento della stagione 2017-18 di <em>Retroscena <\/em>in onda marted\u00ec 5 giugno su Tv2000. Si tratta del \u201cMacbettu\u201d di Alessandro Serra tratto dal \u201cMacbeth\u201d di William Shakespeare. Uno spettacolo di incredibile precisione formale e capacit\u00e0 visionaria, riscritto interamente in lingua sarda e interpretato da soli uomini come nella pi\u00f9 pura tradizione elisabettiana.<\/p>\n<p>&nbsp;<\/p>\n<p>Trasportate da una Scozia medievale all\u2019altrove di una Sardegna barbara e violenta le vicende del Barone di Glamis, \u201cMacbettu\u201d presenta uno spazio scenico vuoto, attraversato dai corpi e dalle azioni fisiche degli attori\/performer. Otto straordinari interpreti che disegnano luoghi ed evocano presenze insieme a una lingua, il sardo logudorese, che, ci racconta lo stesso Serra: \u00abNon limita la fruizione ma trasforma in canto ci\u00f2 che in italiano rischierebbe di scadere in letteratura\u00bb.<\/p>\n<p>Una composizione drammaturgica, quella del giovane regista, figlia dell\u2019antropologia teatrale. L\u2019idea del \u201cMacbettu\u201d nasce infatti nel febbraio 2006 nel corso di un reportage fotografico tra i carnevali della Sardegna ad opera dello stesso Serra. Ed \u00e8 proprio in questo spazio di reciproca contaminazione tra scena e vita che si colloca il \u201cMacbettu\u201d, per scivolare al di l\u00e0 di ogni rappresentazione semplicistica del dramma e arrivare cos\u00ec a qualcosa di pi\u00f9 essenziale: lo svelamento di un tragico archetipico oltre la singola vicenda del Macbeth.<\/p>\n<p>Nella seconda parte della puntata, invece, una cavalcata di rievocazioni e di emozioni della stagione 2017-18 con \u201cGocce di memoria\u201d: una selezione dei momenti pi\u00f9 simpatici, emozionanti e memorabili di tutte le esperienze, i viaggi e gli incontri fatti in questa stagione.<\/p>\n<p>In chiusura di puntata, poi, la consueta esclusiva creazione della <em>sand artist<\/em> Gabriella Compagnone, e la tradizionale rubrica \u201cCheTeatroFa\u201d, la mappa degli eventi e delle \u201ctemperature\u201d teatrali pi\u00f9 significative della nostra penisola in stile meteo.<\/p>\n<p><em>Retroscena<\/em> continuer\u00e0, infine, a essere presente nel palinsesto per tutta l\u2019estate con l\u2019appuntamento \u201cRetroscena Memory\u201d in onda ogni marted\u00ec in seconda serata per rivivere gli incontri e le esperienze pi\u00f9 significative vissute in questa stagione.<\/p>\n<p>&nbsp;<\/p>\n<p><strong>Retroscena \u2013 i segreti del teatro, viaggi nelle {cre}azioni. Un programma di Michele Sciancalepore, in onda il marted\u00ec in seconda serata dopo il film e in replica il mercoled\u00ec dopo il Rosario della notte\u00a0 su TV2000, canale 146 SKY, canale 28 digitale terrestre, canale 18 di tiv\u00f9sat.<\/strong><\/p>\n","protected":false},"excerpt":{"rendered":"\u00c8 dedicato al vincitore del Premio Ubu 2017 come migliore spettacolo l\u2019ultimo appuntamento della stagione 2017-18 di Retroscena in onda marted\u00ec 5 giugno su Tv2000. Si tratta del \u201cMacbettu\u201d di Alessandro Serra tratto dal \u201cMacbeth\u201d di William Shakespeare. Uno spettacolo di incredibile precisione formale e capacit\u00e0 visionaria, riscritto interamente in lingua sarda e interpretato da [&hellip;]","protected":false},"author":6,"featured_media":2258,"comment_status":"open","ping_status":"open","sticky":false,"template":"","format":"standard","meta":{"_acf_changed":false,"footnotes":""},"categories":[6],"tags":[],"class_list":["post-2256","post","type-post","status-publish","format-standard","has-post-thumbnail","hentry","category-prossimamente"],"acf":[],"aioseo_notices":[],"featured_image_url":"https:\/\/www.tv2000.it\/retroscena\/wp-content\/uploads\/sites\/14\/2018\/05\/SERRA-MACBETTU-1024x576.jpg","_links":{"self":[{"href":"https:\/\/www.tv2000.it\/retroscena\/wp-json\/wp\/v2\/posts\/2256","targetHints":{"allow":["GET"]}}],"collection":[{"href":"https:\/\/www.tv2000.it\/retroscena\/wp-json\/wp\/v2\/posts"}],"about":[{"href":"https:\/\/www.tv2000.it\/retroscena\/wp-json\/wp\/v2\/types\/post"}],"author":[{"embeddable":true,"href":"https:\/\/www.tv2000.it\/retroscena\/wp-json\/wp\/v2\/users\/6"}],"replies":[{"embeddable":true,"href":"https:\/\/www.tv2000.it\/retroscena\/wp-json\/wp\/v2\/comments?post=2256"}],"version-history":[{"count":3,"href":"https:\/\/www.tv2000.it\/retroscena\/wp-json\/wp\/v2\/posts\/2256\/revisions"}],"predecessor-version":[{"id":2295,"href":"https:\/\/www.tv2000.it\/retroscena\/wp-json\/wp\/v2\/posts\/2256\/revisions\/2295"}],"wp:featuredmedia":[{"embeddable":true,"href":"https:\/\/www.tv2000.it\/retroscena\/wp-json\/wp\/v2\/media\/2258"}],"wp:attachment":[{"href":"https:\/\/www.tv2000.it\/retroscena\/wp-json\/wp\/v2\/media?parent=2256"}],"wp:term":[{"taxonomy":"category","embeddable":true,"href":"https:\/\/www.tv2000.it\/retroscena\/wp-json\/wp\/v2\/categories?post=2256"},{"taxonomy":"post_tag","embeddable":true,"href":"https:\/\/www.tv2000.it\/retroscena\/wp-json\/wp\/v2\/tags?post=2256"}],"curies":[{"name":"wp","href":"https:\/\/api.w.org\/{rel}","templated":true}]}}