{"id":337,"date":"2015-04-30T19:35:28","date_gmt":"2015-04-30T17:35:28","guid":{"rendered":"http:\/\/www.tv2000.it\/retroscena\/?p=337"},"modified":"2015-04-30T19:35:28","modified_gmt":"2015-04-30T17:35:28","slug":"retroscena-del-5-9-e-11-maggio","status":"publish","type":"post","link":"https:\/\/www.tv2000.it\/retroscena\/2015\/04\/30\/retroscena-del-5-9-e-11-maggio\/","title":{"rendered":"Retroscena del 5, 9 e 11 maggio"},"content":{"rendered":"<p><img decoding=\"async\" class=\"aligncenter size-full wp-image-338\" src=\"http:\/\/www.tv2000.it\/retroscena\/wp-content\/uploads\/sites\/14\/2015\/04\/sieninews2.jpg\" alt=\"Virgilio Sieni \" width=\"640\" height=\"261\" srcset=\"https:\/\/www.tv2000.it\/retroscena\/wp-content\/uploads\/sites\/14\/2015\/04\/sieninews2.jpg 640w, https:\/\/www.tv2000.it\/retroscena\/wp-content\/uploads\/sites\/14\/2015\/04\/sieninews2-300x122.jpg 300w, https:\/\/www.tv2000.it\/retroscena\/wp-content\/uploads\/sites\/14\/2015\/04\/sieninews2-984x402.jpg 984w, https:\/\/www.tv2000.it\/retroscena\/wp-content\/uploads\/sites\/14\/2015\/04\/sieninews2-66x27.jpg 66w, https:\/\/www.tv2000.it\/retroscena\/wp-content\/uploads\/sites\/14\/2015\/04\/sieninews2-280x114.jpg 280w\" sizes=\"(max-width: 640px) 100vw, 640px\" \/><\/p>\n<p>L\u2019Europa \u00e8 una \u201ccasa dolce casa\u201d? Si pu\u00f2 definire l\u2019Unione Europea un \u201cfocolare domestico\u201d? Cosa resta dell\u2019auspicio di Gorbaciov nel 1998 che augurava all\u2019Europa di diventare familiare come una casa? E di quello di Benedetto XVI nel 2009 che invitava la UE a non negare la dimensione spirituale? O piuttosto la nostra Europa \u00e8 diventata un territorio da recintare? Siamo ancora in grado di fare comunit\u00e0? Sappiamo aprirci all\u2019abbraccio e all\u2019accoglienza? \u201cRetroscena\u201d, il programma di Michele Sciancalepore, non cercher\u00e0 di dare risposte a questi interrogativi perch\u00e9 il teatro \u00e8 il luogo deputato alle domande, ma condivider\u00e0 riflessioni e provocazioni attraverso <strong>Virgilio Sieni<\/strong> e lo spettacolo \u201c<strong>Sweet Home Europa<\/strong>\u201d. In onda marted\u00ec 05 maggio alle ore 23.30 su Tv2000 (in replica sabato 09 alle 14.15 e luned\u00ec 11 alle 23.20).<\/p>\n<p>Davide Carnevali, 34enne talentuoso, cervello milanese in fuga dall\u2019Italia, \u00e8 l\u2019autore di \u201cSweet Home Europa\u201d che &#8211; con la regia di Fabrizio Arcuri &#8211; ha debuttato al Teatro India di Roma. Ed \u00e8 stato un debutto coi \u201cbotti\u201d, nel vero senso della parola: fumo, repentine esplosioni e crolli cadenzano la narrazione scenica. \u00c8 un testo che indaga il problema dell\u2019integrazione: sulla possibilit\u00e0 e la capacit\u00e0 di accettare l\u2019estraneo, lo straniero in un\u2019Europa che tende a \u201crespingere\u201d. In questo vortice drammaturgico si fondono montaggio delle attrazioni, recitazione impeccabile, insieme con le sonorit\u00e0 evocative dei Marlene Kuntz. Un testo frammentato in 12 quadri &#8211; numerati attraverso video proiezioni \u2013 dove i singoli individui, parte di una pi\u00f9 grande \u201cunit\u00e0 madre\u201d \u2013 quella della famiglia, di un\u2019umanit\u00e0 intera \u2013 portano il peso delle generazioni precedenti e di quelle successive. Protagonisti \u201cun uomo e un altro uomo\u201d, anonimi personaggi in grado di impersonare tipi umani che ciclicamente si trovano nel ruolo di chi difende il recinto o di chi tenta di scavalcarlo. Tra di loro \u201cuna donna\u201d anche lei con molteplici maschere, ma comunque destinata a pi\u00f9 o meno dissimulate forme di discriminazione. Un viaggio nella complessit\u00e0 e nel costante ribaltamento di punti di vista, perch\u00e9 il problema non \u00e8 l\u2019espressione o &#8211; in senso pi\u00f9 lato &#8211; la comunicazione, ma gli uomini che la esercitano.<\/p>\n<p>Un progetto unico nella sua articolazione, quello di Virgilio Sieni che con il suo spettacolo \u201c<em>Cena Pasolini<\/em>\u201d \u2013 appuntamento finale del progetto \u201cNelle pieghe del corpo\u201d &#8211; realizzato nel\u00a0Palazzo del Podest\u00e0, a Bologna, coinvolge gruppi di persone di diverse et\u00e0 nella realizzazione di un ciclo di quadri coreografici che hanno come tema\u00a0\u201cl\u2019Ultima Cena\u201d. Il pubblico &#8211; anch\u2019esso in movimento lungo il perimetro della sala &#8211; si trova ad assistere a 5 ultime cene coreografate allo stesso tempo da 5 gruppi diversi.\u00a0 Uno spettacolo commissionato da Emilia Romagna Teatro Fondazione che vuole comunicare la possibilit\u00e0 di una visione non univoca, una riflessione su come ridare al pubblico la sua responsabilit\u00e0 di scelta indagando dentro s\u00e9 stessi per incontrare l\u2019altro. Inoltre, ad arricchire il progetto \u201cNelle pieghe del corpo\u201d, troviamo anche lo spettacolo \u201c<em>Abbracci<\/em>\u201d, dello stesso Sieni. Coppie di anziani si dedicano all\u2019abbraccio istruendoci sull\u2019origine del gesto. Emozionanti momenti di sguardo reciproco e di felice trasmissione di ci\u00f2 che \u00e8 depositato dentro il corpo, la memoria, il gesto, il modo di essere. Il programma ospitato a\u00a0DOM \u2013 La cupola del Pilastro di\u00a0Bologna,\u00a0esplora i confini di una forma di teatro fondata sulla pratica dell\u2019incontro.<\/p>\n<p><strong>Retroscena \u2013 I segreti del teatro, Viaggi nelle {cre}azioni. In onda ogni marted\u00ec alle 23.20 e in replica sabato alle 14.20 e il luned\u00ec seguente alle 23.20 su TV2000, canale 140 SKY, canale 28 digitale terrestre, canale 18 di tiv\u00f9sat<\/strong>.<\/p>\n","protected":false},"excerpt":{"rendered":"L\u2019Europa \u00e8 una \u201ccasa dolce casa\u201d? Si pu\u00f2 definire l\u2019Unione Europea un \u201cfocolare domestico\u201d? Cosa resta dell\u2019auspicio di Gorbaciov nel 1998 che augurava all\u2019Europa di diventare familiare come una casa? E di quello di Benedetto XVI nel 2009 che invitava la UE a non negare la dimensione spirituale? O piuttosto la nostra Europa \u00e8 diventata [&hellip;]","protected":false},"author":9,"featured_media":339,"comment_status":"open","ping_status":"open","sticky":false,"template":"","format":"standard","meta":{"_acf_changed":false,"footnotes":""},"categories":[6],"tags":[58,59,51],"class_list":["post-337","post","type-post","status-publish","format-standard","has-post-thumbnail","hentry","category-prossimamente","tag-davide-carnevali","tag-fabrizio-arcuri","tag-virgilio-sieni"],"acf":[],"aioseo_notices":[],"featured_image_url":"https:\/\/www.tv2000.it\/retroscena\/wp-content\/uploads\/sites\/14\/2015\/04\/sieninews.jpg","_links":{"self":[{"href":"https:\/\/www.tv2000.it\/retroscena\/wp-json\/wp\/v2\/posts\/337","targetHints":{"allow":["GET"]}}],"collection":[{"href":"https:\/\/www.tv2000.it\/retroscena\/wp-json\/wp\/v2\/posts"}],"about":[{"href":"https:\/\/www.tv2000.it\/retroscena\/wp-json\/wp\/v2\/types\/post"}],"author":[{"embeddable":true,"href":"https:\/\/www.tv2000.it\/retroscena\/wp-json\/wp\/v2\/users\/9"}],"replies":[{"embeddable":true,"href":"https:\/\/www.tv2000.it\/retroscena\/wp-json\/wp\/v2\/comments?post=337"}],"version-history":[{"count":1,"href":"https:\/\/www.tv2000.it\/retroscena\/wp-json\/wp\/v2\/posts\/337\/revisions"}],"predecessor-version":[{"id":340,"href":"https:\/\/www.tv2000.it\/retroscena\/wp-json\/wp\/v2\/posts\/337\/revisions\/340"}],"wp:featuredmedia":[{"embeddable":true,"href":"https:\/\/www.tv2000.it\/retroscena\/wp-json\/wp\/v2\/media\/339"}],"wp:attachment":[{"href":"https:\/\/www.tv2000.it\/retroscena\/wp-json\/wp\/v2\/media?parent=337"}],"wp:term":[{"taxonomy":"category","embeddable":true,"href":"https:\/\/www.tv2000.it\/retroscena\/wp-json\/wp\/v2\/categories?post=337"},{"taxonomy":"post_tag","embeddable":true,"href":"https:\/\/www.tv2000.it\/retroscena\/wp-json\/wp\/v2\/tags?post=337"}],"curies":[{"name":"wp","href":"https:\/\/api.w.org\/{rel}","templated":true}]}}